{"id":10807,"date":"2014-03-04T10:50:52","date_gmt":"2014-03-04T16:50:52","guid":{"rendered":"https:\/\/eloficiodehistoriar.com.mx\/?p=10807"},"modified":"2014-03-04T11:27:48","modified_gmt":"2014-03-04T17:27:48","slug":"nueve-dias-de-carnaval-en-veracruz","status":"publish","type":"post","link":"https:\/\/eloficiodehistoriar.com.mx\/?p=10807","title":{"rendered":"Nueve d\u00edas de carnaval en Veracruz"},"content":{"rendered":"<div>\n<p><span style=\"color: #000000;\">\u00d3scar D\u2019 Le\u00f3n y Tito Nieves lograron una noche inolvidable para los amantes de la salsa<\/span><\/p>\n<\/div>\n<div><span style=\"color: #000000;\">M\u00e1s de 25 mil personas cantaron con Los Tigres del Norte en el Carnaval de Veracruz<\/span><\/div>\n<div>\n<p><span style=\"color: #000000;\">Este mi\u00e9rcoles, Alejandro Sanz da el cerrojazo a los nueve d\u00edas de fiesta en el puerto<\/span><\/p>\n<\/div>\n<div id=\"article-text\">\n<div>\n<div>Luz Mar\u00eda Rivera<\/div>\n<div>Corresponsal<\/div>\n<div>La Jornada<\/div>\n<p>.<\/p>\n<p>Siete d\u00edas de fiesta continua vive esta ciudad marina que festeja 90 a\u00f1os de carnaval con conciertos masivos frente al mar, desfiles por el bulevar de m\u00e1s de cinco horas y bailes por todo el Centro Hist\u00f3rico, con su cuota de ri\u00f1as, heridos e intoxicados por la cerveza helada y gran variedad de bebidas de colores.<\/p>\n<p>El concierto de hoy en la macroplaza del malec\u00f3n estuvo a cargo de Sasha, Benny y \u00c9rick, quienes tuvieron como fondo el bell\u00edsimo castillo de San Juan de Ul\u00faa.<\/p>\n<p>El domingo, Los Tigres del Norte abarrotaron el espacio con m\u00e1s de 25 mil almas coreando\u00a0<em>Jefe de jefes, Tumba falsa, La banda del carro rojo<\/em>\u00a0y dem\u00e1s \u00e9xitos de esta agrupaci\u00f3n.<\/p>\n<p>Los oriundos de Sinaloa dieron un concierto que dur\u00f3 m\u00e1s de tres horas el domingo. Ante los medios locales se negaron a hablar sobre sus canciones o sus encargos para hacer\u00a0<q>corridos<\/q>, en cambio se dijeron agradecidos de haber sido invitados a Veracruz. El grupo recibi\u00f3 una ovaci\u00f3n cerrada cuando Jorge Hern\u00e1ndez se dirigi\u00f3 al<q>respetable<\/q>\u00a0y asegur\u00f3:\u00a0<q>Esta noche ustedes son los jefes de jefes, y cantaremos todas las que nos pidan&#8230;<\/q><\/p>\n<p>Antes que ellos, el s\u00e1bado, otro p\u00fablico, m\u00e1s jarocho y m\u00e1s veracruzano, m\u00e1s internacional tambi\u00e9n, abarrot\u00f3 en el primer masivo debido a la presencia de estrellas del g\u00e9nero musical aglutinadas en el concepto de Salsa Giants: la japonesa Nora, todo un fen\u00f3meno en el ambiente de la salsa.<\/p>\n<p>Despu\u00e9s subir\u00edan en sucesi\u00f3n al escenario, Eddie Santiago, Ismael Miranda, Charlie Zaa, Andy Monta\u00f1ez, Jos\u00e9 Alberto\u00a0<em>El canario<\/em>, Aymee Nubiola \u2013quien realiz\u00f3 un tributo a Celia Cruz y cant\u00f3\u00a0<em>La vida es un carnaval<\/em>, y Tito Nieves, quien encant\u00f3 a su p\u00fablico, pero puso a sudar a los marinos porque decidi\u00f3 bajarse del gigante escenario y cantar\u00a0<em>Fabricando fantas\u00edas,\u00a0<\/em>uno de sus \u00e9xitos arropado por la multitud. \u00d3scar D\u2019 Le\u00f3n, obligada referencia de este g\u00e9nero, y Tito Nieves imprimieron su estilo y lograron, cada uno y despu\u00e9s juntos en el escenario, una noche inolvidable para los amantes de esta m\u00fasica.<\/p>\n<\/div>\n<div>\n<div>\n<div><q>Lo que sucede en el carnaval, se queda en el carnaval<\/q>, de los lemas m\u00e1s escuchados por las calles de Veracruz estos d\u00edasFoto Luz Mar\u00eda Rivera<\/div>\n<\/div>\n<p>Ambiente callejero<\/p>\n<p>El carnaval culmina sus nueve d\u00edas de fiesta este mi\u00e9rcoles, con el\u00a0<q>entierro de Juan Carnaval<\/q>\u00a0y la presentaci\u00f3n de Alejandro Sanz, uno de los\u00a0<em>shows\u00a0<\/em>m\u00e1s esperados por el p\u00fablico. Este martes Chino y Nacho, exponentes del reguet\u00f3n con sabor y toque contestatario, se presentar\u00e1n ante la multitud de sus seguidores.<\/p>\n<p>Estos d\u00edas, el bulevar costero y las principales calles de Veracruz son zona franca para multitudes de chicos y chicas que abarrotan los m\u00f3dulos de marcas cerveceras que venden dos litros por 30 pesos, y con\u00a0<em>refill\u00a0<\/em>por 10 pesos,<em>\u00a0<\/em>pasada la medianoche.<\/p>\n<p>Gerardo Poo Ulibarri, presidente de la Cruz Roja delegaci\u00f3n Veracruz, admite que en estos d\u00edas de fiesta se incrementaron los choques de veh\u00edculos y el n\u00famero de ri\u00f1as:\u00a0<q>hubo mucho pleito entre j\u00f3venes por el alcohol. Tenemos 12 ambulancias en el desfile, m\u00e1s de 150 trabajadores desplegados sobre el bulevar, adem\u00e1s del personal de urgencias<\/q>, precis\u00f3 Poo Ulibarri, quien fue alcalde de esta ciudad en los a\u00f1os 80.<\/p>\n<p>Ahora su hijo, Ram\u00f3n Poo Gil, joven alcalde de la ciudad y para quien es su primer carnaval como autoridad municipal, dice sonriente y divertido que la fiesta ha sido\u00a0<q>lo de siempre<\/q>. Cuenta que el domingo Protecci\u00f3n Civil de Veracruz rescat\u00f3\u00a0<q>a 60 personas que despu\u00e9s del desfile decidieron meterse a la playa, incluso a cinco de ellos se les rescat\u00f3 dos veces&#8230;<\/q><\/p>\n<p>Otro de los eslogans no oficiales del carnaval jarocho instituido hace a\u00f1os por una compa\u00f1\u00eda cervecera es:\u00a0<q>Lo que sucede en el carnaval, se queda en el carnaval<\/q>.<\/p>\n<\/div>\n<\/div>\n","protected":false},"excerpt":{"rendered":"<p>\u00d3scar D\u2019 Le\u00f3n y Tito Nieves lograron una noche inolvidable para los amantes de la salsa M\u00e1s de 25 mil personas cantaron con Los Tigres del Norte en el Carnaval de Veracruz Este mi\u00e9rcoles, Alejandro Sanz da el cerrojazo a los nueve d\u00edas de fiesta en el puerto Luz Mar\u00eda Rivera Corresponsal La Jornada . [&hellip;]<\/p>\n","protected":false},"author":249,"featured_media":10811,"comment_status":"open","ping_status":"closed","sticky":false,"template":"","format":"standard","meta":{"footnotes":""},"categories":[1],"tags":[],"class_list":["post-10807","post","type-post","status-publish","format-standard","has-post-thumbnail","hentry","category-sin-categoria"],"_links":{"self":[{"href":"https:\/\/eloficiodehistoriar.com.mx\/index.php?rest_route=\/wp\/v2\/posts\/10807","targetHints":{"allow":["GET"]}}],"collection":[{"href":"https:\/\/eloficiodehistoriar.com.mx\/index.php?rest_route=\/wp\/v2\/posts"}],"about":[{"href":"https:\/\/eloficiodehistoriar.com.mx\/index.php?rest_route=\/wp\/v2\/types\/post"}],"author":[{"embeddable":true,"href":"https:\/\/eloficiodehistoriar.com.mx\/index.php?rest_route=\/wp\/v2\/users\/249"}],"replies":[{"embeddable":true,"href":"https:\/\/eloficiodehistoriar.com.mx\/index.php?rest_route=%2Fwp%2Fv2%2Fcomments&post=10807"}],"version-history":[{"count":3,"href":"https:\/\/eloficiodehistoriar.com.mx\/index.php?rest_route=\/wp\/v2\/posts\/10807\/revisions"}],"predecessor-version":[{"id":10812,"href":"https:\/\/eloficiodehistoriar.com.mx\/index.php?rest_route=\/wp\/v2\/posts\/10807\/revisions\/10812"}],"wp:featuredmedia":[{"embeddable":true,"href":"https:\/\/eloficiodehistoriar.com.mx\/index.php?rest_route=\/wp\/v2\/media\/10811"}],"wp:attachment":[{"href":"https:\/\/eloficiodehistoriar.com.mx\/index.php?rest_route=%2Fwp%2Fv2%2Fmedia&parent=10807"}],"wp:term":[{"taxonomy":"category","embeddable":true,"href":"https:\/\/eloficiodehistoriar.com.mx\/index.php?rest_route=%2Fwp%2Fv2%2Fcategories&post=10807"},{"taxonomy":"post_tag","embeddable":true,"href":"https:\/\/eloficiodehistoriar.com.mx\/index.php?rest_route=%2Fwp%2Fv2%2Ftags&post=10807"}],"curies":[{"name":"wp","href":"https:\/\/api.w.org\/{rel}","templated":true}]}}