{"id":10826,"date":"2014-03-05T08:53:58","date_gmt":"2014-03-05T14:53:58","guid":{"rendered":"https:\/\/eloficiodehistoriar.com.mx\/?p=10826"},"modified":"2014-03-05T08:53:58","modified_gmt":"2014-03-05T14:53:58","slug":"tocar-con-mi-stradivarius-es-placer-y-libertad-viktoria-mullova","status":"publish","type":"post","link":"https:\/\/eloficiodehistoriar.com.mx\/?p=10826","title":{"rendered":"Tocar con mi Stradivarius es placer y libertad: Viktoria Mullova"},"content":{"rendered":"<div>\n<p><span style=\"color: #000000;\">Ver a Abbado dirigir y hacer m\u00fasica es inspirador, dice en entrevista con\u00a0<em>La Jornada<\/em><\/span><\/p>\n<\/div>\n<div><span style=\"color: #000000;\">Tocar con mi Stradivarius es placer y libertad: Viktoria Mullova<\/span><\/div>\n<div>\n<p><span style=\"color: #000000;\">Buscar la perfecci\u00f3n cuanto sea posible est\u00e1 en mi sangre, expresa la violinista rusa<\/span><\/p>\n<p><span style=\"color: #000000;\">Este fin de semana interpretar\u00e1 a Shostakovich con la Sinf\u00f3nica Nacional en el Palacio de Bellas Artes<\/span><\/p>\n<\/div>\n<div id=\"article-text\">\n<div>\n<div><span style=\"color: #000000;\">Alondra Flores<\/span><\/div>\n<div><\/div>\n<div>La Jornada<\/p>\n<\/div>\n<p>Miedo es lo que a\u00fan provoca a Viktoria Mullova (Mosc\u00fa, 1959) interpretar un concierto de Brahms o Shostakovich al lado de una gran orquesta.<\/p>\n<p>Hacer frotar el arco de su viol\u00edn Stradivarius al hombro, a pesar de que son casi 50 a\u00f1os de experiencia y de continuas faenas sobre el escenario, ya sea en Londres, Lucerna o Frankfurt.<\/p>\n<p>Este fin de semana ser\u00e1 en el Palacio de Bellas Artes.\u00a0<q>Est\u00e1 en mi sangre. Toda mi vida he practicado para ser tan perfecta como sea posible. Especialmente al crecer en la Uni\u00f3n Sovi\u00e9tica, donde si no eres perfecto, entonces no tienes una carrera<\/q>, se\u00f1ala en entrevista con\u00a0<em>La Jornada<\/em>\u00a0una de las m\u00e1s reconocidas solistas en el mundo.<\/p>\n<p>Un Stradivarius dej\u00f3 abandonado en un hotel, cuando en 1983 huy\u00f3 de la vigilancia de la KGB durante una gira en Finlandia, para esconderse por varios d\u00edas y solicitar asilo en la embajada de Estados Unidos en Suecia.\u00a0<q>No era m\u00edo, me lo dio el gobierno. Tuve que dejarlo atr\u00e1s porque no era m\u00edo<\/q>, recuerda sobre el instrumento. En esos d\u00edas, conoci\u00f3 el miedo y el temor de la persecuci\u00f3n.<\/p>\n<p>Por eso comprende la m\u00fasica de su compatriota Dimitri Shostakovich (1906-1975), de quien tocar\u00e1\u00a0<q>una pieza muy poderosa, escrita antes de la Segunda Guerra Mundial<\/q>.<\/p>\n<p>El viernes y el domingo interpretar\u00e1 el<em>Concierto para viol\u00edn n\u00famero 1\u00a0<\/em>junto a la Orquesta Sinf\u00f3nica Nacional, bajo la direcci\u00f3n de Carlos Miguel Prieto.<\/p>\n<p>Crecer en la Uni\u00f3n Sovi\u00e9tica<\/p>\n<p>\u201cComprendo la m\u00fasica de Shostakovich muy bien \u2013dice Mullova\u2013, porque crec\u00ed en la Uni\u00f3n Sovi\u00e9tica. La abandon\u00e9 luego, pero s\u00e9 c\u00f3mo era la vida ah\u00ed, donde se pretend\u00eda que todo estaba bien y hab\u00eda que ser alegre, no se ten\u00eda permitido decir nuestra opini\u00f3n. \u00c9ramos infelices, pero no lo pod\u00edamos admitir\u201d, relata. Ahora, agreg\u00f3 despu\u00e9s, la situaci\u00f3n es terror\u00edfica en Rusia y Ucrania, de donde tiene sangre, como lo demostr\u00f3 con su disco\u00a0<em>Peasant girl<\/em>(<em>Chica campesina<\/em>).<\/p>\n<p>En el caso de Shostakovich, quien vivi\u00f3 bajo el r\u00e9gimen de Stalin y estren\u00f3 este concierto s\u00f3lo despu\u00e9s de la muerte del dictador sovi\u00e9tico,\u00a0<q>ten\u00eda su propia voz y tuvo que ajustar su m\u00fasica. Este concierto es muy festivo en algunas partes, pero en su interior est\u00e1 escondido el dolor. Tiene mucho de sarcasmo. Hay muchas emociones fuertes porque detr\u00e1s de lo alegre de los movimientos hay mucha tristeza y oscuridad<\/q>.<\/p>\n<p>La violinista captur\u00f3 la atenci\u00f3n internacional cuando en 1980 gan\u00f3 el primer premio del Sibelius Competition en Helsinki, Finlandia, y dos a\u00f1os m\u00e1s tarde el galard\u00f3n con el nombre de Chaikovski. Tras su salida de la Uni\u00f3n Sovi\u00e9tica, donde estudi\u00f3 en el Conservatorio de Mosc\u00fa, construy\u00f3 una carrera con un repertorio que abarca desde el barroco y lo cl\u00e1sico, hasta fusiones experimentales de la m\u00fasica contempor\u00e1nea. Parecer\u00eda que la letra B ha marcado sus m\u00e1s recientes giras, en las que ha interpretado con m\u00e1s frecuencia a Beethoven, Brahms y Bach, a quien grab\u00f3 en su m\u00e1s reciente \u00e1lbum.<\/p>\n<\/div>\n<div>\n<div><img decoding=\"async\" title=\"\" alt=\"Foto\" src=\"http:\/\/www.jornada.unam.mx\/2014\/03\/05\/fotos\/a03n1cul-1_mini.jpg\" \/><\/p>\n<div>Comprendo la m\u00fasica de Shostakovich muy bien, porque en la Uni\u00f3n Sovi\u00e9tica \u00e9ramos infelices, pero no lo pod\u00edamos admitir, indica Viktoria Mullova a\u00a0<em>La Jornada,\u00a0<\/em>captada ayer en el Palacio de Bellas ArtesFoto Cortes\u00eda del INBA<\/div>\n<\/div>\n<p>Un cap\u00edtulo fundamental en su vida lo ocupa Claudio Abbado, fallecido el pasado 20 de enero. Con el maestro italiano, Mullova no s\u00f3lo comparti\u00f3 la m\u00fasica, sino que vivieron juntos cinco a\u00f1os y procrearon un hijo: Misha Mullov-Abbado. Ya cada uno con vidas independientes, narra la violinista:<q>Cuando muri\u00f3 est\u00e1bamos con \u00e9l. Fue muy doloroso verlo morir<\/q>, recuerda, no sin cambiar de inmediato el tono de voz.<\/p>\n<p>Entre las penumbras de butacas vac\u00edas en una sala del Palacio de Bellas Artes, relata que durante los meses recientes, mientras Abbado luchaba contra el c\u00e1ncer,\u00a0<q>comenc\u00e9 a pensar tantas cosas. Mi vida con \u00e9l, su m\u00fasica y parece que los \u00faltimos a\u00f1os olvid\u00e9 lo grande que fue, sorprendente. Con sus grabaciones y la documentaci\u00f3n sobre \u00e9l, pude ver una vez m\u00e1s la forma en que dirigi\u00f3 e hizo m\u00fasica. Fue tan extraordinario, nunca experiment\u00e9 nada como eso antes en mi vida. S\u00f3lo verlo dirigir y hacer m\u00fasica es inspirador<\/q>.<\/p>\n<p>Misha, su hijo, es un m\u00fasico quien continu\u00f3 la l\u00ednea profesional, porque de los cuatro hijos de Abaddo es el \u00fanico que toca un instrumento y compone. Sentado sobre la cama, al lado de su padre, escribi\u00f3 una pieza. Luego la interpret\u00f3 en el funeral. Para Viktoria fue muy especial, una hermosa pieza de m\u00fasica, un momento de orgullo y tristeza al mismo tiempo,\u00a0<q>la p\u00e9rdida del amor<\/q>.<\/p>\n<p>Ahora\u00a0<em>Stradivarius in Rio<\/em>\u00a0es el material que har\u00e1 p\u00fablico, en abril.\u00a0<q>Es un disco muy emocionante. Es la m\u00fasica que comenc\u00e9 a tocar hace algunos a\u00f1os<\/q>, adem\u00e1s de que es su primer proyecto propio, ya no al lado de su actual esposo Matthew Barley. Un d\u00eda s\u00f3lo tom\u00f3 su viol\u00edn, de nombre\u00a0<em>Jules Falk<\/em>, de 1723.<q>Este s\u00ed es m\u00edo<\/q>, aclara.<\/p>\n<p>Un d\u00eda comenz\u00f3 a tocar con sus amigos canciones tradicionales en Brasil. As\u00ed surgi\u00f3 este proyecto con mucho de improvisaci\u00f3n y gozo, que se grab\u00f3 tan s\u00f3lo en dos noches.\u00a0<q>Estoy tan feliz de tocar esta m\u00fasica, amo escucharla y haberla grabado con colegas en Brasil en agosto pasado. Y es totalmente m\u00edo, yo organic\u00e9, produje, junt\u00e9 a los m\u00fasicos, agend\u00e9 el estudio, dirig\u00ed la edici\u00f3n y la mezcla en los estudios Abbey Road<\/q>, expone.<\/p>\n<p><q>S\u00f3lo amo de todo<\/q>, por eso escucha todo tipo de m\u00fasica con sus aud\u00edfonos cuando viaja. \u201cNo toda la m\u00fasica es buena. Pero tengo una buena colecci\u00f3n, miles de canciones, muchas brindadas por mis amigos. Algunas veces toco la guitarra de mis amigos, hacemos sesiones de improvisaci\u00f3n. Es como las ideas comienzan, en particular con<em>Stradivarius in Rio<\/em>.<\/p>\n<p><q>T\u00e9cnicamente no es tan complicado como cuando toco un concierto de Brahms o Shostakovich. Es dif\u00edcil, pero en otra forma. Cuando estoy en el escenario con las canciones brasile\u00f1as no tengo ning\u00fan miedo, lo cual es sorprendente. As\u00ed fue, llev\u00e9 mi Stradivarius y puro gozo. S\u00f3lo voy, toco, es completamente placer y libertad<\/q>.<\/p>\n<\/div>\n<\/div>\n<div>\n<div><a id=\"page_link_next\" href=\"http:\/\/www.jornada.unam.mx\/2014\/03\/05\/cultura\/a04n1cul\">Siguiente<\/a><\/div>\n<div><a href=\"http:\/\/www.jornada.unam.mx\/2014\/03\/05\/cultura\/a03n1cul#texto\">Subir al inicio del texto<\/a><\/div>\n<\/div>\n<div>\n<div>A\u00f1adir un comentario<\/div>\n<p>&nbsp;<\/p>\n<div id=\"maincomment\"><\/div>\n<div id=\"renderComments\"><\/div>\n<\/div>\n","protected":false},"excerpt":{"rendered":"<p>Ver a Abbado dirigir y hacer m\u00fasica es inspirador, dice en entrevista con\u00a0La Jornada Tocar con mi Stradivarius es placer y libertad: Viktoria Mullova Buscar la perfecci\u00f3n cuanto sea posible est\u00e1 en mi sangre, expresa la violinista rusa Este fin de semana interpretar\u00e1 a Shostakovich con la Sinf\u00f3nica Nacional en el Palacio de Bellas Artes [&hellip;]<\/p>\n","protected":false},"author":249,"featured_media":10840,"comment_status":"open","ping_status":"closed","sticky":false,"template":"","format":"standard","meta":{"footnotes":""},"categories":[26],"tags":[],"class_list":["post-10826","post","type-post","status-publish","format-standard","has-post-thumbnail","hentry","category-mundo"],"_links":{"self":[{"href":"https:\/\/eloficiodehistoriar.com.mx\/index.php?rest_route=\/wp\/v2\/posts\/10826","targetHints":{"allow":["GET"]}}],"collection":[{"href":"https:\/\/eloficiodehistoriar.com.mx\/index.php?rest_route=\/wp\/v2\/posts"}],"about":[{"href":"https:\/\/eloficiodehistoriar.com.mx\/index.php?rest_route=\/wp\/v2\/types\/post"}],"author":[{"embeddable":true,"href":"https:\/\/eloficiodehistoriar.com.mx\/index.php?rest_route=\/wp\/v2\/users\/249"}],"replies":[{"embeddable":true,"href":"https:\/\/eloficiodehistoriar.com.mx\/index.php?rest_route=%2Fwp%2Fv2%2Fcomments&post=10826"}],"version-history":[{"count":1,"href":"https:\/\/eloficiodehistoriar.com.mx\/index.php?rest_route=\/wp\/v2\/posts\/10826\/revisions"}],"predecessor-version":[{"id":10827,"href":"https:\/\/eloficiodehistoriar.com.mx\/index.php?rest_route=\/wp\/v2\/posts\/10826\/revisions\/10827"}],"wp:featuredmedia":[{"embeddable":true,"href":"https:\/\/eloficiodehistoriar.com.mx\/index.php?rest_route=\/wp\/v2\/media\/10840"}],"wp:attachment":[{"href":"https:\/\/eloficiodehistoriar.com.mx\/index.php?rest_route=%2Fwp%2Fv2%2Fmedia&parent=10826"}],"wp:term":[{"taxonomy":"category","embeddable":true,"href":"https:\/\/eloficiodehistoriar.com.mx\/index.php?rest_route=%2Fwp%2Fv2%2Fcategories&post=10826"},{"taxonomy":"post_tag","embeddable":true,"href":"https:\/\/eloficiodehistoriar.com.mx\/index.php?rest_route=%2Fwp%2Fv2%2Ftags&post=10826"}],"curies":[{"name":"wp","href":"https:\/\/api.w.org\/{rel}","templated":true}]}}