{"id":10965,"date":"2014-03-27T12:00:59","date_gmt":"2014-03-27T18:00:59","guid":{"rendered":"https:\/\/eloficiodehistoriar.com.mx\/?p=10965"},"modified":"2014-03-27T12:00:59","modified_gmt":"2014-03-27T18:00:59","slug":"rock-tzotzil-en-vive-latino","status":"publish","type":"post","link":"https:\/\/eloficiodehistoriar.com.mx\/?p=10965","title":{"rendered":"Rock tzotzil en Vive Latino"},"content":{"rendered":"<p><span style=\"color: #000000;\">Rock Tzotzil en Vive Latino<\/span><\/p>\n<p>&nbsp;<\/p>\n<p><span style=\"color: #000000;\">Por siglos, los mexicanos han o\u00eddo y cantado, en su mayor\u00eda, m\u00fasicas extranjeras, desde\u00f1ando la propia, por lo que ya es hora de cambiar eso, con nuestras voces, con el rock cantado en tzotzil o en tzeltal, que es lo que ofreceremos en el Festival Vive Latino\u201d, expres\u00f3 en entrevista Dami\u00e1n Mart\u00ednez, voz y guitarra del grupo Sak Tzevul (Rel\u00e1mpago, en tzotzil).<\/span><\/p>\n<p><span style=\"color: #000000;\">\u00a0<\/span><\/p>\n<p>Acompa\u00f1\u00f3 al m\u00fasico chiapaneco el coordinador de Desarrollo Intercultural de la Direcci\u00f3n General de Culturas Populares (DGCP) del Consejo Nacional para la Cultura y las Artes (Conaculta), Juan Gregorio Regino, quien dijo que ser\u00e1 la primera vez que la DGCP participe en la fiesta para chavos de alma.<\/p>\n<p>\u201cPara nosotros ser\u00e1 tener una plataforma unitaria para que los grupos de las comunidades ind\u00edgenas muestren su trabajo musical, sus sonidos ind\u00edgenas contempor\u00e1neos.<\/p>\n<p>As\u00ed, estamos apoyando la iniciativa de los propios m\u00fasicos para que se presenten en otros espacios y ante otros p\u00fablicos. Esto rompe inclusive las fronteras institucionales y acad\u00e9micas.<\/p>\n<p>Los m\u00fasicos ind\u00edgenas est\u00e1n saliendo de sus comunidades, lo cual es totalmente nuevo, y est\u00e1n incursionando en el mercado, con todo lo que eso significa, y reconocemos su decisi\u00f3n autogestiva y su m\u00fasica original.<\/p>\n<p>El Vive es un buen espacio para la difusi\u00f3n.<\/p>\n<p>Las bandas que tocar\u00e1n en el Foro Ra\u00edz. son de Chiapas, Oaxaca, Guerrero y Quintana Roo; m\u00e1s de 50 m\u00fasicos\u201d.<\/p>\n<p>&nbsp;<\/p>\n<p>Mart\u00ednez, de Rel\u00e1mpago, dijo que su grupo lo integr\u00f3 en 1996, por lo que es uno de los iniciadores del movimiento. \u201cEn esos d\u00edas nuestras apariciones generaron controversia.<\/p>\n<p>De hecho, si no hubi\u00e9ramos tenido voluntad de ganarnos la vida tocando hubi\u00e9ramos claudicado. Les sorprendi\u00f3 que el nuevo canto fuera en tzotzil, \u00a1y m\u00e1s siendo rock!, que muchas veces es satanizado. Una vez nos aventuramos a tocar en una fiesta patronal y nos confrontamos con el programa oficial de las autoridades.<\/p>\n<p>&nbsp;<\/p>\n<p>\u201cHubo gente que se emocion\u00f3 y estuvo a favor. A la fecha le seguimos machacando. En noviembre del a\u00f1o pasado estuvimos en el festival nacional De tradici\u00f3n y nuevas rolas, en Zinacant\u00e1n. Ah\u00ed asistieron las autoridades tradicionales, del ayuntamiento. Dieron el visto bueno en la inauguraci\u00f3n. El pueblo vio la posibilidad de o\u00edr su lengua en otra m\u00fasica. Ahora hay grupos en Zinacant\u00e1n, en San Juan Chamula, en otros lados&#8230; Chiapas es el estado que tiene m\u00e1s grupos de rock en lengua ind\u00edgena. Ya tenemos la aceptaci\u00f3n total. Yo espero que el Vive sea un espacio donde se haga costumbre que estemos\u201d.<\/p>\n<p>&nbsp;<\/p>\n<p>Su apariencia no es de rockero, de acuerdo con el clich\u00e9. No anda matudo, ni barb\u00f3n, ni trae estoperoles en una chamarra de cuero. Pelillos a la mar. \u201cS\u00ed tuve el pelo largo e intent\u00e9 hacerme perforaciones, pero al final me d\u00ed cuenta de que yo no ten\u00eda que ser como el estereotipo del rockero y traer el pantal\u00f3n roto.<\/p>\n<p>Eso ya pas\u00f3 y me dije que yo deb\u00eda ser yo mismo y respetar mi cuerpo, que es mi templo. No lo puedo da\u00f1ar, adem\u00e1s de que no siento la necesidad de tener un tatuaje.<\/p>\n<p>Para m\u00ed eso no es el rock, sino la actitud, que puedes asumir como quieras. Esa no es mi costumbre. No soy africano para traer perforaciones, por ejemplo. Yo soy esto, mi ropa de tzotzil, y no otra cosa.<\/p>\n<p>No quiero ser una cosa que no soy.<\/p>\n<p>Tocamos para nuestra gente y nuestro disco lleva la numeraci\u00f3n maya, los t\u00edtulos de las canciones est\u00e1n en tzotzil, que es un idioma al que para hacer rock le busco las cadencias naturales. En espa\u00f1ol, algunos grupos fuerzan la pronunciaci\u00f3n y en lugar de decir coraz\u00f3n mencionan cor\u00e1zon, grave.<\/p>\n<p>Esas son deformidades que a cualquier lengua por incrustarla en un ritmo le puedes hacer. Yo trato de conservar el acento natural el tzotzil, que radica en los tresillos; por eso el son pega tanto, porque est\u00e1 en el tresillo.<\/p>\n<p>Muchas palabras tienen la s\u00edlaba t\u00f3nica aguda. Para el rock lo m\u00e1s semejante al tresillo ser\u00eda el blues, pero aqu\u00ed lo meto como un son. Hemos avanzado y los discos recientes no suenan como los primeros, que grabamos inclusive al aire, con un micr\u00f3fono\u201d.<\/p>\n<p>&nbsp;<\/p>\n<p>Conf\u00eda en irrumpir en el Vive Latino:<\/p>\n<p>\u201cYo siento que a este festival le hace falta sangre nueva, verdadera, de nuestra propia tierra. Hemos estado repitiendo una lengua durante 500 a\u00f1os, imitando una cultura que no es la nuestra, imitando el rock de otros lugares, el rock anglosaj\u00f3n, pero ahora tenemos la oportunidad de abrir este espacio, al que no queremos entrar por la puerta trasera, sino de frente, gan\u00e1ndonos un derecho, por la puerta grande. Somos la sangre que va a alimentar al nuevo rock mexicano\u201d.<\/p>\n<p>&nbsp;<\/p>\n<p>Las bandas se presentar\u00e1n en el Foro Ra\u00edces, los d\u00edas 27 y 29 de marzo, cantando en maya, tzotzil, mixteco, tlapaneco y zapoteco, entre otras, que mezclan el rock, reggae, surf, blues, rap y hip hop con sus tradiciones musicales.<\/p>\n<p>&nbsp;<\/p>\n<p>El jueves 27, Hektal abrir\u00e1 la primera ronda De tradici\u00f3n y nuevas rolas; seguir\u00e1n El Rapero de Tlapa, Yibel tik Banamil (rock tzotzil), de San Juan Chamula, Chiapas, y Noesis (rock mixteco), de Huajuapan de Le\u00f3n, Oaxaca.<\/p>\n<p>&nbsp;<\/p>\n<p>El s\u00e1bado 29 estar\u00e1n Tlalok Guerrero, Pat Boy, Lumaltok, Soma Skander, Xaamxuxp y Sakt Zevul.<\/p>\n","protected":false},"excerpt":{"rendered":"<p>Rock Tzotzil en Vive Latino &nbsp; Por siglos, los mexicanos han o\u00eddo y cantado, en su mayor\u00eda, m\u00fasicas extranjeras, desde\u00f1ando la propia, por lo que ya es hora de cambiar eso, con nuestras voces, con el rock cantado en tzotzil o en tzeltal, que es lo que ofreceremos en el Festival Vive Latino\u201d, expres\u00f3 en [&hellip;]<\/p>\n","protected":false},"author":249,"featured_media":10969,"comment_status":"open","ping_status":"closed","sticky":false,"template":"","format":"standard","meta":{"footnotes":""},"categories":[1],"tags":[],"class_list":["post-10965","post","type-post","status-publish","format-standard","has-post-thumbnail","hentry","category-sin-categoria"],"_links":{"self":[{"href":"https:\/\/eloficiodehistoriar.com.mx\/index.php?rest_route=\/wp\/v2\/posts\/10965","targetHints":{"allow":["GET"]}}],"collection":[{"href":"https:\/\/eloficiodehistoriar.com.mx\/index.php?rest_route=\/wp\/v2\/posts"}],"about":[{"href":"https:\/\/eloficiodehistoriar.com.mx\/index.php?rest_route=\/wp\/v2\/types\/post"}],"author":[{"embeddable":true,"href":"https:\/\/eloficiodehistoriar.com.mx\/index.php?rest_route=\/wp\/v2\/users\/249"}],"replies":[{"embeddable":true,"href":"https:\/\/eloficiodehistoriar.com.mx\/index.php?rest_route=%2Fwp%2Fv2%2Fcomments&post=10965"}],"version-history":[{"count":1,"href":"https:\/\/eloficiodehistoriar.com.mx\/index.php?rest_route=\/wp\/v2\/posts\/10965\/revisions"}],"predecessor-version":[{"id":10966,"href":"https:\/\/eloficiodehistoriar.com.mx\/index.php?rest_route=\/wp\/v2\/posts\/10965\/revisions\/10966"}],"wp:featuredmedia":[{"embeddable":true,"href":"https:\/\/eloficiodehistoriar.com.mx\/index.php?rest_route=\/wp\/v2\/media\/10969"}],"wp:attachment":[{"href":"https:\/\/eloficiodehistoriar.com.mx\/index.php?rest_route=%2Fwp%2Fv2%2Fmedia&parent=10965"}],"wp:term":[{"taxonomy":"category","embeddable":true,"href":"https:\/\/eloficiodehistoriar.com.mx\/index.php?rest_route=%2Fwp%2Fv2%2Fcategories&post=10965"},{"taxonomy":"post_tag","embeddable":true,"href":"https:\/\/eloficiodehistoriar.com.mx\/index.php?rest_route=%2Fwp%2Fv2%2Ftags&post=10965"}],"curies":[{"name":"wp","href":"https:\/\/api.w.org\/{rel}","templated":true}]}}