{"id":10967,"date":"2014-03-27T12:04:55","date_gmt":"2014-03-27T18:04:55","guid":{"rendered":"https:\/\/eloficiodehistoriar.com.mx\/?p=10967"},"modified":"2014-03-27T16:20:46","modified_gmt":"2014-03-27T22:20:46","slug":"una-mexicana-internacional-la-negra-graciana","status":"publish","type":"post","link":"https:\/\/eloficiodehistoriar.com.mx\/?p=10967","title":{"rendered":"Una mexicana internacional \u00abLa Negra Graciana\u00bb"},"content":{"rendered":"<p><span style=\"color: #000000;\">La Negra Graciana (1939-2013)<\/span><\/p>\n<p><span style=\"color: #000000;\">La emblem\u00e1tica cantante, arpista y decimista del puerto de Veracruz<\/span><\/p>\n<p><span style=\"color: #000000;\">Una mexicana\u00a0int\u00e9rprete de sones jarochos\u00a0<\/span><\/p>\n<p><span style=\"color: #000000;\">\u00ab<i>Yo s\u00f3lo puedo hacerlo de la manera que me ense\u00f1aron; feo o bonito, es mi forma de tocar. Mis esperanzas y entusiasmo siempre han salido del arpa. Simplemente, me viene del coraz\u00f3n.<\/i>\u00ab<\/span><\/p>\n<p><span style=\"color: #000000;\">Grab\u00f3 dos discos e hizo una gira por Europa<\/span><\/p>\n<p><span style=\"color: #000000;\">Su verdadera vida fue tocar en Los Portales<\/span><\/p>\n<p><span style=\"color: #000000;\">Unica mujer arpista que por a\u00f1os fue emblema del son jarocho tradicional, a la que se le ve\u00eda llegar a Los Portales cargando su arpa en una mano mientras en la otra llevaba el paliacate jaroch\u00edsimo y rojo, para enjugar el sudor que ba\u00f1aba su rostro y cuello cuando cantaba, tocaba, improvisaba y re\u00eda.<\/span><\/p>\n<p>Proveniente de una familia de m\u00fasicos, desde muy peque\u00f1a Graciana tuvo contacto con la m\u00fasica veracruzana.<\/p>\n<p>En 1994 grab\u00f3 con el sello Corason, de Eduardo Llerena y Mary Farquharson, el disco La Negra Graciana, sones jarochos con el Tr\u00edo Silva, en el que la acompa\u00f1aron su hermano Pino Silva, Zeferino Romero, en el requinto, y su cu\u00f1ada Helena Huerta, tambi\u00e9n arpista.<\/p>\n<p>Gracias a ese disco, el primero para el mundo comercial discogr\u00e1fico, viaj\u00f3 a Europa.<\/p>\n<p>La arpista se maravill\u00f3 con el teatro Ville de Par\u00eds, en el Harbour Centre de Toronto y el Barbican de Londres. En su gira por Europa se grab\u00f3 el \u00e1lbum La Negra Graciana en vivo desde el Theatre de la Ville, comercializado en 1999.<\/p>\n<p>A su regreso a M\u00e9xico, la arpista volvi\u00f3 a llevar su m\u00fasica a Los Portales del puerto de Veracruz.<\/p>\n<p>Me hace falta un arpa nueva&#8230;, sol\u00eda decir, cuando el instrumento a\u00fan costaba 6 mil pesos.<\/p>\n<p>Su padre era jaranero\u00a0, su madre cantaba e improvisaba versos, su hermano Pino Silva\u00a0\u00a0toca la jarana, el viol\u00edn y canta, form\u00f3 parte de su grupo de m\u00fasicos y algunos de sus t\u00edos son arpistas tambi\u00e9n.<\/p>\n<p>Aprendi\u00f3 a tocar el arpa a la edad de 10 a\u00f1os, cuando su padre a cambio de un\u00a0 lech\u00f3n<a title=\"Lech\u00f3n\" href=\"http:\/\/es.wikipedia.org\/wiki\/Lech%C3%B3n\">l<\/a>, le pidi\u00f3 a un arpista ciego llamado Rodrigo Rodr\u00edguez que le ense\u00f1ara a tocar el arpa a su hijo Pino Silva, hermano de Graciana.<\/p>\n<p>Ella, mientras Pino escuchaba las lecciones, tomaba una silla y aprend\u00eda las posiciones de los dedos. Furtivamente, tomaba el arpa y repet\u00eda las lecciones de su hermano, de manera tan virtuosa que Rodr\u00edguez dijo:<\/p>\n<p>\u00ab<i>Quien va a aprender es la chiquilla, el ni\u00f1o no.<\/i>\u00bb \u00ab<i>Cuando el cieguito empez\u00f3 a afinar el arpa, sent\u00ed como si me diera un salto el coraz\u00f3n. Fue entonces que me dije: yo voy a tocar el arpa<\/i>\u00ab, afirm\u00f3 Graciana a\u00f1os despu\u00e9s.<\/p>\n<p>Esta tarde calurosa, en Los Portales de Lerdo, la noticia fue confirmada por los soneros jarochos que a\u00fan vienen a tocar en los bares: La Negra Graciana, la arpista y decimera del municipio de Medell\u00edn, ha muerto.<\/p>\n<p>A los 79 a\u00f1os se fue Graciana Silva,<\/p>\n<p>Supo del reconocimiento a su arte en Tlacotalpan, durante las fiestas de La Candelaria este a\u00f1o, gracias al documental <i>Tu vida, nuestra historia<\/i>, dirigido por Carlos Salda\u00f1a Sandria y el grupo cultural Idea Morada.<\/p>\n<p>Graciana aceptaba rasgar las notas de La bruja por una cerveza oscura fr\u00eda, que beb\u00eda en dos tragos; luego sonre\u00eda y carraspeaba.<\/p>\n<p>Sus dedos, regordetes y morenos, parec\u00edan palomas sobre las cuerdas, mientras su voz, ya disminuida por las preocupaciones, se impon\u00eda sobre todo el pasillo portalero.<\/p>\n<p>A Graciana Silva sus descubridores le grabaron 18 canciones tradicionales y muy antiguos sones jarochos, entre los cuales destacan los que sus pap\u00e1s hab\u00edan amado especialmente, como El siquisir\u00ed o El balaj\u00fa.<\/p>\n<p>Graciana era de personalidad impactante: amulatada, de ojos que parec\u00edan feroces. Era sencilla y franca; le preocupaba la vida cotidiana.<\/p>\n<p>Hasta donde pudo portale\u00f3; dej\u00f3 de hacerlo hace por lo menos cinco a\u00f1os.<\/p>\n<p>Un diciembre que visit\u00f3 Los Portales, fue tan solicitada que termin\u00f3 agotada, pero con una sonrisa. Dijo que ya hab\u00eda sacado para la cena.<\/p>\n<p>La Negra vest\u00eda la moda sin edad del Sotavento: vestidos de tira bordada, blancos de escotes sobrios, o conjuntos de dos piezas en tonos pasteles.<\/p>\n<p>Tocaba sones jarochos, que ya pocos saben y cada vez piden menos los parroquianos, como la versi\u00f3n vieja del <i>Col\u00e1s, el Son de los conejos, La bruja a la manera sotaventina y su amada La iguana<\/i>, que le hac\u00eda mover los pies y los hombros como si temblara.<\/p>\n<p>Como artista nata, Graciana se echaba el paliacate al hombro y encajaba su arpa en las rodillas y el pecho: una imagen que no se volver\u00e1 a ver pero que permanecer\u00e1 en el coraz\u00f3n de muchos.<\/p>\n<p>La Negra Graciana fue velada en el municipio de Medell\u00edn, en el puerto de Veracruz.<\/p>\n<p>Estuvo casada en dos ocasiones y tuvo ocho hijos.<\/p>\n<p>&nbsp;<\/p>\n<p>En la juventud de Graciana, su padre la llevaba a las tradicionales fiestas de la regi\u00f3n para tocar con su grupo musical, con el que se ganaba la vida.<\/p>\n<p>El p\u00fablico se maravillaba de que una jovencita pudiera tocar el arpa con tal sensibilidad y dominio.<\/p>\n<p>La fama de Graciana se extendi\u00f3 por los alrededores de Veracruz.<\/p>\n<p>Su maestro Rodrigo Rodr\u00edguez siempre se mantuvo como su gu\u00eda, y ella rechaz\u00f3 ofertas de otros m\u00fasicos que le ofrec\u00edan ense\u00f1arle otras t\u00e9cnicas.<\/p>\n<p>\u00ab<i>Yo s\u00f3lo puedo hacerlo de la manera que me ense\u00f1aron; feo o bonito, es mi forma de tocar. Mis esperanzas y entusiasmo siempre han salido del arpa. Simplemente, me viene del coraz\u00f3n.<\/i>\u00bb<\/p>\n<p>Al principio tocaba el arpa con los\u00a0arpegios\u00a0usuales, hasta que muy pronto tuvo la destreza necesaria para los r\u00e1pidos cambios e improvisaciones, que se convirtieron en su sello caracter\u00edstico. Ella es tambi\u00e9n conocida por sus\u00a0d\u00e9cimas\u00a0(diez versos alineados) cantadas, en su mayor\u00eda improvisadas, siempre con humor y una pizca de iron\u00eda, que hablan de los temas cotidianos, especialmente los romances y el amor a sus propias tradiciones.<\/p>\n<p>Durante muchos a\u00f1os recorri\u00f3 con su arpa casi todos los bares del puerto de Veracruz, lo cual le vali\u00f3 para ser conocida por la gente que frecuenta los portales de la calle de Lerdo. En uno de esos bares conoci\u00f3 a\u00a0Eduardo Llerenas, productor musical y fundador de la disquera independiente\u00a0discos coras\u00f3n, quien qued\u00f3 sorprendido por la gracia de su voz, ingenio y virtuosismo.<\/p>\n<p>Llerenas regres\u00f3 varias noches consecutivas y le propuso hacer una grabaci\u00f3n. Graciana acept\u00f3, y en\u00a01994 grabaron su \u00f3pera prima\u00a0<b>La Negra Graciana, Sones Jarochos con el Tr\u00edo Silva<\/b>, en compa\u00f1\u00eda de su hermano Pino Silva, Zeferino Romero en el requinto y su cu\u00f1ada Helena Huerta, quien es tambi\u00e9n arpista y posee una peque\u00f1a granja de\u00a0guajolotes\u00a0que utiliz\u00f3 como un improvisado estudio de grabaci\u00f3n.<\/p>\n<p>En este lugar grabaron 18 canciones tradicionales y muy antiguos sones jarochos, que el padre de Graciana hab\u00eda amado en su \u00e9poca, como\u00a0El Siquisir\u00ed\u00a0o\u00a0El Balaj\u00fa.<\/p>\n<p>Este \u00e1lbum le vali\u00f3 a Graciana y a su tr\u00edo ser invitados a tocar en prestigiosos teatros de Europa y Am\u00e9rica como el\u00a0<a title=\"Royal Festival Hall\" href=\"http:\/\/es.wikipedia.org\/wiki\/Royal_Festival_Hall\">Royal Festival Hall<\/a>\u00a0y el\u00a0<a title=\"Barbican (a\u00fan no redactado)\" href=\"http:\/\/es.wikipedia.org\/w\/index.php?title=Barbican&amp;action=edit&amp;redlink=1\">Barbican<\/a>\u00a0de\u00a0<a title=\"Londres\" href=\"http:\/\/es.wikipedia.org\/wiki\/Londres\">Londres<\/a>, el\u00a0<a title=\"Harbour Centre\" href=\"http:\/\/es.wikipedia.org\/wiki\/Harbour_Centre\">Harbour Centre<\/a>\u00a0de\u00a0<a title=\"Toronto\" href=\"http:\/\/es.wikipedia.org\/wiki\/Toronto\">Toronto<\/a>\u00a0y el\u00a0<a title=\"Theatre de la Ville\" href=\"http:\/\/es.wikipedia.org\/wiki\/Theatre_de_la_Ville\">Theatre de la Ville<\/a>\u00a0de\u00a0<a title=\"Par\u00eds\" href=\"http:\/\/es.wikipedia.org\/wiki\/Par%C3%ADs\">Par\u00eds<\/a>.<\/p>\n<p>En este \u00faltimo se grab\u00f3 su segundo \u00e1lbum\u00a0<i>La Negra Graciana: En vivo desde el Theatre de la Ville, Par\u00eds<\/i>, lanzado en\u00a01999.<\/p>\n<p>Particip\u00f3 tambi\u00e9n en\u00a0<a title=\"The M\u00e9xico-Festival in Berlin (a\u00fan no redactado)\" href=\"http:\/\/es.wikipedia.org\/w\/index.php?title=The_M%C3%A9xico-Festival_in_Berlin&amp;action=edit&amp;redlink=1\">The M\u00e9xico-Festival in Berlin<\/a>\u00a0(15 de septiembre de 2002 &#8211; 1 de diciembre de 2002).<\/p>\n<p>El repertorio musical de Graciana fue extenso; ejecut\u00f3 piezas de gran tradici\u00f3n y antig\u00fcedad, como\u00a0El Col\u00e1s,\u00a0La Bruja,\u00a0El Siquisir\u00ed,\u00a0La Bamba,\u00a0El Torito,\u00a0La Candela,\u00a0La Guacamaya,\u00a0El Cascabel,\u00a0El Conejo\u00a0y\u00a0La indita, entre cientos m\u00e1s.<\/p>\n<p>En sus actuaciones, Graciana aparec\u00eda con un t\u00edpico ensamble de son jarocho. Adem\u00e1s de su arpa jarocha, dos jaranas, un requinto y una guitarra de cuatro cuerdas. Los sones de M\u00e9xico siempre se han asociado con ciertas tradiciones de danza, por lo que los conciertos de Graciana inclu\u00edan bailarines siempre que era posible, que contribu\u00edan a los ritmos con sus\u00a0zapateos, estos \u00faltimos ejecutados por su hija menor, Guadalupe C\u00f3rdoba, quien form\u00f3 parte del ballet folkl\u00f3rico de la\u00a0Universidad Veracruzana.<\/p>\n<p>Graciana defin\u00eda su estilo de tocar el arpa como \u00ab<i>a lo antig\u00fcito<\/i>\u00ab. Su forma era m\u00e1s lenta y menos recargada que la de varios de sus colegas, que desde los\u00a0a\u00f1os 50s.\u00a0han estado tratando de hacer el son jarocho m\u00e1s bonito y comercial. Rara vez utiliza el arpa como instrumento solista, m\u00e1s bien la usa para acompa\u00f1ar a sus d\u00e9cimas en las que ella y su hermano Pino reflexionan sobre todo y todos.<\/p>\n","protected":false},"excerpt":{"rendered":"<p>La Negra Graciana (1939-2013) La emblem\u00e1tica cantante, arpista y decimista del puerto de Veracruz Una mexicana\u00a0int\u00e9rprete de sones jarochos\u00a0 \u00abYo s\u00f3lo puedo hacerlo de la manera que me ense\u00f1aron; feo o bonito, es mi forma de tocar. Mis esperanzas y entusiasmo siempre han salido del arpa. Simplemente, me viene del coraz\u00f3n.\u00ab Grab\u00f3 dos discos e [&hellip;]<\/p>\n","protected":false},"author":249,"featured_media":10970,"comment_status":"open","ping_status":"closed","sticky":false,"template":"","format":"standard","meta":{"footnotes":""},"categories":[1],"tags":[],"class_list":["post-10967","post","type-post","status-publish","format-standard","has-post-thumbnail","hentry","category-sin-categoria"],"_links":{"self":[{"href":"https:\/\/eloficiodehistoriar.com.mx\/index.php?rest_route=\/wp\/v2\/posts\/10967","targetHints":{"allow":["GET"]}}],"collection":[{"href":"https:\/\/eloficiodehistoriar.com.mx\/index.php?rest_route=\/wp\/v2\/posts"}],"about":[{"href":"https:\/\/eloficiodehistoriar.com.mx\/index.php?rest_route=\/wp\/v2\/types\/post"}],"author":[{"embeddable":true,"href":"https:\/\/eloficiodehistoriar.com.mx\/index.php?rest_route=\/wp\/v2\/users\/249"}],"replies":[{"embeddable":true,"href":"https:\/\/eloficiodehistoriar.com.mx\/index.php?rest_route=%2Fwp%2Fv2%2Fcomments&post=10967"}],"version-history":[{"count":1,"href":"https:\/\/eloficiodehistoriar.com.mx\/index.php?rest_route=\/wp\/v2\/posts\/10967\/revisions"}],"predecessor-version":[{"id":10968,"href":"https:\/\/eloficiodehistoriar.com.mx\/index.php?rest_route=\/wp\/v2\/posts\/10967\/revisions\/10968"}],"wp:featuredmedia":[{"embeddable":true,"href":"https:\/\/eloficiodehistoriar.com.mx\/index.php?rest_route=\/wp\/v2\/media\/10970"}],"wp:attachment":[{"href":"https:\/\/eloficiodehistoriar.com.mx\/index.php?rest_route=%2Fwp%2Fv2%2Fmedia&parent=10967"}],"wp:term":[{"taxonomy":"category","embeddable":true,"href":"https:\/\/eloficiodehistoriar.com.mx\/index.php?rest_route=%2Fwp%2Fv2%2Fcategories&post=10967"},{"taxonomy":"post_tag","embeddable":true,"href":"https:\/\/eloficiodehistoriar.com.mx\/index.php?rest_route=%2Fwp%2Fv2%2Ftags&post=10967"}],"curies":[{"name":"wp","href":"https:\/\/api.w.org\/{rel}","templated":true}]}}