{"id":10972,"date":"2014-03-28T10:43:18","date_gmt":"2014-03-28T16:43:18","guid":{"rendered":"https:\/\/eloficiodehistoriar.com.mx\/?p=10972"},"modified":"2014-03-28T10:43:18","modified_gmt":"2014-03-28T16:43:18","slug":"la-mujer-de-los-pies-descalzos-cesarea-evora","status":"publish","type":"post","link":"https:\/\/eloficiodehistoriar.com.mx\/?p=10972","title":{"rendered":"La Mujer de los pies descalzos; Ces\u00e1rea Evora"},"content":{"rendered":"<p><span style=\"color: #000000;\">La Voz nacida para ser libre<\/span><\/p>\n<p><span style=\"color: #000000;\"><i>\u201cMe llamo Cesaria \u00c9vora. Soy una mujer africana. <\/i><\/span><\/p>\n<p><span style=\"color: #000000;\"><i>\u00bfQu\u00e9 es lo que me gustar\u00eda que contaran sobre m\u00ed? <\/i><\/span><\/p>\n<p><span style=\"color: #000000;\"><i>M\u00e1s que nada, que siempre he querido ser libre y permanecer soltera, y que jam\u00e1s he aceptado vivir con un hombre oficialmente.\u201d<\/i><\/span><\/p>\n<p><span style=\"color: #000000;\">\u00a0<\/span><\/p>\n<p><span style=\"color: #000000;\">La Diva aux Pieds Nus<\/span><\/p>\n<p><span style=\"color: #000000;\">Miss Perfumado<\/span><\/p>\n<p><span style=\"color: #000000;\">La Diva de los Pies Descalzos<\/span><\/p>\n<p><span style=\"color: #000000;\">Cesaria \u00c9vora (1941-2011)<\/span><\/p>\n<p><span style=\"color: #000000;\"><i>Cise<\/i>, como era conocida por sus amigos<\/span><\/p>\n<p><span style=\"color: #000000;\">Cantante de \u201cmornas\u201d<\/span><\/p>\n<p><span style=\"color: #000000;\">\u00a0<\/span><\/p>\n<p><span style=\"color: #000000;\">Nacida en Mindelo, Cabo Verde,<\/span><\/p>\n<p><span style=\"color: #000000;\">Un 27 de agosto de 1941.<\/span><\/p>\n<p><span style=\"color: #000000;\">Muere el 17 de diciembre del 2011<\/span><\/p>\n<p><span style=\"color: #000000;\">A los 70 a\u00f1os de edad,<\/span><\/p>\n<p><i>\u00a0<\/i><\/p>\n<p><i>\u00a0<\/i><\/p>\n<p>La mujer m\u00e1s querida por su profundo sentimiento vocal sin par, que conquist\u00f3 p\u00fablicos en todo el planeta.<\/p>\n<p>Comenz\u00f3 a cantar y a hacer actuaciones los domingos en la plaza principal de su ciudad, acompa\u00f1ada por su hermano Lela, al saxof\u00f3n.<\/p>\n<p><a title=\"Cantante\" href=\"http:\/\/es.wikipedia.org\/wiki\/Cantante\">cantante<\/a>\u00a0<a title=\"M\u00fasica de Cabo Verde\" href=\"http:\/\/es.wikipedia.org\/wiki\/M%C3%BAsica_de_Cabo_Verde\">caboverdiana<\/a>, conocida con el sobrenombre de la reina de la\u00a0<a title=\"Morna\" href=\"http:\/\/es.wikipedia.org\/wiki\/Morna\">morna<\/a>.<\/p>\n<p>Tambi\u00e9n era conocida como la diva de los pies descalzos,<\/p>\n<p>Debido a su costumbre de presentarse descalza sobre los escenarios, en solidaridad con los sin techo y las mujeres y ni\u00f1os pobres de su pa\u00eds.<\/p>\n<p>&nbsp;<\/p>\n<p>Mas su vida est\u00e1 intr\u00ednsecamente ligada al barrio de Lombo, en las inmediaciones del cuartel del ej\u00e9rcito portugu\u00e9s, donde cant\u00f3 con compositores como Greg\u00f3rio Gon\u00e7alves.<\/p>\n<p>A los 16 a\u00f1os, Ces\u00e1ria comenz\u00f3 a cantar en bares y hoteles y, con la ayuda de algunos m\u00fasicos locales, gan\u00f3 mayor notoriedad en\u00a0<a title=\"Cabo Verde\" href=\"http:\/\/es.wikipedia.org\/wiki\/Cabo_Verde\">Cabo Verde<\/a>, y fue proclamada la \u00abReina de la Morna\u00bb.<\/p>\n<p>A los veinte a\u00f1os fue invitada a trabajar como cantante para el Congelo,\u00a0 compa\u00f1\u00eda de pesca creada por capital local y portugu\u00e9s, recibiendo conforme a las actuaciones que hac\u00eda.<\/p>\n<p>En 1975, a\u00f1o en que Cabo Verde adquiri\u00f3 la independencia, Ces\u00e1ria, frustrada por cuestiones personales y financieras, aliados a la dificultad econ\u00f3mica y pol\u00edtica del joven pa\u00eds, dej\u00f3 de cantar para poder sostener a su familia.<\/p>\n<p>Durante este per\u00edodo, que se prolong\u00f3 por diez a\u00f1os,<\/p>\n<p>Ces\u00e1ria tuvo que luchar contra el\u00a0<a title=\"Alcoholismo\" href=\"http:\/\/es.wikipedia.org\/wiki\/Alcoholismo\">alcoholismo<\/a>. Igualmente, Ces\u00e1ria llam\u00f3 a ese per\u00edodo de tiempo sus\u00a0<i>Dark Years<\/i>\u00a0(sus \u00aba\u00f1os oscuros\u00bb).<\/p>\n<p>Animada por\u00a0<a title=\"Bana (cantante)\" href=\"http:\/\/es.wikipedia.org\/wiki\/Bana_(cantante)\">Bana<\/a>,\u00a0cantante y empresario caboverdiano radicado en Portugal), Ces\u00e1ria \u00c9vora volvi\u00f3 a cantar, y se present\u00f3 en Portugal.<\/p>\n<p>En Cabo Verde, un franc\u00e9s llamado Jos\u00e9 da Silva la persuadi\u00f3 de ir a\u00a0<a title=\"Par\u00eds\" href=\"http:\/\/es.wikipedia.org\/wiki\/Par%C3%ADs\">Par\u00eds<\/a>, y all\u00ed acab\u00f3 por grabar un nuevo \u00e1lbum en 1988,\u00a0<i>La diva aux pieds nus,<\/i>\u00a0 que es como se presenta en los palcos.<\/p>\n<p>Este \u00e1lbum fue aclamado por la cr\u00edtica, y la impuls\u00f3 para iniciar la grabaci\u00f3n del \u00e1lbum Mis Perfumado\u00a0\u00a0en 1992.<\/p>\n<p>Desde entonces fij\u00f3 su residencia en la capital francesa.<\/p>\n<p>Ces\u00e1ria se volvi\u00f3 una estrella internacional a los 47 a\u00f1os de edad.<\/p>\n<p>El\u00a0blues\u00a0caboverdiano de Ces\u00e1ria \u00c9vora en general habla de la larga y amarga historia de aislamiento del pa\u00eds y del comercio de\u00a0esclavos, as\u00ed como de la\u00a0emigraci\u00f3n, ya que se dice que el n\u00famero de caboverdianos que viven en el exterior es mayor que la poblaci\u00f3n total del pa\u00eds.<\/p>\n<p>La voz afinada de Ces\u00e1ria \u00c9vora, acompa\u00f1ada de instrumentos que dan un toque melanc\u00f3lico, resalta lo emocional en su m\u00fasica, y los oyentes que no entienden su lengua consiguen percibir las emociones en sus canciones.<\/p>\n<p>Particip\u00f3 en 1995 en la pista sonora que\u00a0<a title=\"Goran Bregovic\" href=\"http:\/\/es.wikipedia.org\/wiki\/Goran_Bregovic\">Goran Bregovic<\/a>\u00a0compuso para la pel\u00edcula\u00a0Undergraund, de\u00a0Emir Kusturika.<\/p>\n<p>En 2002, colabora en el disco \u00abDuets\u00bb del legendario m\u00fasico cubano\u00a0<a title=\"Compay Segundo\" href=\"http:\/\/es.wikipedia.org\/wiki\/Compay_Segundo\">Compay Segundo<\/a>, con el que interpreta el popular son\u00a0L\u00e1grimas Negras.<\/p>\n<p>En\u00a0<a title=\"2004\" href=\"http:\/\/es.wikipedia.org\/wiki\/2004\">2004<\/a>\u00a0gan\u00f3 el premio\u00a0Grammy\u00a0al\u00a0mejor \u00e1lbum contempor\u00e1neo\u00a0por\u00a0Voz de amor.<\/p>\n<p>En\u00a0<a title=\"2007\" href=\"http:\/\/es.wikipedia.org\/wiki\/2007\">2007<\/a>\u00a0el presidente de Francia\u00a0Jacques Chirac\u00a0le otorg\u00f3 la medalla de la\u00a0legi\u00f3n de honor.<\/p>\n<p>En el 2010, la cantante anunci\u00f3 su retirada de la m\u00fasica, y cancel\u00f3 los conciertos que ten\u00eda previstos el 23 de septiembre del\u00a02011.<\/p>\n<p>Unas horas antes de su muerte segu\u00eda fumando y atendiendo a las personas que quer\u00edan saludarla en su domicilio particular.<\/p>\n<p>La estrella africana muri\u00f3 en el hospital Bautista de Sousa de aquella ciudad de las islas caboverdianas, por insuficiencia respiratoria.<\/p>\n<p>El pasado 23 de septiembre, Miss Perfumado (como tambi\u00e9n se le reconoc\u00eda debido a su cuarta grabaci\u00f3n, de 1992) hab\u00eda anunciado retirarse de los escenarios que recorri\u00f3, infatigable, a partir del \u00e9xito mundial disquero La Diva aux Pieds Nus (Lusafrica 1988).<\/p>\n<p>Cesaria visit\u00f3 M\u00e9xico para ofrecer un par de recitales nocturnos en el Sal\u00f3n 21 de Polanco, del promotor Miguel Nieto, durante el a\u00f1o 2000.<\/p>\n<p>Reina absoluta de las \u201cmornas\u201d, aquellas tristes canciones t\u00edpicas de su tierra africana, tremendamente nost\u00e1lgicas, ligadas al t\u00e9rmino mourning que en ingl\u00e9s significa \u201clamento\u201d y repletas de saudade.<\/p>\n<p>Cesaria \u00c9vora supo c\u00f3mo nadie interpretar adem\u00e1s r\u00edtmicas \u201ccoladeiras\u201d, sabrosos \u201cbatucos\u201d o \u201cfanan\u00e1\u201d, y tambi\u00e9n grab\u00f3 boleros como \u201cB\u00e9same mucho\u201d, de Consuelo Vel\u00e1zquez, y el vals \u201cMar\u00eda Elena\u201d, en espa\u00f1ol.<\/p>\n<p>&nbsp;<\/p>\n<p><i>Yo tuve tres hijos y mucha gente sol\u00eda criticar que me guste echar tragos, que fume tabaco, por mis matrimonios o porque me divorcio. <\/i><\/p>\n<p><i>Pero si estando en un bar tom\u00e1ndome un whiskey yo descubr\u00eda que algunos se pon\u00edan a murmurar sobre m\u00ed, inmediatamente le ped\u00eda otro vaso de licor al cantinero s\u00f3lo que doble, para que esa gente metiche de veras tuviera motivos de abrir la boca. <\/i><\/p>\n<p><i>Sin embargo, yo jam\u00e1s presto demasiada importancia a los criticones. <\/i><\/p>\n<p><i>Las personas buenas, en cambio, con dinero o sin dinero, negras o blancas, siempre han sido nobles amigas m\u00edas.<\/i><\/p>\n<p>&nbsp;<\/p>\n<p><i>Hace poco me compr\u00e9 un terreno cerca del lugar donde viv\u00eda cuando era ni\u00f1ita. El gobierno deseaba alojarme en \u201cLa Casa del Artista\u201d aunque eso era para el resto de mi vida y aquella casona me hubiera resultado demasiado peque\u00f1a para mi madre, mis hijos, mis nietos y para m\u00ed.<\/i><\/p>\n<p><i>\u00a0<\/i><\/p>\n<p><i>Mi familia era muy humilde, aunque nunca pasamos hambre gracias a la ayuda de mis hermanos pues hab\u00edan emigrado, a que alquilamos un ala de la casa de mi abuela, y a una parcela de tierra que ella cultivaba en el Monte Verde.<\/i><\/p>\n<p><i>\u00a0<\/i><\/p>\n<p><i>Cuando mi abuela falleci\u00f3 le lloramos mucho, porque todos la ador\u00e1bamos. Yo estaba muy peque\u00f1a, pero recuerdo bien a mi abuelo materno. Hab\u00eda llegado desde Santo Antao para visitar a mi mam\u00e1 que viv\u00eda en San Vicente desde ni\u00f1a. Era un tipo guapo, de rostro oscuro, cabellos lacios, parec\u00eda ind\u00edgena. Mi madre se iba al trabajo y \u00e9l se quedaba para cuidarnos.<\/i><\/p>\n<p><i>\u00a0<\/i><\/p>\n<p><i>Yo aprend\u00ed que es la vida bastante pronto, si bien mi infancia fue muy feliz. Bajo las lluvias me divert\u00eda con mis amigas haciendo mu\u00f1ecos de barro, platitos, cualquier cosa. Despu\u00e9s los pon\u00edamos a secar para jugar con ellos. Y si ca\u00eda una tormenta, los ni\u00f1os recog\u00edamos el agua de lluvia con cubetas que luego llev\u00e1bamos a nuestras casas.<\/i><\/p>\n<p><i>\u00a0<\/i><\/p>\n<p><i>Dej\u00e1bamos al cieno asentarse en el fondo y nos beb\u00edamos el agua que en verdad sab\u00eda muy rica. Hab\u00eda orugas por doquier, nosotros las met\u00edamos en una caja de cerillos y a los pocos d\u00edas sal\u00eda una mariposa. Por aquella \u00e9poca, la hierba crec\u00eda enorme y todo luc\u00eda su bello verdor.<\/i><\/p>\n<p><i>\u00a0<\/i><\/p>\n<p><i>La huerta de mi abuela ten\u00eda sand\u00edas, ma\u00edz y frijoles. A las mazorcas le separ\u00e1bamos los granos que dej\u00e1bamos secando para almacenarlos, por si acaso ven\u00edan tiempos duros. Cada vecino se llevaba su porci\u00f3n. Pienso que esta costumbre de compartir la hered\u00e9 de mi abuela y tambi\u00e9n de mi mam\u00e1, quien cocinaba para las personas m\u00e1s necesitadas de la regi\u00f3n.<\/i><\/p>\n<p><i>\u00a0<\/i><\/p>\n<p><i>Empero, las lluvias cesaron de presentarse con su frecuencia regular, y en ocasiones \u00fanicamente ca\u00eda uno que otro aguacero; pero provocaba grandes da\u00f1os a las tierras y en nuestra casa. Las sequ\u00edas dispararon entonces el precio de los productos comestibles, luego baj\u00f3 la afluencia de barcos en el puerto y por fin, las compa\u00f1\u00edas inglesas de carb\u00f3n se retiraron. Todo eso lo cuenta la letra de aquella \u201cmorna\u201d: \u201cUm vez sonsente era sabe\u201d (\u201cAlguna vez San Vicente fue maravillosa\u201d).<\/i><\/p>\n<p><i>\u00a0<\/i><\/p>\n<p><i>Mi padre hab\u00eda muerto cuando yo ten\u00eda siete a\u00f1os de edad y mi mam\u00e1 me envi\u00f3 a un orfanato, sitio para hu\u00e9rfanos dirigido por monjas. Mis otros hermanos se hab\u00edan marchado y ella necesitaba irse a trabajar. All\u00ed permanec\u00ed hasta tres a\u00f1os, s\u00f3lo que ya no aguantaba aquel ambiente religioso. Las monjas nos ense\u00f1aban a coser, a bordar y a planchar, pero esa no era la vida que anhelaba para m\u00ed, por lo tanto supliqu\u00e9 a mi abuela me sacara pues le dije que no me trataban bien, viv\u00eda como si estuviese encarcelada. Entonces me llevaron a casa de una tal se\u00f1ora do\u00f1a Mar\u00eda Amelia, ella ten\u00eda una escuela donde en las ma\u00f1anas estudi\u00e1bamos y por las tardes cos\u00edamos, all\u00ed curs\u00e9 los dos primeros a\u00f1os de primaria.<\/i><\/p>\n<p><i>Se dec\u00eda que la Navidad era una fiesta s\u00f3lo para los \u201cblancos\u201d, o sea, para la gente rica, m\u00e1s no para nosotros.<\/i><\/p>\n<p><i>Nuestros pap\u00e1s no ten\u00edan dinero y a veces nos regalaban una pelota; pero las mu\u00f1ecas y dem\u00e1s juguetes para chicos no los ve\u00edamos ni en sue\u00f1os. Nunca tuvimos ning\u00fan \u00e1rbol navide\u00f1o en nuestro hogar. Hoy ya tengo, aunque diminuto, sobre la mesita de estar.<\/i><\/p>\n<p><i>\u00a0<\/i><\/p>\n<p><i>Sin embargo, nuestra Navidad siempre fue muy digna; mi madre recib\u00eda canastas que le enviaban sus hermanos o amistades del extranjero. Esa noche navide\u00f1a logr\u00e1bamos contar con una cena abundante, pero los dem\u00e1s d\u00edas depend\u00edamos del favor de Dios. A m\u00ed se me acostumbr\u00f3 a conformarme con lo que hubiera.<\/i><\/p>\n<p><i>\u00a0<\/i><\/p>\n<p><i>Y siendo ya Cesaria \u00c9vora, la mujer africana de Cabo Verde que naci\u00f3 para cantar \u201cmornas\u201d y para ser libre, yo no he puesto un pie dentro de ciertos lugares aqu\u00ed en Mindelo que de plano, no los conozco. Por ejemplo, los clubes para gente rica donde celebran la Nochebuena y el A\u00f1o Nuevo con bailes. He o\u00eddo hablar mucho de ellos. Y el z\u00f3calo de la plazuela mayor, la Plaza Nova, que para m\u00ed no significa gran cosa, porque no voy all\u00ed ni nunca quise ir, excepto cuando iba a escuchar all\u00ed a mi hermano tocar con la banda municipal.<\/i><\/p>\n<p><i>\u00a0<\/i><\/p>\n<p><i>O cuando iba al cine, que me encantaba. Yo identificaba y reconoc\u00eda a los actores de cine, mis preferidos eran Stewart Granger y Tony Curtis. De las actrices, mis favoritas son Gina Lollobrigida y Elizabeth Taylor.<\/i><\/p>\n<p><i>\u00a0<\/i><\/p>\n<p><i>Pero nunca he sentido nada particular por meterme a esa plaza. En tiempos del colonialismo portugu\u00e9s, a mi gente se le prohib\u00eda el derecho a caminar descalza por ah\u00ed, y quien careciera de dinero para comprarse un par de zapatos era obligado a quedarse en la calzada, s\u00f3lo quienes los llevaban puestos pod\u00edan hacerlo. Por ello yo prefer\u00eda ir a otros sitios. En fin, que nada tengo que ver con la Plaza Nova.<\/i><\/p>\n<p><i>\u00a0<\/i><\/p>\n<p><i>Siempre he amado la libertad. Mam\u00e1 trabajaba, yo me la viv\u00eda en la calle. Mi hermano Chico y yo ten\u00edamos una contrase\u00f1a que era \u201cquick!\u201d (\u201c\u00a1ap\u00farate!\u201d, en ingl\u00e9s) y cuando \u00e9l dec\u00eda eso yo ya sab\u00eda que no hab\u00eda moros en la costa y pod\u00eda salirme a dar una vuelta.<\/i><\/p>\n<p><i>\u00a0<\/i><\/p>\n<p><i>La primera vez que sent\u00ed palpitar mi coraz\u00f3n por alg\u00fan hombre fue por un comerciante rico de Mindelo, yo ten\u00eda solamente 14 a\u00f1os y nunca se lo dije a mam\u00e1, me gustaba porque era muy atractivo, y por su aroma; adem\u00e1s, alguien ten\u00eda que iniciarme para entrar en aquellos senderos\u2026 Nadie se dio cuenta del romance, hasta la fecha \u00e9l y yo continuamos siendo buenos amigos, a \u00e9l le agrada bastante mi manera de cantar aunque cuando nos conocimos ni siquiera sospechaba que me encantaba interpretar \u201cmornas\u201d. Yo era una chiquilla t\u00edmida y retra\u00edda, no ten\u00eda amigas y cuando se es de esa edad, una cambia a cada rato y es muy voluble. Nuestra relaci\u00f3n no dur\u00f3.<\/i><\/p>\n<p><i>\u00a0<\/i><\/p>\n<p><i>Luego conoc\u00ed a Eduardo, el m\u00fasico que descubri\u00f3 mi voz. As\u00ed comenc\u00e9 a cantar por ah\u00ed, iba de aqu\u00ed para all\u00e1 con ese novio que tocaba guitarra y compon\u00eda. Eduardo emigr\u00f3 despu\u00e9s y se cas\u00f3, pero yo no le quise rogar. Hoy radica en Holanda, inclusive me acompa\u00f1\u00f3 en un concierto que ofrec\u00ed en Rotterdam hace algunos a\u00f1os. Cuando di a luz a mi primer hijo, Eduardo quiso reconocerlo; no lo acept\u00e9 pues \u00e9l no era el padre. De todos modos, le puse Eduardo al beb\u00e9, en honor suyo.<\/i><\/p>\n<p><i>\u00a0<\/i><\/p>\n<p><i>Supe lo que era la vida demasiado temprano, yo a los extranjeros les fascinaba y no era s\u00f3lo por mi voz. He tenido tantos esposos que ya perd\u00ed la cuenta el n\u00famero de ellos, si bien ninguno lo ha sido de manera oficial. Los pap\u00e1s de mis hijos jam\u00e1s vivieron conmigo, de hecho siempre he vivido con mi madre, su casa es sagrada. El pap\u00e1 de Eduardo, mi primer hijo, se llamaba Benjam\u00edn, nos conocimos a bordo de un barco donde \u00e9l trabajaba como mec\u00e1nico en jefe. Yo cantaba ah\u00ed y me sent\u00ed atra\u00edda por \u00e9l. Nos ve\u00edamos cada vez que \u00e9l ven\u00eda a Mindelo, pero nunca me puso casa. Cuando qued\u00e9 embarazada, se fue. Era portugu\u00e9s. Nunca m\u00e1s dio se\u00f1ales de vida y por lo mismo, Eduardo jam\u00e1s conoci\u00f3 a su padre. Lo cierto es que yo me sent\u00ed profundamente herida con el pap\u00e1 de Eduardo por no querer reconocerlo.<\/i><\/p>\n<p><i>Tuve bastantes pretendientes, pero no pensaba en el matrimonio. Yo soy as\u00ed. Estaba con uno y enseguida le echaba el ojo a otro. Puede ser que no deseara yo creer en los hombres, ellos solamente me divierten.<\/i><\/p>\n<p><i>Me gustaban muchos futbolistas por guapos, por famosos. Eran buenos partidos. Y nada tontos, se juntaban con ricos comerciantes. Anteriormente, asist\u00eda a los encuentros de futbol pero hoy no lo hago m\u00e1s y as\u00ed es mejor, de otra forma quiz\u00e1 ya me habr\u00eda ligado con alguno.<\/i><\/p>\n<p><i>Los pap\u00e1s de dos de mis hijas eran futbolistas, la primera muri\u00f3 reci\u00e9n nacida; la segunda es Fernanda, vive aqu\u00ed con sus dos hijos: el mayor que se llama Alison y la peque\u00f1a, Janet, quien fue reconocida por un se\u00f1or quien en verdad no hab\u00eda sido el padre. Mi nieta tampoco podr\u00e1 conocer qui\u00e9n fue su pap\u00e1. En tales casos, los hijos juzgan despu\u00e9s qui\u00e9n ser\u00e1 su aut\u00e9ntico progenitor, el que los concibi\u00f3 o el que los aliment\u00f3 y los cuid\u00f3.<\/i><\/p>\n<p><i>\u00a0<\/i><\/p>\n<p><i>Muchas mujeres en Cabo Verde se ven obligadas a criar solas a sus hijos, sea porque sus respectivos maridos se desentienden, ora porque se van fuera a ganar la plata. En ocasiones, ellas tambi\u00e9n emigran y dejan a los chamacos al cuidado de los abuelos. Hay hombres que olvidan a sus hijos a\u00fan ganando suficiente plata como para enviarla y mantenerlos. En Cabo Verde, las mujeres tienen que rascarse con sus propias u\u00f1as.<\/i><\/p>\n<p><i>\u00a0<\/i><\/p>\n<p><i>El padre de mi segunda hija viv\u00eda en Mindelo, pero ni siquiera movi\u00f3 un dedo por ella. Yo lo amaba con ganas, estaba perdidamente enamorada de \u00e9l. Un d\u00eda, viaj\u00f3 desde Portugal una persona para verlo y como era un jugador excelente, lo contrat\u00f3 para un equipo de all\u00e1. En un principio, me enviaba algo de dinero que yo recog\u00eda en casa de una t\u00eda suya.<\/i><\/p>\n<p><i>Pero un d\u00eda, de la noche a la ma\u00f1ana desapareci\u00f3. No obstante, creo que he corrido con suerte debido a que mi madre y mi hermana me han ayudado a educar a mis hijos con dignidad.<\/i><\/p>\n<p><i>A pesar de que mi abuela muri\u00f3 hace m\u00e1s de 30 a\u00f1os, la extra\u00f1o con harta frecuencia. Tuve a Eduardo a los 18 y ella lleg\u00f3 a conocerlo. Muri\u00f3 de la emoci\u00f3n.<\/i><\/p>\n<p><i>Un d\u00eda, tir\u00f3 el agua en la v\u00eda p\u00fablica y un polic\u00eda que pasaba por all\u00ed la vio, la detuvo, la condujo de la calle a la comisar\u00eda y para dejarla salir la abuela debi\u00f3 pagar una multa. Mi abuela jam\u00e1s consigui\u00f3 superar aquella humillaci\u00f3n. Se puso enferma y al poco tiempo, la enterramos. As\u00ed nom\u00e1s.<\/i><\/p>\n<p><i>\u00a0<\/i><\/p>\n<p><i>Yo nac\u00ed para cantar, me atraparon las \u201cmornas\u201d, \u201clas \u201ccoladeiras\u201d, los \u201cfanan\u00e1\u201d. He cantado en todas las islas de Cabo Verde, todas las adoro. Una vez, en Santo Antao, cre\u00ed que el transporte donde viaj\u00e1bamos se iba a desbarrancar. La carretera se halla casi encaramada en todo lo alto y por ambos lados se extiende el precipicio, el vac\u00edo; parece que una estuviera entre nubes.<\/i><\/p>\n<p><i>\u00a0<\/i><\/p>\n<p><i>S\u00f3lo que yo no soy una mujer que se anda entre las ramas, menos entre las nubes. Yo hago lo que se me d\u00e9 mi regalada gana. Algo que me gustar\u00eda hacer en verdad, eso ser\u00eda poblar la desierta isla de Santa Luzia. As\u00ed tan solita como est\u00e1, la isla debe andar muriendo de puro aburrimiento.<\/i><\/p>\n<p>Las vivencias de su humilde infancia, contadas por ella misma a la periodista francesa V\u00e9ronique Mortaigne para la biograf\u00eda Cesaria \u00c9vora, la voix du Cap- Vert (Actes Sud, Francia, 1997).<\/p>\n<p><i>(Existe una versi\u00f3n al castellano de la biograf\u00eda de V\u00e9ronique Mortaigne publicada bajo el t\u00edtulo Cesaria \u00c9vora, la voz de Cabo Verde en CIRCE Ediciones, trad. Juan Albeleira, Barcelona, 1998. 236 p\u00e1ginas.)<\/i><\/p>\n","protected":false},"excerpt":{"rendered":"<p>La Voz nacida para ser libre \u201cMe llamo Cesaria \u00c9vora. Soy una mujer africana. \u00bfQu\u00e9 es lo que me gustar\u00eda que contaran sobre m\u00ed? M\u00e1s que nada, que siempre he querido ser libre y permanecer soltera, y que jam\u00e1s he aceptado vivir con un hombre oficialmente.\u201d \u00a0 La Diva aux Pieds Nus Miss Perfumado La [&hellip;]<\/p>\n","protected":false},"author":249,"featured_media":10977,"comment_status":"open","ping_status":"closed","sticky":false,"template":"","format":"standard","meta":{"footnotes":""},"categories":[1],"tags":[],"class_list":["post-10972","post","type-post","status-publish","format-standard","has-post-thumbnail","hentry","category-sin-categoria"],"_links":{"self":[{"href":"https:\/\/eloficiodehistoriar.com.mx\/index.php?rest_route=\/wp\/v2\/posts\/10972","targetHints":{"allow":["GET"]}}],"collection":[{"href":"https:\/\/eloficiodehistoriar.com.mx\/index.php?rest_route=\/wp\/v2\/posts"}],"about":[{"href":"https:\/\/eloficiodehistoriar.com.mx\/index.php?rest_route=\/wp\/v2\/types\/post"}],"author":[{"embeddable":true,"href":"https:\/\/eloficiodehistoriar.com.mx\/index.php?rest_route=\/wp\/v2\/users\/249"}],"replies":[{"embeddable":true,"href":"https:\/\/eloficiodehistoriar.com.mx\/index.php?rest_route=%2Fwp%2Fv2%2Fcomments&post=10972"}],"version-history":[{"count":1,"href":"https:\/\/eloficiodehistoriar.com.mx\/index.php?rest_route=\/wp\/v2\/posts\/10972\/revisions"}],"predecessor-version":[{"id":10973,"href":"https:\/\/eloficiodehistoriar.com.mx\/index.php?rest_route=\/wp\/v2\/posts\/10972\/revisions\/10973"}],"wp:featuredmedia":[{"embeddable":true,"href":"https:\/\/eloficiodehistoriar.com.mx\/index.php?rest_route=\/wp\/v2\/media\/10977"}],"wp:attachment":[{"href":"https:\/\/eloficiodehistoriar.com.mx\/index.php?rest_route=%2Fwp%2Fv2%2Fmedia&parent=10972"}],"wp:term":[{"taxonomy":"category","embeddable":true,"href":"https:\/\/eloficiodehistoriar.com.mx\/index.php?rest_route=%2Fwp%2Fv2%2Fcategories&post=10972"},{"taxonomy":"post_tag","embeddable":true,"href":"https:\/\/eloficiodehistoriar.com.mx\/index.php?rest_route=%2Fwp%2Fv2%2Ftags&post=10972"}],"curies":[{"name":"wp","href":"https:\/\/api.w.org\/{rel}","templated":true}]}}