{"id":10974,"date":"2014-03-28T10:48:53","date_gmt":"2014-03-28T16:48:53","guid":{"rendered":"https:\/\/eloficiodehistoriar.com.mx\/?p=10974"},"modified":"2014-03-28T10:48:53","modified_gmt":"2014-03-28T16:48:53","slug":"libertad-bajo-palabra-los-100-anos-del-natalicio-de-octavio-paz-en-el-colegio-nacional","status":"publish","type":"post","link":"https:\/\/eloficiodehistoriar.com.mx\/?p=10974","title":{"rendered":"Libertad bajo palabra; los 100 a\u00f1os del natalicio de Octavio Paz en el Colegio Nacional"},"content":{"rendered":"<p><span style=\"color: #000000;\">Octavio Paz en El Colegio Nacional<\/span><\/p>\n<p><span style=\"color: #000000;\">\u00a0<\/span><\/p>\n<p><span style=\"color: #000000;\">(apro).-<\/span><\/p>\n<p><span style=\"color: #000000;\">Con la participaci\u00f3n de estudiosos como David Brading, Hugh Thomas y Miguel Le\u00f3n-Portilla inici\u00f3 este d\u00eda en El Colegio Nacional el encuentro Octavio Paz y el mundo del siglo XXI, en el que se debaten las ideas del poeta \u2013\u00fanico Nobel de Literatura de M\u00e9xico\u2013, en el marco de los festejos por el centenario de su natalicio, que se cumplir\u00e1 este lunes 31.<\/span><\/p>\n<p>&nbsp;<\/p>\n<p>Al inaugurar el encuentro, momentos antes de la primera mesa de discusi\u00f3n, el presidente del Consejo Nacional para la Cultura y las Artes, Rafael Tovar y de Teresa, destac\u00f3 que la mejor manera de recordar al autor de El laberinto de la soledad es a trav\u00e9s del pensamiento, el di\u00e1logo, el debate y la pol\u00e9mica.<\/p>\n<p>&nbsp;<\/p>\n<p>Seg\u00fan el titular del Conaculta, el centenario es una conmemoraci\u00f3n para recordar a Paz y asumir su herencia, no desde \u201cuna veneraci\u00f3n acr\u00edtica\u201d, sino con la circulaci\u00f3n de las ideas e ideolog\u00edas:<\/p>\n<p>&nbsp;<\/p>\n<p>\u201cEste encuentro, Octavio Paz y el mundo del siglo XXI, atender\u00e1 cinco temas centrales en el pensamiento del propio escritor: la historia de M\u00e9xico, el concepto de Revoluci\u00f3n, los fanatismos de la identidad, la democracia y la relaci\u00f3n de los intelectuales con el poder. A partir de hoy y hasta el d\u00eda de ma\u00f1ana seremos testigos de otro encuentro ejemplar de las m\u00e1s destacadas voces de nuestro tiempo\u201d, apunt\u00f3.<\/p>\n<p>&nbsp;<\/p>\n<p>Moderada por Adolfo Casta\u00f1\u00f3n y con el t\u00edtulo \u201cOctavio Paz en la historia de M\u00e9xico\u201d, se realiz\u00f3 por la ma\u00f1ana la primera mesa de reflexi\u00f3n, en la que Brading, especialista en temas del Virreinato; Enrique Krauze, en el M\u00e9xico moderno; Thomas, en la Conquista, y Le\u00f3n-Portilla, en el mundo prehisp\u00e1nico, dialogaron sobre la historia, uno de los temas que, se dijo, apasionaban a Paz.<\/p>\n<p>&nbsp;<\/p>\n<p>Ah\u00ed resalt\u00f3 Le\u00f3n-Portilla:<\/p>\n<p>&nbsp;<\/p>\n<p>\u201cOctavio Paz participaba en esta idea: no podemos entender a M\u00e9xico si suprimimos su etapa prehisp\u00e1nica. Hay otros pa\u00edses de Am\u00e9rica que prescinden de esa etapa porque no les parece significativa, pero en M\u00e9xico yo creo que es eminentemente significativa, y no por cuestiones de raza sino de cultura; mucho de nuestra cultura como mexicanos contempor\u00e1neos tiene sus ra\u00edces en el pasado ind\u00edgena, y eso lo percibi\u00f3 muy bien Octavio Paz.\u201d<\/p>\n<p>&nbsp;<\/p>\n<p>En su turno, Brading destac\u00f3 el inter\u00e9s de Paz por los temas novohispanos y sus reflexiones sobre la obra de Sor Juana In\u00e9s de la Cruz.<\/p>\n<p>&nbsp;<\/p>\n<p>Krauze se centr\u00f3 a su vez en la visi\u00f3n que el poeta tuvo sobre personajes de la historia del siglo XX mexicano, como Emiliano Zapata y Francisco I. Madero.<\/p>\n<p>&nbsp;<\/p>\n<p>Al mediod\u00eda inici\u00f3 la segunda mesa que llev\u00f3 el t\u00edtulo \u201cRevuelta, rebeli\u00f3n, revoluci\u00f3n\u201d, en alusi\u00f3n al conocido ensayo \u201cRevuelta, revoluci\u00f3n, rebeli\u00f3n\u201d publicado por Paz en Corriente alterna (Siglo XXI, 1967), en el cual reflexion\u00f3 acerca de estos tres conceptos.<\/p>\n<p>&nbsp;<\/p>\n<p>En ella participaron H\u00e9ctor Aguilar Cam\u00edn, Ian Buruma, Norman Manea y Jean Meyer.<\/p>\n<p>&nbsp;<\/p>\n<p>De origen franc\u00e9s, el historiador mexicano Jean Meyer evoc\u00f3 una conversaci\u00f3n p\u00fablica entre Paz y el periodista Julio Scherer, fundador de la revista Proceso, en la cual el poeta y ensayista abund\u00f3 \u201cen las profundas diferencias entre su padre y su abuelo\u201d:<\/p>\n<p>&nbsp;<\/p>\n<p>Meyer describi\u00f3 c\u00f3mo Paz, cuyo padre Octavio Paz Sol\u00f3rzano abraz\u00f3 la causa zapatista despu\u00e9s de transitar por varias corrientes revolucionarias, lleg\u00f3 a Par\u00eds luego de la Segunda Guerra Mundial con su carga zapatista y revolucionaria:<\/p>\n<p>&nbsp;<\/p>\n<p>Ah\u00ed \u201cdej\u00f3 a su padre para abrazar el liberalismo de su abuelo, Ireneo Paz, un duelista consumado, quien incluso lleg\u00f3 a matar, en duelo, como era com\u00fan en las costumbres arist\u00f3cratas de entonces\u201d.<\/p>\n<p>&nbsp;<\/p>\n<p>Por la tarde se realizar\u00eda una tercera mesa, \u201cFanatismos de la identidad\u201d, con la intervenci\u00f3n de Juan Goytisolo, Juliana Gonz\u00e1lez, Jes\u00fas Silva-Herzog M\u00e1rquez y Tzvetan Todorov.<\/p>\n<p>&nbsp;<\/p>\n<p>El encuentro continuar\u00e1 este viernes 28 con las disertaciones de Jorge G. Casta\u00f1eda, Jorge Edwards, Celso Lafer y Julio Mar\u00eda Sanguinetti, en la cuarta mesa, titulada \u201cLa democracia en el orbe iberoamericano\u201d, que comenzar\u00e1 a las 10:00 horas.<\/p>\n<p>&nbsp;<\/p>\n<p>Finalmente, en la mesa \u201cLa letra y el cetro: los intelectuales y el poder\u201d, a iniciarse al mediod\u00eda, se hablar\u00e1 sobre la idea de Paz acerca de la relaci\u00f3n con \u201cel pr\u00edncipe\u201d. Participar\u00e1n Christopher Dom\u00ednguez, Michael Ignatieff, Mark Lilla y Jos\u00e9 Woldenberg.<\/p>\n<p>&nbsp;<\/p>\n<p>Las mesas se llevan a cabo en el Aula Mayor de El Colegio Nacional, ubicado en Donceles 104, Centro Hist\u00f3rico. La entrada es libre. Los di\u00e1logos tambi\u00e9n pueden observarse vivo por Canal 22 y por el canal del propio Colegio.<\/p>\n","protected":false},"excerpt":{"rendered":"<p>Octavio Paz en El Colegio Nacional \u00a0 (apro).- Con la participaci\u00f3n de estudiosos como David Brading, Hugh Thomas y Miguel Le\u00f3n-Portilla inici\u00f3 este d\u00eda en El Colegio Nacional el encuentro Octavio Paz y el mundo del siglo XXI, en el que se debaten las ideas del poeta \u2013\u00fanico Nobel de Literatura de M\u00e9xico\u2013, en el [&hellip;]<\/p>\n","protected":false},"author":249,"featured_media":10976,"comment_status":"open","ping_status":"closed","sticky":false,"template":"","format":"standard","meta":{"footnotes":""},"categories":[1],"tags":[],"class_list":["post-10974","post","type-post","status-publish","format-standard","has-post-thumbnail","hentry","category-sin-categoria"],"_links":{"self":[{"href":"https:\/\/eloficiodehistoriar.com.mx\/index.php?rest_route=\/wp\/v2\/posts\/10974","targetHints":{"allow":["GET"]}}],"collection":[{"href":"https:\/\/eloficiodehistoriar.com.mx\/index.php?rest_route=\/wp\/v2\/posts"}],"about":[{"href":"https:\/\/eloficiodehistoriar.com.mx\/index.php?rest_route=\/wp\/v2\/types\/post"}],"author":[{"embeddable":true,"href":"https:\/\/eloficiodehistoriar.com.mx\/index.php?rest_route=\/wp\/v2\/users\/249"}],"replies":[{"embeddable":true,"href":"https:\/\/eloficiodehistoriar.com.mx\/index.php?rest_route=%2Fwp%2Fv2%2Fcomments&post=10974"}],"version-history":[{"count":1,"href":"https:\/\/eloficiodehistoriar.com.mx\/index.php?rest_route=\/wp\/v2\/posts\/10974\/revisions"}],"predecessor-version":[{"id":10975,"href":"https:\/\/eloficiodehistoriar.com.mx\/index.php?rest_route=\/wp\/v2\/posts\/10974\/revisions\/10975"}],"wp:featuredmedia":[{"embeddable":true,"href":"https:\/\/eloficiodehistoriar.com.mx\/index.php?rest_route=\/wp\/v2\/media\/10976"}],"wp:attachment":[{"href":"https:\/\/eloficiodehistoriar.com.mx\/index.php?rest_route=%2Fwp%2Fv2%2Fmedia&parent=10974"}],"wp:term":[{"taxonomy":"category","embeddable":true,"href":"https:\/\/eloficiodehistoriar.com.mx\/index.php?rest_route=%2Fwp%2Fv2%2Fcategories&post=10974"},{"taxonomy":"post_tag","embeddable":true,"href":"https:\/\/eloficiodehistoriar.com.mx\/index.php?rest_route=%2Fwp%2Fv2%2Ftags&post=10974"}],"curies":[{"name":"wp","href":"https:\/\/api.w.org\/{rel}","templated":true}]}}