{"id":10992,"date":"2014-10-10T19:03:57","date_gmt":"2014-10-11T01:03:57","guid":{"rendered":"https:\/\/eloficiodehistoriar.com.mx\/?p=10992"},"modified":"2014-10-10T19:09:22","modified_gmt":"2014-10-11T01:09:22","slug":"la-cinta-cantinflas-muestra-una-parte-desconocida-del-mimo","status":"publish","type":"post","link":"https:\/\/eloficiodehistoriar.com.mx\/?p=10992","title":{"rendered":"La cinta &#8216;Cantinflas&#8217; muestra una parte desconocida del mimo"},"content":{"rendered":"<div class=\"hemero\">Peri\u00f3dico La Jornada<br \/>\nLunes 25 de agosto de 2014, p. a12<\/div>\n<p class=\"s-s\">Los \u00c1ngeles, 24 de agosto.<\/p>\n<p>La historia de <em>Cantinflas<\/em> en Hollywood no tiene precedente, porque lleg\u00f3 con fama mundial, reconocieron realizadores.<\/p>\n<p>Charles Chaplin llam\u00f3 a Mario Moreno el mejor comediante vivo y se le busc\u00f3 con insistencia para que actuara en <em>La vuelta al mundo en 80 d\u00edas,<\/em> que le mereci\u00f3 ganar el Globo de Oro a mejor actor de comedia en 1956.<\/p>\n<p><em>\u201cCantinflas<\/em> no tuvo que aceptar papeles de indocumentado o muchos de los que en el pasado han usado con latinos. Lleg\u00f3 aqu\u00ed siendo el gran artista que ya era\u201d, aseguraron.<\/p>\n<p>Sebasti\u00e1n del Olmo, director de <em>Cantinflas la pel\u00edcula,<\/em> y los productores Adolfo Franco y Vidal Cant\u00fa fueron entrevistados.<\/p>\n<p><q>Esta producci\u00f3n tiene el atractivo de mostrar una \u00e9poca de M\u00e9xico, as\u00ed como una parte \u00edntima del actor que muchos no conoc\u00edan<\/q>, explicaron.<\/p>\n<p>La respuesta del p\u00fablico podr\u00eda significar el momento de consolidaci\u00f3n con la audiencia latina, consider\u00f3 Del Olmo.<\/p>\n<p>Esto, luego de que el a\u00f1o pasado se registr\u00f3 la mejor taquilla para el cine mexicano en Estados Unidos, r\u00e9cord encabezado por la cintas <em>Instructions not included<\/em> y <em>Nosotros los Nobles.<\/em><\/p>\n<p><em>\u201cCantinflas<\/em> podr\u00eda ser reconciliaci\u00f3n y confirmaci\u00f3n de que este momento del cine no es llamarada de petate\u201d, a\u00f1adi\u00f3 Del Olmo.<\/p>\n<p>Nacido en Par\u00eds y radicado en M\u00e9xico, Del Olmo es el director de la cinta sobre el gran mimo mexicano que se estrenar\u00e1 este viernes 29 de agosto en Estados Unidos y en M\u00e9xico el 19 de septiembre.<\/p>\n<p class=\"sumario\">Encontraron al actor ideal despu\u00e9s de ocho<\/p>\n<p class=\"s-s\">De igual forma, anot\u00f3, este tipo de trabajos deber\u00eda alentar a productores latinoamericanos para hacer historias a trav\u00e9s de una plataforma m\u00e1s unificada.<\/p>\n<p>El cinefot\u00f3grafo comparti\u00f3 que antes de encontrar al actor que represent\u00f3 a <em>Cantinflas<\/em> se audicion\u00f3 a ocho actores mexicanos.<\/p>\n<p>\u201cHicimos el <em>casting<\/em> e incluso hubo un actor reconocido que no acept\u00f3 la propuesta; no daremos el nombre por no afectar susceptibilidades\u201d, dijo.<\/p>\n<p><q>Pero despu\u00e9s, \u00d3scar Jaenada nos contact\u00f3, y tras verlo termin\u00f3 y nos convenci\u00f3 de que fue el adecuado para el personaje, adem\u00e1s de que se lo gan\u00f3 a pulso<\/q>, a\u00f1adi\u00f3.<\/p>\n<p>La cinta relata la historia jam\u00e1s contada de Mario Moreno, que va desde sus inicios en un peque\u00f1o y humilde escenario, hasta su llegada a Hollywood.<\/p>\n<p>Los productores tambi\u00e9n compartieron su orgullo por la pel\u00edcula, en la que participaron 95 actores, la mayor\u00eda de ellos reconocidos en M\u00e9xico.<\/p>\n<p>\u201cCuando empez\u00f3 cont\u00e1bamos con cuatro actores mexicanos, pero se corri\u00f3 la voz y con el tiempo se nos acercaron muchos m\u00e1s para preguntarnos a qui\u00e9n podr\u00edan representar.<\/p>\n<p><q>Hubo quien quiso ser Jorge Negrete, Mar\u00eda F\u00e9lix e incluso quien nos dijo que no le pag\u00e1ramos, pero que quer\u00eda aparecer con alg\u00fan personaje del cine mexicano de la \u00e9poca<\/q>, agregaron.<\/p>\n<p>Si la pel\u00edcula no se llamara <em>Cantinflas<\/em> nada de esto habr\u00eda pasado, asegur\u00f3 Cant\u00fa.<\/p>\n<p>En la producci\u00f3n act\u00faan Ilse Salas, Luis Gerardo M\u00e9ndez, Gabriela de la Garza, Ana Layevska, Adal Ramones, B\u00e1rbara Mori, Rafael Amaya y James Michael Imperioli, entre otros.<\/p>\n<div class=\"col col2\">\n<div class=\"foto\">\n<div class=\"pie-foto\">Jaenada se dice admirador de Mario Moreno<span class=\"credito\">Foto Notimex<\/span><\/div>\n<\/div>\n<p class=\"sumario\">Ciudadano del mundo<\/p>\n<p class=\"s-s\">Por su parte, el actor espa\u00f1ol \u00d3scar Jaenada, quien representa a <em>Cantinflas,<\/em> dijo: <q>Soy espa\u00f1ol porque lo dice el pasaporte, pero soy ciudadano del mundo y admirador de Mario Moreno<\/q>.<\/p>\n<p>Adem\u00e1s, inform\u00f3 que en la cinta <q>van a conocer muchas cosas que no se sab\u00edan a fondo de Mario Moreno y tambi\u00e9n ver\u00e1n recreadas muchas escenas de sus pel\u00edculas<\/q>.<\/p>\n<p>Jaenada minimiz\u00f3 lo que ha sido una constante desde que se conoci\u00f3 su protag\u00f3nico y de que represent\u00f3 al mimo sin ser mexicano: <q>Ni me incomodo, ni fue un reto. Soy un artista que asumo y buscos mis retos y eso s\u00f3lo lo tomo como parte de la incultura cinematogr\u00e1fica<\/q>, replic\u00f3.<\/p>\n<p>Consider\u00f3 que desde el primer d\u00eda de grabaci\u00f3n <q>fue maravilloso<\/q> sentir que hab\u00eda logrado conectar con <em>Cantinflas.<\/em><\/p>\n<p><q>Estaba muy nervioso y cuando sal\u00ed vestido s\u00f3lo hubo un silencio tremendo, pero cuando escuch\u00e9 los primeros aplausos sent\u00ed esa conexi\u00f3n<\/q>, indic\u00f3.<\/p>\n<p>\u201cHubo varios momentos que me enchinaron la piel. Uno con el hijo de <em>Cantinflas,<\/em> que lleg\u00f3 al tercer d\u00eda y pidi\u00f3 ver una escena reci\u00e9n grabada\u201d, dijo.<\/p>\n<p><q>Tambi\u00e9n, cuando est\u00e1bamos haciendo una escena de carpa, uno de los extras al terminar se solt\u00f3 llorando emocionado por el momento<\/q>, mencion\u00f3.<\/p>\n<p>El extra cont\u00f3 que hab\u00eda conocido a <em>Cantinflas<\/em> trabajando de joven en una de sus pel\u00edculas, y ahora se ofreci\u00f3 para volver a participar.<\/p>\n<p>Jaenada agrega: <q>Fueron varios momentos que me dieron mucha fuerza para sentir que iba bien y ahora espero llevar a mis padres a la premier a M\u00e9xico para que vean mi trabajo<\/q>. A <em>Cantinflas<\/em> lo conoci\u00f3 a los 12 o 15 a\u00f1os, cuando hacia re\u00edr a sus padres con alguna de sus pel\u00edculas en la sala de su casa.<\/p>\n<p>Jaenada ya hab\u00eda sido seleccionado para actuar como <em>Cantinflas<\/em> en una fallida producci\u00f3n sobre el mimo, hace varios a\u00f1os, y cuando se enter\u00f3 del nuevo proyecto envi\u00f3 fotos y un demo.<\/p>\n<p><q>Cuando se me acept\u00f3 me prepar\u00e9 por seis meses, vi unas ocho veces cada una de sus 52 pel\u00edculas<\/q>, se\u00f1al\u00f3.<\/p>\n<p>\u201cMi reto fue recrear al <em>Cantinflas<\/em> del que se conoce demasiado, pero tambi\u00e9n a Mario Moreno, del que muchos no sab\u00edan tantas cosas como ahora se cuentan\u201d, a\u00f1adi\u00f3.<\/p>\n<p><q>El reto no s\u00f3lo era improvisar, sino tambi\u00e9n cuidar que el acento no se me notara<\/q>, apunt\u00f3 quien es un conocido actor espa\u00f1ol ganador del Goya por <em>Camar\u00f3n de la Isla<\/em> en 2005 y quien apareci\u00f3 en <em>Piratas del Caribe 4.<\/em><\/p>\n<p><q>Siempre me intrig\u00f3 conocer m\u00e1s de ese personaje que logr\u00f3 unir al p\u00fablico latinoamericano cuando no hab\u00eda Internet, la televisi\u00f3n era escasa y el cine era para ricos<\/q>, agreg\u00f3.<\/p>\n<p>Interrogado sobre cu\u00e1l pudiera ser la definici\u00f3n de la pel\u00edcula <em>Cantinflas<\/em> respondi\u00f3: <q>Es M\u00e9xico, es un hermoso y bello viaje tur\u00edstico del M\u00e9xico de esa \u00e9poca<\/q>.<\/p>\n<\/div>\n","protected":false},"excerpt":{"rendered":"<p>Peri\u00f3dico La Jornada Lunes 25 de agosto de 2014, p. a12 Los \u00c1ngeles, 24 de agosto. La historia de Cantinflas en Hollywood no tiene precedente, porque lleg\u00f3 con fama mundial, reconocieron realizadores. Charles Chaplin llam\u00f3 a Mario Moreno el mejor comediante vivo y se le busc\u00f3 con insistencia para que actuara en La vuelta al [&hellip;]<\/p>\n","protected":false},"author":249,"featured_media":10994,"comment_status":"open","ping_status":"closed","sticky":false,"template":"","format":"standard","meta":{"footnotes":""},"categories":[23],"tags":[],"class_list":["post-10992","post","type-post","status-publish","format-standard","has-post-thumbnail","hentry","category-cine"],"_links":{"self":[{"href":"https:\/\/eloficiodehistoriar.com.mx\/index.php?rest_route=\/wp\/v2\/posts\/10992","targetHints":{"allow":["GET"]}}],"collection":[{"href":"https:\/\/eloficiodehistoriar.com.mx\/index.php?rest_route=\/wp\/v2\/posts"}],"about":[{"href":"https:\/\/eloficiodehistoriar.com.mx\/index.php?rest_route=\/wp\/v2\/types\/post"}],"author":[{"embeddable":true,"href":"https:\/\/eloficiodehistoriar.com.mx\/index.php?rest_route=\/wp\/v2\/users\/249"}],"replies":[{"embeddable":true,"href":"https:\/\/eloficiodehistoriar.com.mx\/index.php?rest_route=%2Fwp%2Fv2%2Fcomments&post=10992"}],"version-history":[{"count":2,"href":"https:\/\/eloficiodehistoriar.com.mx\/index.php?rest_route=\/wp\/v2\/posts\/10992\/revisions"}],"predecessor-version":[{"id":10995,"href":"https:\/\/eloficiodehistoriar.com.mx\/index.php?rest_route=\/wp\/v2\/posts\/10992\/revisions\/10995"}],"wp:featuredmedia":[{"embeddable":true,"href":"https:\/\/eloficiodehistoriar.com.mx\/index.php?rest_route=\/wp\/v2\/media\/10994"}],"wp:attachment":[{"href":"https:\/\/eloficiodehistoriar.com.mx\/index.php?rest_route=%2Fwp%2Fv2%2Fmedia&parent=10992"}],"wp:term":[{"taxonomy":"category","embeddable":true,"href":"https:\/\/eloficiodehistoriar.com.mx\/index.php?rest_route=%2Fwp%2Fv2%2Fcategories&post=10992"},{"taxonomy":"post_tag","embeddable":true,"href":"https:\/\/eloficiodehistoriar.com.mx\/index.php?rest_route=%2Fwp%2Fv2%2Ftags&post=10992"}],"curies":[{"name":"wp","href":"https:\/\/api.w.org\/{rel}","templated":true}]}}