{"id":11012,"date":"2014-10-31T12:54:51","date_gmt":"2014-10-31T18:54:51","guid":{"rendered":"https:\/\/eloficiodehistoriar.com.mx\/?p=11012"},"modified":"2014-10-31T12:54:51","modified_gmt":"2014-10-31T18:54:51","slug":"se-va-jorge-saldana","status":"publish","type":"post","link":"https:\/\/eloficiodehistoriar.com.mx\/?p=11012","title":{"rendered":"Se va Jorge Salda\u00f1a&#8230;"},"content":{"rendered":"<p align=\"JUSTIFY\"><i>M\u00e9xico, DF.\u00a0<\/i>El periodista y locutor veracruzano Jorge Isaac Salda\u00f1a Hern\u00e1ndez falleci\u00f3 la noche del jueves a los 83 a\u00f1os de edad.<\/p>\n<p align=\"JUSTIFY\">Sus restos ser\u00e1n velados en el Pante\u00f3n Franc\u00e9s para despu\u00e9s ser cremado y trasladado a su lugar de origen en Banderilla, Veracruz, el 5 de enero de 1931.<\/p>\n<p align=\"JUSTIFY\">Salda\u00f1a destac\u00f3 como periodista, cronista, locutor, compositor y escritor. Estudi\u00f3 en la Facultad de Derecho de la Universidad Veracruzana; derecho internacional en La Haya, Holanda; civilizaci\u00f3n francesa, en Par\u00eds, y periodismo en Madrid. Entre sus libros se encuentra\u00a0<i>porjoder.com<\/i>.<\/p>\n<p align=\"JUSTIFY\">Trabajo muchos a\u00f1os en la conducci\u00f3n de varios programas (<i>S\u00e1bados Culturales<\/i>,\u00a0<i>Desayunos con Salda\u00f1a<\/i>,\u00a0<i>Anatom\u00edas<\/i>,<i>S\u00e1bados con Salda\u00f1a<\/i>,\u00a0<i>Sopa de Letras<\/i>,\u00a0<i>Nostalgia\u00a0<\/i>y\u00a0<i>A\u00f1oranzas<\/i>&#8230;)<\/p>\n<p align=\"JUSTIFY\">Fue cantante en caf\u00e9s de Paris, reportero en el\u00a0<i>Diario de Xalapa\u00a0<\/i>y el\u00a0<i>Dictamen de Veracruz<\/i>. Locutor en M\u00e9xico y productor de radio y televisi\u00f3n en Francia, donde vivi\u00f3 11 a\u00f1os, as\u00ed como locutor y comentarista en la UNESCO.<\/p>\n<p align=\"JUSTIFY\">Tambi\u00e9n fue narrador de radionovelas y colaborador en Televisa, Canal 11 y Canal 13. Incursion\u00f3 en dos ocasiones en la pol\u00edtica, la primera como precandidato a la gubernatura de Veracruz y la segunda como candidato registrado por el distrito que comprende Xalapa y Banderilla por el mismo partido.<\/p>\n<p align=\"JUSTIFY\">En uno de sus \u00faltimos\u00a0<i>tuits,\u00a0<\/i>apenas el 24 de octubre, Salda\u00f1a se refiri\u00f3 al caso Ayotzinapa. \u201cEl gobernador busca vivas a 43 personas muertas nada cambia que sean o no estudiantes. Lambiscones lo elogian con flores en el cuello\u201d, escribi\u00f3.<\/p>\n<p align=\"JUSTIFY\">El \u00e1cido conductor se acostumbr\u00f3 a que no lo contrataran por ser cr\u00edtico, al aire y fuera de \u00e9l y rechaz\u00f3 contundente la censura.<\/p>\n<p align=\"JUSTIFY\">Salda\u00f1a es el \u201cvociferador de que en M\u00e9xico vivimos en una televicracia\u201d.<\/p>\n<p align=\"JUSTIFY\">\u201cTengo el r\u00e9cord de censura (en M\u00e9xico)\u201d, comentaba a prop\u00f3sito de las varias ocasiones que sus programas en la televisi\u00f3n o la radio fueron sacados del aire por el tono de sus comentarios.<\/p>\n<p align=\"JUSTIFY\">En charla con\u00a0<i>La Jornada<\/i>, recordaba lo que hab\u00eda dicho algunos a\u00f1os atr\u00e1s: \u201cEl gobierno y el sistema mexicano han puesto en los hombres endebles de la televisi\u00f3n una gran fuente de poder\u201d.<\/p>\n<p align=\"JUSTIFY\">Y reconoc\u00eda que en la actualidad \u201cse gobierna por medio del noticiero. Los gobiernos han colaborado con la ideolog\u00eda y el sistema que estructura el pensamiento de la televisi\u00f3n\u201d.<\/p>\n<p align=\"JUSTIFY\">\u201cLa televisi\u00f3n ha hecho que el mexicano se sienta orgulloso de su ignorancia\u201d, dec\u00eda.<\/p>\n","protected":false},"excerpt":{"rendered":"<p>M\u00e9xico, DF.\u00a0El periodista y locutor veracruzano Jorge Isaac Salda\u00f1a Hern\u00e1ndez falleci\u00f3 la noche del jueves a los 83 a\u00f1os de edad. Sus restos ser\u00e1n velados en el Pante\u00f3n Franc\u00e9s para despu\u00e9s ser cremado y trasladado a su lugar de origen en Banderilla, Veracruz, el 5 de enero de 1931. Salda\u00f1a destac\u00f3 como periodista, cronista, locutor, [&hellip;]<\/p>\n","protected":false},"author":249,"featured_media":11013,"comment_status":"open","ping_status":"closed","sticky":false,"template":"","format":"standard","meta":{"footnotes":""},"categories":[1],"tags":[],"class_list":["post-11012","post","type-post","status-publish","format-standard","has-post-thumbnail","hentry","category-sin-categoria"],"_links":{"self":[{"href":"https:\/\/eloficiodehistoriar.com.mx\/index.php?rest_route=\/wp\/v2\/posts\/11012","targetHints":{"allow":["GET"]}}],"collection":[{"href":"https:\/\/eloficiodehistoriar.com.mx\/index.php?rest_route=\/wp\/v2\/posts"}],"about":[{"href":"https:\/\/eloficiodehistoriar.com.mx\/index.php?rest_route=\/wp\/v2\/types\/post"}],"author":[{"embeddable":true,"href":"https:\/\/eloficiodehistoriar.com.mx\/index.php?rest_route=\/wp\/v2\/users\/249"}],"replies":[{"embeddable":true,"href":"https:\/\/eloficiodehistoriar.com.mx\/index.php?rest_route=%2Fwp%2Fv2%2Fcomments&post=11012"}],"version-history":[{"count":1,"href":"https:\/\/eloficiodehistoriar.com.mx\/index.php?rest_route=\/wp\/v2\/posts\/11012\/revisions"}],"predecessor-version":[{"id":11014,"href":"https:\/\/eloficiodehistoriar.com.mx\/index.php?rest_route=\/wp\/v2\/posts\/11012\/revisions\/11014"}],"wp:featuredmedia":[{"embeddable":true,"href":"https:\/\/eloficiodehistoriar.com.mx\/index.php?rest_route=\/wp\/v2\/media\/11013"}],"wp:attachment":[{"href":"https:\/\/eloficiodehistoriar.com.mx\/index.php?rest_route=%2Fwp%2Fv2%2Fmedia&parent=11012"}],"wp:term":[{"taxonomy":"category","embeddable":true,"href":"https:\/\/eloficiodehistoriar.com.mx\/index.php?rest_route=%2Fwp%2Fv2%2Fcategories&post=11012"},{"taxonomy":"post_tag","embeddable":true,"href":"https:\/\/eloficiodehistoriar.com.mx\/index.php?rest_route=%2Fwp%2Fv2%2Ftags&post=11012"}],"curies":[{"name":"wp","href":"https:\/\/api.w.org\/{rel}","templated":true}]}}