{"id":11015,"date":"2014-11-03T20:03:47","date_gmt":"2014-11-04T02:03:47","guid":{"rendered":"https:\/\/eloficiodehistoriar.com.mx\/?p=11015"},"modified":"2014-11-03T20:16:18","modified_gmt":"2014-11-04T02:16:18","slug":"anoranzas-por-jorge-saldana","status":"publish","type":"post","link":"https:\/\/eloficiodehistoriar.com.mx\/?p=11015","title":{"rendered":"A\u00f1oranzas por Jorge Salda\u00f1a"},"content":{"rendered":"<div class=\"col col1\">\n<p class=\"s-s\"><a href=\"https:\/\/eloficiodehistoriar.com.mx\/wp-content\/uploads\/2014\/11\/JorgeSalda\u00f1a.jpg\"><img loading=\"lazy\" decoding=\"async\" class=\"alignleft size-medium wp-image-11017\" src=\"https:\/\/eloficiodehistoriar.com.mx\/wp-content\/uploads\/2014\/11\/JorgeSalda\u00f1a-194x300.jpg\" alt=\"JorgeSalda\u00f1a\" width=\"194\" height=\"300\" srcset=\"https:\/\/eloficiodehistoriar.com.mx\/wp-content\/uploads\/2014\/11\/JorgeSalda\u00f1a-194x300.jpg 194w, https:\/\/eloficiodehistoriar.com.mx\/wp-content\/uploads\/2014\/11\/JorgeSalda\u00f1a.jpg 200w\" sizes=\"auto, (max-width: 194px) 100vw, 194px\" \/><\/a>Peri\u00f3dico La Jornada<\/p>\n<p class=\"s-s\">S\u00e1bado 1\u00ba de noviembre de 2014, p. 7<\/p>\n<p class=\"s-s\">Por Arturo Cruz B\u00e1rcenas<\/p>\n<p class=\"s-s\">En su casa de Banderilla, Veracruz, Jorge Salda\u00f1a sembr\u00f3 hace a\u00f1os \u00e1rboles frutales que fueron para \u00e9l un motivo de orgullo; en un espacio estaba su cabina de radio, desde donde transmit\u00eda un programa de comentarios pol\u00edticos, \u00e1mbito que disfrutaba a la manera arist\u00f3telica, en el sentido de que los intelectuales deben ser las pulgas del sistema, nada palaciegos, becarios, corruptos o seres posesos mareados de poder y ego.<\/p>\n<p>Los \u00e1rboles seguir\u00e1n hacia la vejez y el <em>zoon politikon <\/em>a su perorata, pero el periodista ya no estar\u00e1 para decirles sus verdades con claridad y marcaje personal, pues muri\u00f3 en el Distrito Federal la noche del pasado jueves, a los 83 a\u00f1os.<\/p>\n<p>Uno de sus \u00faltimos libros lleva un t\u00edtulo que sugiere el car\u00e1cter del locutor del programa <em>Nostalgia: nom\u00e1s por joder.com,<\/em> colecci\u00f3n de frases, apuntes, ideas sueltas, que en conjunto son llamadas de atenci\u00f3n para que los pol\u00edticos mexicanos no crean que nadie los ve.<\/p>\n<p>En su casa se beb\u00eda vino y de vez en vez daba una botella b\u00e1quica <q>para el camino<\/q>, tras platicar horas y horas sobre la cultura, la pol\u00edtica, de los entretelones de quienes desde el poder juegan a las escondidillas entre las figuras chinas sagradas de terracota; de infidelidades amatorias en las esferas del poder, del contubernio de los partidos pol\u00edticos con la televisi\u00f3n mexicana, enajenante, inculta, manipuladora de opiniones en una sociedad sin capacidad de respuesta civil organizada, que desv\u00eda la atenci\u00f3n sobre las consecuencias de reformas estructurales en nombre del pase a la red.<\/p>\n<p class=\"sumario\">Amplia y variada trayectoria<\/p>\n<p class=\"s-s\">Su nombre completo era Jorge Isaac Salda\u00f1a Hern\u00e1ndez. Sus restos ser\u00e1n velados en el Pante\u00f3n Franc\u00e9s para despu\u00e9s ser cremado y trasladado a su lugar de origen: Banderilla, Veracruz.<\/p>\n<p>Destac\u00f3 como periodista, cronista, locutor, compositor y escritor. Estudi\u00f3 en la Facultad de Derecho de la Universidad Veracruzana; derecho internacional en La Haya, Holanda; civilizaci\u00f3n francesa, en Par\u00eds, y periodismo en Madrid.<\/p>\n<p>Trabajo muchos a\u00f1os en la conducci\u00f3n de varios programas:<em>S\u00e1bados Culturales, Desayunos con Salda\u00f1a, Anatom\u00edas, S\u00e1bados con Salda\u00f1a, Sopa de Letras, Nostalgia <\/em>y<em>A\u00f1oranzas.<\/em> Este fue su \u00faltimo jal\u00f3n, del cual asegur\u00f3 no hablar\u00eda de pol\u00edtica, sino s\u00f3lo de m\u00fasica.<\/p>\n<p>Fue cantante en caf\u00e9s de Par\u00eds, reportero en el <em>Diario de Xalapa <\/em>y<em>Dictamen de Veracruz. <\/em>Locutor en M\u00e9xico y productor de radio y televisi\u00f3n en Francia, donde vivi\u00f3 11 a\u00f1os, as\u00ed como locutor y comentarista en la Organizaci\u00f3n de las Naciones Unidas para la Educaci\u00f3n, la Ciencia y la Cultura.<\/p>\n<p>Tambi\u00e9n fue narrador de radionovelas y colaborador en Televisa, Canal Once y Canal 13. Incursion\u00f3 en dos ocasiones en la pol\u00edtica, la primera como precandidato a la gubernatura de Veracruz y la segunda como candidato registrado por el distrito que comprende Xalapa y Banderilla.<\/p>\n<\/div>\n<div class=\"col col2\">\n<p>En uno de sus \u00faltimos tuits, apenas el 24 de octubre, Salda\u00f1a se refiri\u00f3 al caso Ayotzinapa. <q>El gobernador busca vivas a 43 personas muertas y nada cambia que sean o no estudiantes. Lambiscones lo elogian con flores en el cuello.<\/q><\/p>\n<p>Se acostumbr\u00f3 a que no lo contrataran por ser cr\u00edtico \u2013al aire y fuera de \u00e9l\u2013 y rechaz\u00f3 contundente la censura. Es el <q>vociferador de que en M\u00e9xico vivimos en una televicracia<\/q>. Otra idea: <q>Tengo el r\u00e9cord de censura (en M\u00e9xico)<\/q>, comentaba a prop\u00f3sito de las varias ocasiones que sus programas en la televisi\u00f3n o la radio fueron cerrados por el tono de sus comentarios.<\/p>\n<p>En charla con <em>La Jornada,<\/em>recordaba lo que hab\u00eda dicho algunos a\u00f1os atr\u00e1s: <q>El gobierno y el sistema mexicano han puesto en los hombres endebles de la televisi\u00f3n una gran fuente de poder<\/q>.<\/p>\n<p>Y reconoc\u00eda que en la actualidad<q>se gobierna por medio del noticiero. Los gobiernos han colaborado con la ideolog\u00eda y el sistema que estructura el pensamiento de la televisi\u00f3n<\/q>.<\/p>\n<p><q>La televisi\u00f3n ha hecho que el mexicano se sienta orgulloso de su ignorancia<\/q>, dec\u00eda.<\/p>\n<p>Su \u00faltima incursi\u00f3n en televisi\u00f3n,<em>A\u00f1oranzas, <\/em>se estren\u00f3 el 8 de septiembre de 2013. <q>Estuve aqu\u00ed hace 40 a\u00f1os, en Canal Once, en la emisi\u00f3n de Luis Carbajo.<\/q> A la cita con la prensa lleg\u00f3 apoyado de un bast\u00f3n, por los <q>achaques propios de la edad<\/q>.<\/p>\n<p>Record\u00f3 que condujo <em>Nostalgia,<\/em>antecedente directo de <em>A\u00f1oranzas,<\/em>durante 18 a\u00f1os, en el entonces Canal 13. \u201cPara llegar aqu\u00ed tuve que vencer una prohibici\u00f3n sistem\u00e1tica de los medios, que no me aceptan, pero qu\u00e9 bueno que me acept\u00f3 el 11. Tard\u00e9 en regresar, pero estuve en Veracruz, haciendo radio, sobre todo. S\u00f3lo me aceptaron aqu\u00ed, pero no en la televisi\u00f3n comercial. S\u00f3lo voy a hablar de nostalgias, no de pol\u00edtica.<\/p>\n<p><q>Me fui en 1989 de la televisi\u00f3n y esperaba que me llamaran, pero nadie lo hizo. Quiero agradecer al Canal Once esta oportunidad. Para esto me pregunt\u00e9 si todav\u00eda podr\u00eda hacer televisi\u00f3n, con las arrugas, con la edad. Me di cuenta de que s\u00ed hab\u00eda esta posibilidad.<\/q><\/p>\n<p>Sol\u00eda hacer parodias pol\u00edticas, a la manera de las de \u00d3scar Ch\u00e1vez. <q>Hago parodias, pues me dan miedo las metralletas.<\/q><\/p>\n<p>En sus conciertos, como los que dio en el Teatro de la Ciudad, ofrec\u00eda disculpas por cantar un tanto descuadrado, pero eso no era \u00f3bice para los aplausos de un p\u00fablico que lo hab\u00eda seguido durante d\u00e9cadas y circunscrito en la nostalgia de canciones de El Fon\u00f3grafo.<\/p>\n<p>Canal Once transmitir\u00e1 cap\u00edtulos de <em>A\u00f1oranzas<\/em> los domingos de noviembre, a las 20 horas, y ma\u00f1ana estrenar\u00e1 a las 20 horas el programa especial <em>A\u00f1oranzas in Memoriam, <\/em>para homenajear a Salda\u00f1a. En esta compilaci\u00f3n se presentan algunos de los mejores momentos, entrevistas y canciones del programa.<\/p>\n<\/div>\n","protected":false},"excerpt":{"rendered":"<p>Peri\u00f3dico La Jornada S\u00e1bado 1\u00ba de noviembre de 2014, p. 7 Por Arturo Cruz B\u00e1rcenas En su casa de Banderilla, Veracruz, Jorge Salda\u00f1a sembr\u00f3 hace a\u00f1os \u00e1rboles frutales que fueron para \u00e9l un motivo de orgullo; en un espacio estaba su cabina de radio, desde donde transmit\u00eda un programa de comentarios pol\u00edticos, \u00e1mbito que disfrutaba [&hellip;]<\/p>\n","protected":false},"author":249,"featured_media":11017,"comment_status":"open","ping_status":"closed","sticky":false,"template":"","format":"standard","meta":{"footnotes":""},"categories":[30,24,21,10,27,22,9],"tags":[],"class_list":["post-11015","post","type-post","status-publish","format-standard","has-post-thumbnail","hentry","category-arte","category-ciudad-de-mexico","category-espectaculos","category-historia","category-latinoamerica","category-musica","category-otros-lugares"],"_links":{"self":[{"href":"https:\/\/eloficiodehistoriar.com.mx\/index.php?rest_route=\/wp\/v2\/posts\/11015","targetHints":{"allow":["GET"]}}],"collection":[{"href":"https:\/\/eloficiodehistoriar.com.mx\/index.php?rest_route=\/wp\/v2\/posts"}],"about":[{"href":"https:\/\/eloficiodehistoriar.com.mx\/index.php?rest_route=\/wp\/v2\/types\/post"}],"author":[{"embeddable":true,"href":"https:\/\/eloficiodehistoriar.com.mx\/index.php?rest_route=\/wp\/v2\/users\/249"}],"replies":[{"embeddable":true,"href":"https:\/\/eloficiodehistoriar.com.mx\/index.php?rest_route=%2Fwp%2Fv2%2Fcomments&post=11015"}],"version-history":[{"count":2,"href":"https:\/\/eloficiodehistoriar.com.mx\/index.php?rest_route=\/wp\/v2\/posts\/11015\/revisions"}],"predecessor-version":[{"id":11018,"href":"https:\/\/eloficiodehistoriar.com.mx\/index.php?rest_route=\/wp\/v2\/posts\/11015\/revisions\/11018"}],"wp:featuredmedia":[{"embeddable":true,"href":"https:\/\/eloficiodehistoriar.com.mx\/index.php?rest_route=\/wp\/v2\/media\/11017"}],"wp:attachment":[{"href":"https:\/\/eloficiodehistoriar.com.mx\/index.php?rest_route=%2Fwp%2Fv2%2Fmedia&parent=11015"}],"wp:term":[{"taxonomy":"category","embeddable":true,"href":"https:\/\/eloficiodehistoriar.com.mx\/index.php?rest_route=%2Fwp%2Fv2%2Fcategories&post=11015"},{"taxonomy":"post_tag","embeddable":true,"href":"https:\/\/eloficiodehistoriar.com.mx\/index.php?rest_route=%2Fwp%2Fv2%2Ftags&post=11015"}],"curies":[{"name":"wp","href":"https:\/\/api.w.org\/{rel}","templated":true}]}}