{"id":11026,"date":"2014-12-04T11:32:50","date_gmt":"2014-12-04T17:32:50","guid":{"rendered":"https:\/\/eloficiodehistoriar.com.mx\/?p=11026"},"modified":"2014-12-04T11:33:18","modified_gmt":"2014-12-04T17:33:18","slug":"11026","status":"publish","type":"post","link":"https:\/\/eloficiodehistoriar.com.mx\/?p=11026","title":{"rendered":"Muere Vicente Le\u00f1ero"},"content":{"rendered":"<p class=\"ecxMsoNormal\" style=\"text-align: justify;\"><b>Muere Vicente Le\u00f1ero<\/b><\/p>\n<p class=\"ecxMsoNormal\" style=\"text-align: justify;\"><b>\u00a0<\/b><\/p>\n<p class=\"ecxMsoNormal\" style=\"text-align: justify;\"><b>\u00a0(apro)<\/b><\/p>\n<p class=\"ecxMsoNormal\" style=\"text-align: justify;\"><b>Uno de los m\u00e1s destacados y entra\u00f1ables hombres de las letras nacionales, Vicente Le\u00f1ero (Guadalajara, 9 de junio de 1933), pilar fundador del semanario Proceso del cual fue subdirector y era a\u00fan vicepresidente del consejo de administraci\u00f3n, falleci\u00f3 esta ma\u00f1ana de c\u00e1ncer pulmonar a los 81 a\u00f1os en su casa de San Pedro de los Pinos en esta ciudad, a las 7:56 horas.<\/b><\/p>\n<p class=\"ecxMsoNormal\" style=\"text-align: justify;\"><b>Con estudios de ingenier\u00eda en la UNAM, estudi\u00f3 periodismo en la Escuela Carlos Septi\u00e9n Garc\u00eda, m\u00e1s atra\u00eddo por las letras, donde incursionar\u00eda en el cuento, la novela, el teatro y el guionismo de televisi\u00f3n y cine. Salt\u00f3 a la palestra literaria con una novela que lo situar\u00eda en la escena mexicana e internacional, Los alba\u00f1iles, con la cual obtuvo en 1963 el Premio Biblioteca Breve Seix Barral otorgado en Espa\u00f1a. De hecho, fue el primer narrador mexicano en llevarse una presea a nivel mundial.<\/b><\/p>\n<p class=\"ecxMsoNormal\" style=\"text-align: justify;\"><b>Fue becario del Instituto de Cultura Hisp\u00e1nica de Madrid en 1956 y, a finales de la d\u00e9cada siguiente, del Centro Mexicano de Escritores y de la Fundaci\u00f3n Guggenheim.<\/b><\/p>\n<p class=\"ecxMsoNormal\" style=\"text-align: justify;\"><b>Adem\u00e1s de ser designado miembro de la Academia Mexicana de la Lengua, se le distingui\u00f3 con innumerables reconocimientos hasta alcanzar la mayor presea mexicana, el Premio Nacional de Letras, en 2001.<\/b><\/p>\n<p class=\"ecxMsoNormal\" style=\"text-align: justify;\"><b>Destacan sus libros, adem\u00e1s de Los Alba\u00f1iles, Estudio Q (1965), El garabato (1967), Redil de ovejas (1972), Los periodistas (1978), El evangelio de Lucas Gavil\u00e1n (1979), Asesinato (1985) y La vida que se va (1999).<\/b><\/p>\n<p class=\"ecxMsoNormal\" style=\"text-align: justify;\"><b>Su carrera period\u00edstica comenz\u00f3 en la revista cat\u00f3lica Se\u00f1al, y fue director de la revista Claudia entre 1969 y 1972, con un equipo integrado por escritores de su generaci\u00f3n como Jos\u00e9 Agust\u00edn, Gustavo S\u00e1inz e Ignacio Solares; de ah\u00ed, Julio Scherer Garc\u00eda, director de Exc\u00e9lsior, lo invit\u00f3 a conducir la revista m\u00e1s antigua de nuestro pa\u00eds, Revista de Revistas, a cuyo frente permaneci\u00f3 de 1973 a 1976, dejando una huella notable en la generaci\u00f3n emergente de narradores y cronistas. Pues fue del g\u00e9nero de la cr\u00f3nica uno de sus baluartes, con algunos de los textos cl\u00e1sicos del oficio recogidos en Talacha period\u00edstica y republicados este a\u00f1o en Conaculta la colecci\u00f3n periodismo cultural como Periodismo de emergencia.<\/b><\/p>\n<p class=\"ecxMsoNormal\" style=\"text-align: justify;\"><b>En al \u00e1mbito del teatro no luci\u00f3 menos, sus obras trocaron la realidad con un lenguaje dirigido a la actualidad como no hab\u00eda conocido la dramaturgia mexicana; primero con Ignacio Retes y m\u00e1s tarde con Luis de Tavira integr\u00f3 una mancuerna formidable en puestas como La mudanza, Nada sabe nada, La noche de Hern\u00e1n Cort\u00e9s y El martirio de Morelos.<\/b><\/p>\n<p class=\"ecxMsoNormal\" style=\"text-align: justify;\"><b>Para la pantalla grande trabaj\u00f3 con los mejores directores de M\u00e9xico, llevando sus guiones a pel\u00edculas imborrables como Los alba\u00f1iles, Los de abajo, El callej\u00f3n de los milagros y El crimen del Padre Amaro.<\/b><\/p>\n<p class=\"ecxMsoNormal\" style=\"text-align: justify;\"><b>Desde una perspectiva cat\u00f3lica heterodoxa cuestion\u00f3 las posturas de la Iglesia y se acerc\u00f3 a la Teolog\u00eda de la Liberaci\u00f3n, sobre todo en su novela (luego llevada al teatro) El evangelio de Lucas Gavil\u00e1n. Se interes\u00f3 en esa misma l\u00ednea por los movimientos liberadores en el cristianismo contempor\u00e1neo al testimoniar las luchas de Gregorio Lemercier y Sergio M\u00e9ndez Arceo.<\/b><\/p>\n<p class=\"ecxMsoNormal\" style=\"text-align: justify;\"><b>En 1976, Vicente Le\u00f1ero conden\u00f3 el llamado golpe a Exc\u00e9lsior asestado por el gobierno de Echeverr\u00eda contra la direcci\u00f3n de Exc\u00e9lsior que, con Julio Scherer Garc\u00eda al frente, hab\u00eda iniciado un periodismo cr\u00edtico de enorme rigor. El 8 de julio de ese a\u00f1o Le\u00f1ero fue uno de los m\u00e1s de 200 miembros de la cooperativa Exc\u00e9lsior que respald\u00f3 a Scherer, quien de inmediato se alist\u00f3 para responder al r\u00e9gimen con una nueva publicaci\u00f3n: la revista Proceso.<\/b><\/p>\n<p class=\"ecxMsoNormal\" style=\"text-align: justify;\"><b>Su recuento de aquellos sucesos los plasm\u00f3 en la novela de no-ficci\u00f3n Los periodistas dos a\u00f1os m\u00e1s tarde. En Proceso llegar\u00eda a realizar trabajos de primer nivel, y su entrevista con el comandante Marcos alcanz\u00f3 difusi\u00f3n internacional en 1994, no s\u00f3lo por ser la primera sino por su impecable trabajo informativo y como un testimonio de cr\u00f3nica acuciosa.<\/b><\/p>\n<p class=\"ecxMsoNormal\" style=\"text-align: justify;\"><b>Desde su puesto como subdirector general del semanario, verdadero brazo derecho de Julio Scherer durante 20 a\u00f1os, anim\u00f3 su secci\u00f3n cultural con ah\u00ednco y experiencia singular, impulsando la informaci\u00f3n de ese territorio al mismo nivel que el de las noticias de pol\u00edtica y econom\u00eda.<\/b><\/p>\n<p class=\"ecxMsoNormal\" style=\"text-align: justify;\"><b>El Consejo Nacional para la Cultura y las Artes (Conaculta) y el Instituto Nacional de las Bellas Artes (INBA) rendir\u00e1n ma\u00f1ana a las 12 horas un homenaje al escritor jalisciense, cuyos restos ser\u00e1n cremados esta tarde en una ceremonia privada de la familia Le\u00f1ero Franco: Su esposa, Estela y sus cuatro hijas Estela, Isabel, Eugenia y Mariana.<\/b><\/p>\n<p class=\"ecxMsoNormal\" style=\"text-align: justify;\"><b>Desde mayo se supo de su enfermedad. Se hallaba escribiendo el tercer volumen de una trilog\u00eda de cuentos entre la realidad y la ficci\u00f3n, cuyos dos t\u00edtulos fueron Gente as\u00ed y M\u00e1s gente as\u00ed.<\/b><\/p>\n<p class=\"ecxMsoNormal\" style=\"text-align: justify;\"><b>\u00a0<\/b><\/p>\n<p class=\"ecxMsoNormal\" style=\"text-align: justify;\"><b>\u00a0<\/b><\/p>\n<p class=\"ecxMsoNormal\" style=\"text-align: justify;\"><b>La Jornada<\/b><\/p>\n<p class=\"ecxMsoNormal\" style=\"text-align: justify;\"><b>El periodista, escritor y dramaturgo Vicente Le\u00f1ero, de 81 a\u00f1os, falleci\u00f3 en su casa hoy 3\u00a0 de diciembre del 2014 a las 9:00 horas a causa de un c\u00e1ncer pulmonar que le ten\u00eda delicado de salud. Ma\u00f1ana a las 12:00 horas se le rendir\u00e1 un homenaje en el Palacio de Bellas Artes.<\/b><\/p>\n<p class=\"ecxMsoNormal\" style=\"text-align: justify;\"><b>Nacido el 9 de junio de 1933 en Guadalajara, Le\u00f1ero estudi\u00f3 ingenier\u00eda civil en la Universidad Aut\u00f3noma Nacional de M\u00e9xico y periodismo en la Escuela Carlos Septi\u00e9n Garc\u00eda. Entre sus obras destacan Los alba\u00f1iles (1963), que fue llevado al cine, El garabato (1967), El evangelio de Lucas Gavil\u00e1n (1979), Asesinato (1985) y La vida que se va (1999).<\/b><\/p>\n<p class=\"ecxMsoNormal\" style=\"text-align: justify;\"><b>Fue subdirector de la revista Proceso de 1977 a 1998.<\/b><\/p>\n<p class=\"ecxMsoNormal\" style=\"text-align: justify;\"><b>Entre los reconocimientos que recibi\u00f3 figuran el Premio Xavier Villaurrutia por su antolog\u00eda La inocencia de este mundo y el Premio Nacional de Ciencias y Artes, en el \u00e1rea de Ling\u00fc\u00edstica y Literatura, ambos en 2001.<\/b><\/p>\n<p class=\"ecxMsoNormal\" style=\"text-align: justify;\"><b>En 2011 ingres\u00f3 a la Academia Mexicana de la Lengua.<\/b><\/p>\n<p class=\"ecxMsoNormal\" style=\"text-align: justify;\"><b>Hace un a\u00f1o, en 2013, Vicente Le\u00f1ero no acept\u00f3 homenajes ni festejos en su onom\u00e1stico. \u00abSiempre fui muy t\u00edmido y aislado\u00bb, dijo el reconocido autor.<\/b><\/p>\n<p class=\"ecxMsoNormal\" style=\"text-align: justify;\"><b>Enfatiz\u00f3: \u00abMe choca cumplir a\u00f1os y no lo voy a celebrar, ya se lo dije a todo mundo. Uno puede celebrar publicar un libro y el acierto o la fortuna de los amigos y de la amistad, pero no deber\u00eda hacerlo con los cumplea\u00f1os\u00bb.<\/b><\/p>\n<p class=\"ecxMsoNormal\" style=\"text-align: justify;\"><b>Del autor de Los alba\u00f1iles, su esposa Estela Franco, subray\u00f3 -en esos d\u00edas- la armon\u00eda y la amorosa relaci\u00f3n que imper\u00f3 en su matrimonio por m\u00e1s de 50 a\u00f1os.<\/b><\/p>\n<p class=\"ecxMsoNormal\" style=\"text-align: justify;\"><b>\u00abLo admiro como persona y como escritor. Siempre lo he alentado, lo he acompa\u00f1ado en toda nuestra convivencia. Es un hombre obsesivo en su trabajo. Por fortuna, tiene muchos a\u00f1os que se dedica a ello en su biblioteca y siempre lo veo escribiendo y muy dedicado. Claro, esto ha ido bajando un poco, porque antes escrib\u00eda much\u00edsimo\u00bb.<\/b><\/p>\n<p class=\"ecxMsoNormal\" style=\"text-align: justify;\"><b>Sin embargo, prosigui\u00f3 Franco, siempre lo veo ocupado, \u201cporque es muy generoso; a sus alumnos, a gente que le pide que le revise sus novelas o guiones, responde siempre con mucha responsabilidad.\u00bb<\/b><\/p>\n<p class=\"ecxMsoNormal\" style=\"text-align: justify;\"><b>De hecho, subray\u00f3 que la admiraci\u00f3n hacia su esposo radicaba en que \u201cera un hombre muy comprometido. Est\u00e1bamos muy unidos en la cuesti\u00f3n religiosa, y que sea un hombre tan trabajador para m\u00ed ha sido muy respetable. Siempre ha estado conmigo, en las buenas y las malas\u00bb.<\/b><\/p>\n<p class=\"ecxMsoNormal\" style=\"text-align: justify;\"><b>De su biograf\u00eda el promotor cultural y editor Jos\u00e9 Mar\u00eda Espinosa dio cuenta en un texto que se public\u00f3 en La Jornada Semanal, suplemento cultural de esta casa editorial, con el cual se sum\u00f3 a las celebraciones y homenajes que recibi\u00f3 \u201cuno de los m\u00e1s importantes narradores mexicanos de la segunda mitad del siglo XX\u201d en sus ocho d\u00e9cadas de vida.<\/b><\/p>\n<p class=\"ecxMsoNormal\" style=\"text-align: justify;\"><b>\u00a0<\/b><\/p>\n<p class=\"ecxMsoNormal\" style=\"text-align: justify;\"><b>Espinasa record\u00f3: <i>\u201cEn 1961, despu\u00e9s de terminar sus estudios de ingenier\u00eda, se da a conocer como escritor con el libro La voz adolorida. R\u00e1pidamente se vuelve protagonista de las letras mexicanas, y suma a su incansable trabajo como editor y periodista una constante actividad literaria que no se limitar\u00e1 a la narrativa, sino que se extender\u00e1 con el tiempo a otros g\u00e9neros, como el teatro y el gui\u00f3n de cine\u201d.<\/i><\/b><\/p>\n<p class=\"ecxMsoNormal\" style=\"text-align: justify;\"><b>En 1963, prosigui\u00f3, con la aparici\u00f3n de Los alba\u00f1iles, distinguida con el Premio Biblioteca Breve, pareci\u00f3 proyectarlo, junto a Carlos Fuentes, como el otro protagonista mexicano del boom.<\/b><\/p>\n<p class=\"ecxMsoNormal\" style=\"text-align: justify;\"><b>\u201cLa novela es hoy por hoy un libro de referencia y ha aguantado mucho mejor que otras novelas de sus contempor\u00e1neos el paso del tiempo. Pero Le\u00f1ero no fue el protagonista que se esperaba del boom, simplemente sigui\u00f3 siendo un gran escritor\u201d.<\/b><\/p>\n<p class=\"ecxMsoNormal\" style=\"text-align: justify;\"><b>Incluso, destac\u00f3 Espinasa, \u201cese profesionalismo, ese oficio, est\u00e1 puesto al servicio de la obra con gran inteligencia. Todos los textos de Le\u00f1ero son obra personal, incluso los que se pueden considerar estrictamente pedidos laborales \u2013como un gui\u00f3n de cine, por ejemplo\u2013, y eso los vuelve notable literatura\u201d.<\/b><\/p>\n<p class=\"ecxMsoNormal\" style=\"text-align: justify;\"><b>Tambi\u00e9n, \u201cLe\u00f1ero es a veces un novelista realista con tintes pol\u00edticos, y rinde por ello homenaje a modelos como Mart\u00edn Luis Guzm\u00e1n, Rulfo o Revueltas, o incluso a compa\u00f1eros de generaci\u00f3n como Ibarg\u00fcengoitia\u201d.<\/b><\/p>\n<p class=\"ecxMsoNormal\" style=\"text-align: justify;\"><b>A la vez, prosigui\u00f3 Espinasa, \u201ces un gran lector de Arreola, de la literatura fant\u00e1stica, de la polic\u00edaca y de la experimental (en \u201cLas uvas estaban verdes\u201d cuenta las desgracias de Estudio Q, cuando el mercado reclama realismo m\u00e1gico). Eso le permite ser muy vers\u00e1til. A eso agrega su capacidad de escuchar el habla, su o\u00eddo para los giros idiom\u00e1ticos (s\u00f3lo comparable al de Ricardo Garibay). Por eso prolonga las b\u00fasquedas de la narrativa de la Revoluci\u00f3n Mexicana en un contexto urbano y con introspecciones psicol\u00f3gicas e intimistas\u201d.<\/b><\/p>\n<p class=\"ecxMsoNormal\" style=\"text-align: justify;\"><b>Vicente Le\u00f1ero estudi\u00f3 ingenier\u00eda en la Universidad Nacional Aut\u00f3noma de M\u00e9xico (UNAM) y periodismo en la Escuela Carlos Septi\u00e9n Garc\u00eda. Se desempe\u00f1\u00f3 como director de famosas revistas mexicanas y fue integrante del Sistema Nacional de Creadores desde 1994.<\/b><\/p>\n<p class=\"ecxMsoNormal\" style=\"text-align: justify;\"><b>Adem\u00e1s fue galardonado con los premios Biblioteca Breve, en 1963, por Los alba\u00f1iles; Premio Mazatl\u00e1n de Literatura 1987, por Puros cuentos; Premio de Dramaturgia Juan Ruiz de Alarc\u00f3n 1992, por su trayectoria como dramaturgo.<\/b><\/p>\n<p class=\"ecxMsoNormal\" style=\"text-align: justify;\"><b>Asimismo,obtuvo los premios Nacional de Periodismo Cultural Fernando Ben\u00edtez 1997; el Xavier Villaurrutia 2000, por La inocencia de este mundo, y el Nacional de Literatura y Ling\u00fc\u00edstica 2001, entre otros galardones.<\/b><\/p>\n<p class=\"ecxMsoNormal\" style=\"text-align: justify;\" align=\"center\"><b>\u00a0<\/b><\/p>\n<p class=\"ecxMsoNormal\" style=\"text-align: justify;\" align=\"center\"><b>\u00a0<\/b><\/p>\n<p class=\"ecxMsoNormal\" style=\"text-align: justify;\" align=\"center\"><b>\u00a0<\/b><\/p>\n<p class=\"ecxMsoNormal\" style=\"text-align: justify;\" align=\"center\"><b>\u00a0<\/b><\/p>\n<p class=\"ecxMsoNormal\" style=\"text-align: justify;\" align=\"center\"><b>\u00a0<\/b><\/p>\n<p class=\"ecxMsoNormal\" style=\"text-align: justify;\" align=\"center\"><b>\u00a0<\/b><\/p>\n<p class=\"ecxMsoNormal\" style=\"text-align: justify;\" align=\"center\"><b>\u00a0<\/b><\/p>\n<p class=\"ecxMsoNormal\" style=\"text-align: justify;\" align=\"center\">Vicente\u00a0 Le\u00f1ero<\/p>\n<p class=\"ecxMsoNormal\" style=\"text-align: justify;\" align=\"center\">en sus ochenta a\u00f1os<\/p>\n<p class=\"ecxMsoNormal\" style=\"text-align: justify;\">Jos\u00e9 Mar\u00eda Espinosa<\/p>\n<p class=\"ecxMsoNormal\" style=\"text-align: justify;\">2013 es un a\u00f1o de celebraciones para Vicente Le\u00f1ero, uno de los m\u00e1s importantes narradores mexicanos de la segunda mitad del siglo XX. Le\u00f1ero nace en Guadalajara en 1933 \u2013cumple, pues ochenta a\u00f1os\u2013 y en 1961, despu\u00e9s de terminar sus estudios de ingenier\u00eda, se da a conocer como escritor con el libro La voz adolorida. R\u00e1pidamente se vuelve protagonista de las letras mexicanas, y suma a su incansable trabajo como editor y periodista una constante actividad literaria que no se limitar\u00e1 a la narrativa, sino que se extender\u00e1 con el tiempo a otros g\u00e9neros, como el teatro y el gui\u00f3n de cine.<\/p>\n<p class=\"ecxMsoNormal\" style=\"text-align: justify;\">La aparici\u00f3n en 1963 de Los alba\u00f1iles, que cumple cincuenta a\u00f1os, distinguida con el Premio Biblioteca Breve, pareci\u00f3 proyectarlo, junto a Carlos Fuentes, como el otro protagonista mexicano del boom. La novela es hoy por hoy un libro de referencia y ha aguantado mucho mejor que otras novelas de sus contempor\u00e1neos el paso del tiempo. Pero Le\u00f1ero no fue el protagonista que se esperaba del boom, simplemente sigui\u00f3 siendo un gran escritor. El libro M\u00e1s gente as\u00ed, de reciente publicaci\u00f3n, se abre precisamente con un retrato de su relaci\u00f3n \u2013sus desencuentros\u2013 con Carmen Balcells, pieza fundamental del tinglado econ\u00f3mico-publicitario que llamamos el boom.<\/p>\n<p class=\"ecxMsoNormal\" style=\"text-align: justify;\">Siempre me ha llamado la atenci\u00f3n el alto nivel cualitativo de la literatura de Le\u00f1ero, y la presencia tan evidente de eso que llamamos oficio. Es, entre los novelistas de su generaci\u00f3n, la que va digamos de Carlos Fuentes (1927) a Fernando del Paso (1935), el m\u00e1s profesional de los escritores. Utilizo, al menos en esta ocasi\u00f3n, el calificativo como un elogio. Cada vez que leo un libro suyo, su capacidad me sorprende, ya sea en sus novelas m\u00e1s directamente literarias o en esas non fiction novel, como Los periodistas o Asesinato. Cuando le\u00ed esta \u00faltima me dej\u00f3 at\u00f3nito que el mamotreto de quinientas p\u00e1ginas me lo hubiera le\u00eddo de corrido y, como dice la cursiler\u00eda popular, en un suspiro. Su condici\u00f3n estrictamente documental no evitaba leerla como un thriller pol\u00edtico-psicol\u00f3gico.<\/p>\n<p class=\"ecxMsoNormal\" style=\"text-align: justify;\">Ese profesionalismo, ese oficio, est\u00e1 puesto al servicio de la obra con gran inteligencia. Todos los textos de Le\u00f1ero son obra personal, incluso los que se pueden considerar estrictamente pedidos laborales \u2013como un gui\u00f3n de cine, por ejemplo\u2013, y eso los vuelve notable literatura. M\u00e1s all\u00e1 del experimentalismo de algunas de sus novelas, es un autor ligado al realismo, a un realismo deudor de las pr\u00e1cticas del reportero. Hace unos a\u00f1os, cuando apareci\u00f3 Gente as\u00ed, a la que podemos considerar primera parte del libro que la publicaci\u00f3n de M\u00e1s gente as\u00ed completa, mi entusiasmo fue absoluto y lo le\u00ed dos veces una detr\u00e1s de otra, y despu\u00e9s vuelvo a sus relatos-reportajes con frecuencia. Su homenaje a Rulfo me hace re\u00edr con ganas y me permite ver su capacidad para homenajear al amigo y al escritor incluso en la parodia.<\/p>\n<p class=\"ecxMsoNormal\" style=\"text-align: justify;\">Hacer del chisme una obra maestra requiere sin duda un gran talento. Le\u00f1ero consigue, adem\u00e1s, que al ser extraordinarios retratos de \u00e9poca, dejen de ser chismes. Juegos anecd\u00f3ticos y verbales, entramados referenciales y auto referenciales (en muchos de los textos el protagonista es el propio Le\u00f1ero, como figura p\u00fablica pero tambi\u00e9n como figura familiar o personal, los puentes entre los diferentes niveles est\u00e1n trazados por el trato, la amistad y la admiraci\u00f3n) le permiten distanciar los textos, emotivos y emocionantes, pero sin chantaje dram\u00e1tico.<\/p>\n<p class=\"ecxMsoNormal\" style=\"text-align: justify;\">Le\u00f1ero es a veces un novelista realista con tintes pol\u00edticos, y rinde por ello homenaje a modelos como Mart\u00edn Luis Guzm\u00e1n, Rulfo o Revueltas, o incluso a compa\u00f1eros de generaci\u00f3n como Ibarg\u00fcengoitia. A la vez es un gran lector de Arreola, de la literatura fant\u00e1stica, de la polic\u00edaca y de la experimental (en \u201cLas uvas estaban verdes\u201d cuenta las desgracias de Estudio Q, cuando el mercado reclama realismo m\u00e1gico). Eso le permite ser muy vers\u00e1til. A eso agrega su capacidad de escuchar el habla, su o\u00eddo para los giros idiom\u00e1ticos (s\u00f3lo comparable al de Ricardo Garibay). Por eso prolonga las b\u00fasquedas de la narrativa de la Revoluci\u00f3n Mexicana en un contexto urbano y con introspecciones psicol\u00f3gicas e intimistas.<\/p>\n<p class=\"ecxMsoNormal\" style=\"text-align: justify;\">Por eso puede afrontar la vida de Morelos como materia narrativa desde una historia de amor y no desde el car\u00e1cter \u00e9pico de la lucha independentista en M\u00e1s gente as\u00ed. Le\u00f1ero admira el sesgo negro con que Ibarg\u00fcengoitia retrat\u00f3 a Hidalgo en Los pasos de L\u00f3pez, pero no es ese su tono. El guanajuatense humaniza al subrayar en los h\u00e9roes la condici\u00f3n de claroscuro; Le\u00f1ero en cambio los humaniza al volverlos sujetos de pasiones menores en las que se conserva el sino tr\u00e1gico.<\/p>\n<p class=\"ecxMsoNormal\" style=\"text-align: justify;\">En este d\u00edptico \u2013Gente as\u00ed y M\u00e1s gente as\u00ed\u2013 Le\u00f1ero muestra su extraordinario nivel como cuentista. A la vez que propone una condici\u00f3n contextual o circunstancial del relato, pues disfraza el cuento de cr\u00f3nica, de reportaje, de confesi\u00f3n, de confidencia e infidencia, o hasta de ensayo, es decir de cuento en un sentido muy intenso. La palabra \u201cgente\u201d en ambos t\u00edtulos encierra una de las claves. Antes, no s\u00e9 si se sigue haciendo ahora, los profesores de redacci\u00f3n se\u00f1alaban el peligro del t\u00e9rmino, su condici\u00f3n de plural singular, y el retint\u00edn un tanto despectivo del t\u00e9rmino: la gente es distinto de las personas, parece darles (a ellas, a quienes designa) un sentido ordinario, gregario, com\u00fan, las despersonaliza precisamente.<\/p>\n<p class=\"ecxMsoNormal\" style=\"text-align: justify;\">Le\u00f1ero hace exactamente lo contrario: las individualiza y las vuelve relevantes en su condici\u00f3n com\u00fan, \u00e9l incluido. Por eso su Gente as\u00ed resulta profundamente iconoclasta, divertida, con humor y con profundidad al mismo tiempo. La gente se vuelve(n) gentes sin desdoro gramatical. La verdad, con min\u00fascula o con may\u00fascula, es un personaje m\u00e1s de la ficci\u00f3n. El maestro del periodismo y del teatro, del guion cinematogr\u00e1fico y de la novela, es tambi\u00e9n, en una tradici\u00f3n que los tiene extraordinarios, uno de nuestros mejores cuentistas. As\u00ed, agradeci\u00e9ndole el placer de leerlo, me quiero sumar a la celebraci\u00f3n de sus ochenta a\u00f1os.<\/p>\n","protected":false},"excerpt":{"rendered":"<p>Muere Vicente Le\u00f1ero \u00a0 \u00a0(apro) Uno de los m\u00e1s destacados y entra\u00f1ables hombres de las letras nacionales, Vicente Le\u00f1ero (Guadalajara, 9 de junio de 1933), pilar fundador del semanario Proceso del cual fue subdirector y era a\u00fan vicepresidente del consejo de administraci\u00f3n, falleci\u00f3 esta ma\u00f1ana de c\u00e1ncer pulmonar a los 81 a\u00f1os en su casa [&hellip;]<\/p>\n","protected":false},"author":249,"featured_media":11027,"comment_status":"open","ping_status":"closed","sticky":false,"template":"","format":"standard","meta":{"footnotes":""},"categories":[1],"tags":[],"class_list":["post-11026","post","type-post","status-publish","format-standard","has-post-thumbnail","hentry","category-sin-categoria"],"_links":{"self":[{"href":"https:\/\/eloficiodehistoriar.com.mx\/index.php?rest_route=\/wp\/v2\/posts\/11026","targetHints":{"allow":["GET"]}}],"collection":[{"href":"https:\/\/eloficiodehistoriar.com.mx\/index.php?rest_route=\/wp\/v2\/posts"}],"about":[{"href":"https:\/\/eloficiodehistoriar.com.mx\/index.php?rest_route=\/wp\/v2\/types\/post"}],"author":[{"embeddable":true,"href":"https:\/\/eloficiodehistoriar.com.mx\/index.php?rest_route=\/wp\/v2\/users\/249"}],"replies":[{"embeddable":true,"href":"https:\/\/eloficiodehistoriar.com.mx\/index.php?rest_route=%2Fwp%2Fv2%2Fcomments&post=11026"}],"version-history":[{"count":2,"href":"https:\/\/eloficiodehistoriar.com.mx\/index.php?rest_route=\/wp\/v2\/posts\/11026\/revisions"}],"predecessor-version":[{"id":11029,"href":"https:\/\/eloficiodehistoriar.com.mx\/index.php?rest_route=\/wp\/v2\/posts\/11026\/revisions\/11029"}],"wp:featuredmedia":[{"embeddable":true,"href":"https:\/\/eloficiodehistoriar.com.mx\/index.php?rest_route=\/wp\/v2\/media\/11027"}],"wp:attachment":[{"href":"https:\/\/eloficiodehistoriar.com.mx\/index.php?rest_route=%2Fwp%2Fv2%2Fmedia&parent=11026"}],"wp:term":[{"taxonomy":"category","embeddable":true,"href":"https:\/\/eloficiodehistoriar.com.mx\/index.php?rest_route=%2Fwp%2Fv2%2Fcategories&post=11026"},{"taxonomy":"post_tag","embeddable":true,"href":"https:\/\/eloficiodehistoriar.com.mx\/index.php?rest_route=%2Fwp%2Fv2%2Ftags&post=11026"}],"curies":[{"name":"wp","href":"https:\/\/api.w.org\/{rel}","templated":true}]}}