{"id":11031,"date":"2014-12-05T18:55:43","date_gmt":"2014-12-06T00:55:43","guid":{"rendered":"https:\/\/eloficiodehistoriar.com.mx\/?p=11031"},"modified":"2014-12-05T18:55:43","modified_gmt":"2014-12-06T00:55:43","slug":"el-historiador-jurista-y-diplomatico-silvio-zavala-fallecio-hoy-a-los-105-anos-informo-en-un-comunicado-el-instituto-nacional-de-antropologia-e-historia-inah","status":"publish","type":"post","link":"https:\/\/eloficiodehistoriar.com.mx\/?p=11031","title":{"rendered":"El historiador, jurista y diplom\u00e1tico Silvio Zavala falleci\u00f3 hoy a los 105 a\u00f1os, inform\u00f3 en un comunicado el Instituto Nacional de Antropolog\u00eda e Historia (INAH)."},"content":{"rendered":"<p class=\"ecxMsoNormal\" style=\"text-align: justify;\">El historiador, jurista y diplom\u00e1tico Silvio Zavala falleci\u00f3 hoy a los 105 a\u00f1os, inform\u00f3 en un comunicado el Instituto Nacional de Antropolog\u00eda e Historia (INAH).<\/p>\n<p class=\"ecxMsoNormal\" style=\"text-align: justify;\">Ex director del Museo Nacional de Historia, en el Castillo de Chapultepec, de 1946 a 1953, mantuvo una estrecha relaci\u00f3n con el Instituto, que lo llev\u00f3 a donar su acervo personal a la Biblioteca Nacional de Antropolog\u00eda e Historia.<\/p>\n<p class=\"ecxMsoNormal\" style=\"text-align: justify;\">Destaca el testimonio de un intercambio epistolar con el historiador Rafael Altamira, en el que se da destimonio de las condiciones del intelectual espa\u00f1ol exiliado en Francia durante la Segunda Guerra Mundial.<\/p>\n<p class=\"ecxMsoNormal\" style=\"text-align: justify;\">El corpus de cartas enviadas por Rafael Altamira a Silvio Zavala es s\u00f3lo una parte de los documentos, testimonios, reconocimientos, diplomas y pasaportes espa\u00f1oles que el propio diplom\u00e1tico entreg\u00f3 a la biblioteca del INAH, para su resguardo.<\/p>\n<p class=\"ecxMsoNormal\" style=\"text-align: justify;\">Hace unos minutos, por medio de su cuenta de twitter, El Colegio Nacional, inform\u00f3 del fallecimiento del yucateco Silvio Zavala Vallado. El historiador, diplom\u00e1tico y catedr\u00e1tico, quien naci\u00f3 el 7 de febrero de 1909 en M\u00e9rida, falleci\u00f3 a los 105 a\u00f1os en la ciudad de M\u00e9xico.<\/p>\n<p class=\"ecxMsoNormal\" style=\"text-align: justify;\">Hijo de Arturo Zavala Castillo y Mercedes Vallado Garc\u00eda, don Silvio realiz\u00f3 sus estudios b\u00e1sico y medio superior en escuelas \u201cConsuelo Zavala\u201d y \u201cEscuela Modelo\u201d. Se gradu\u00f3 del Instituto Literario de Yucat\u00e1n y despu\u00e9s, de la entonces Universidad del Sureste, hoy Universidad Aut\u00f3noma de Yucat\u00e1n y finalmente en la Facultad de Filosof\u00eda y Letras de la Universidad Nacional Aut\u00f3noma de M\u00e9xico.<\/p>\n<p class=\"ecxMsoNormal\" style=\"text-align: justify;\">Silvio Zavala naci\u00f3 en la ciudad de M\u00e9rida, Yucat\u00e1n, el 7 de febrero de 1909. Fue elegido el 11 de junio de 1976 para ser el 6.\u00b0 ocupante de la silla XVIII. Tom\u00f3 posesi\u00f3n el 28 de enero de 1977. Estudi\u00f3 en la Universidad del Sureste y la Universidad Nacional Aut\u00f3noma de M\u00e9xico. Obtuvo el grado de doctor en derecho por la Universidad Central de Madrid.<\/p>\n<p class=\"ecxMsoNormal\" style=\"text-align: justify;\">Entre sus obras destacan<\/p>\n<p class=\"ecxMsoNormal\" style=\"text-align: justify;\">La encomienda indiana, 1935;<\/p>\n<p class=\"ecxMsoNormal\" style=\"text-align: justify;\">Ensayos sobre la colonizaci\u00f3n espa\u00f1ola en Am\u00e9rica, 1944;<\/p>\n<p class=\"ecxMsoNormal\" style=\"text-align: justify;\">La defensa de los derechos del hombre en Am\u00e9rica Latina. Siglos XVI-XVIII,<\/p>\n<p class=\"ecxMsoNormal\" style=\"text-align: justify;\">1963; Recuerdo de Vasco de Quiroga<\/p>\n<p class=\"ecxMsoNormal\" style=\"text-align: justify;\">1966; El mundo americano en la \u00e9poca colonial<\/p>\n<p class=\"ecxMsoNormal\" style=\"text-align: justify;\">Fuentes para la historia del trabajo en la Nueva Espa\u00f1a, 1980<\/p>\n<p class=\"ecxMsoNormal\" style=\"text-align: justify;\">Apuntes de historia nacional 1808-1974,1990<\/p>\n<p class=\"ecxMsoNormal\" style=\"text-align: justify;\">Es miembro de El Colegio Nacional y de la Academia Mexicana de la Historia, de la cual ha sido director.<\/p>\n<p class=\"ecxMsoNormal\" style=\"text-align: justify;\">Fund\u00f3 y dirigi\u00f3 el Centro de Estudios Hist\u00f3ricos de El Colegio de M\u00e9xico, instituci\u00f3n que presidi\u00f3 de 1963 a 1966 y de la cual es profesor em\u00e9rito.<\/p>\n<p class=\"ecxMsoNormal\" style=\"text-align: justify;\">Entre sus premios se encuentran: el Serra de las Am\u00e9ricas de la Academy of American Franciscan History 1959; el Nacional de Ciencias y Artes 1969, y el Premio Pr\u00edncipe de Asturias en la categor\u00eda de Ciencias Sociales 1993.<\/p>\n<p class=\"ecxMsoNormal\" style=\"text-align: justify;\">Naci\u00f3 en M\u00e9rida, Yuc., el 7 de febrero de 1909. Estudi\u00f3 en las universidades del Sureste y Nacional de M\u00e9xico, y se doctor\u00f3 en derecho en la Universidad Central de Madrid (1931). Fue becario de las fundaciones Guggenheim y Rockefeller. Ha sido profesor universitario, colaborador de la Secci\u00f3n Hispanoamericana del Centro de Estudios Hist\u00f3ricos de Madrid (1933-1936), secretario del Museo Nacional (1937-1938), fundador y director de la Revista de Historia de Am\u00e9rica (1938-1965), director de la Biblioteca Hist\u00f3rica Mexicana de Obras In\u00e9ditas, fundador y director del Centro de Estudios Hist\u00f3ricos de El Colegio de M\u00e9xico (1940-56), director del Museo Nacional de Historia (1946-1954), presidente de la Comisi\u00f3n de Historia del Instituto Panamericano de Geograf\u00eda e Historia (1947-1965), miembro de la Junta de Gobierno de la UNAM (1949-1956), delegado permanente ante la UNESCO (1956-1963), presidente de El Colegio de M\u00e9xico (1963-1966), presidente del Consejo Internacional de Filosof\u00eda y Ciencias Humanas (Par\u00eds, 1965-1971) y embajador en Francia (1966-1975).<\/p>\n<p class=\"ecxMsoNormal\" style=\"text-align: justify;\">Entre sus principales trabajos figuran La encomienda indiana (1935), The spanish colonization of America (1943), New view points of the spanish colonization of America (1943), La filosof\u00eda pol\u00edtica en la conquista de Am\u00e9rica (1947), Ordenanzas del trabajo. Siglos XVI y XVII (1947), Am\u00e9rica en el esp\u00edritu franc\u00e9s del siglo XVIII (1949), Historia universal moderna y contempor\u00e1nea (1949), El nuevo mundo en los intercambios mundiales postcolombinos (1961), La defensa de los derechos del hombre en Am\u00e9rica Latina. Siglos XVI-XVIII (1963) Recuerdo de Vasco de Quiroga (1966), Geschichte des mexikanischen volkes, bine synthese (1966), Apercus sur l\u2019histoire du Mexique (1967), Los esclavos indios en la Nueva Espa\u00f1a (1968), Fray Alonso de la Veracruz. Primer maestro de derecho agrario en la incipiente Universidad de M\u00e9xico 1553-1555 (1981), El servicio personal de los indios en la Nueva Espa\u00f1a, 1576-1599 (1987), Por la senda hispana de la libertad (1991), La conquista de Canarias y Am\u00e9rica (1991), Entradas, congregas y encomiendas en el nuevo Reino de Le\u00f3n (1992) y Suplemento documental y bibliogr\u00e1fico a la encomienda indiana (1994).<\/p>\n<p class=\"ecxMsoNormal\" style=\"text-align: justify;\">Es doctor Honoris Causa por varias universidades de M\u00e9xico y de otros pa\u00edses, y miembro de la Academia Mexicana de la Historia, de la Academia Mexicana de la Lengua y del Consejo de la Cr\u00f3nica de la Ciudad de M\u00e9xico.<\/p>\n<p class=\"ecxMsoNormal\" style=\"text-align: justify;\">Entre muchos otros, ha recibido el Premio Nacional de Letras (1969), la Presea \u201cVasco de Quiroga\u201d (1986), el Premio \u201cRafael Heliodoro Valle\u201d (1988); la Medalla \u201cEligio Ancona\u201d, la Medalla \u201cBelisario Dom\u00ednguez\u201d (1993) y el Premio Pr\u00edncipe de Asturias en la categor\u00eda de Ciencias Sociales (1993). En 1988 se cre\u00f3 en M\u00e9xico el premio de Historia Colonial de Am\u00e9rica que lleva su nombre, concedido cada dos a\u00f1os por el Instituto Panamericano de Geograf\u00eda e Historia. En 2013, el Ayuntamiento de M\u00e9rida, Yucat\u00e1n, creo la Medalla \u201cSilvio Zavala\u201d a la Cultura y las Artes.<\/p>\n<p class=\"ecxMsoNormal\" style=\"text-align: justify;\">Parte importante de su obra se centra en el estudio de las formas opresivas en la Colonia, como la esclavitud, el servicio personal de los indios, el repartimiento forzoso y las ideas y las instituciones que las refuerzan, as\u00ed como el esp\u00edritu de libertad del hombre americano a lo largo de su historia.<\/p>\n<p class=\"ecxMsoNormal\" style=\"text-align: justify;\">El Dr. Silvio Zavala Vallado, quien hab\u00eda ingresado a El Colegio Nacional el 6 de enero de 1947, muri\u00f3 en la ciudad de M\u00e9xico el 4 de diciembre de 2014.<\/p>\n","protected":false},"excerpt":{"rendered":"<p>El historiador, jurista y diplom\u00e1tico Silvio Zavala falleci\u00f3 hoy a los 105 a\u00f1os, inform\u00f3 en un comunicado el Instituto Nacional de Antropolog\u00eda e Historia (INAH). Ex director del Museo Nacional de Historia, en el Castillo de Chapultepec, de 1946 a 1953, mantuvo una estrecha relaci\u00f3n con el Instituto, que lo llev\u00f3 a donar su acervo [&hellip;]<\/p>\n","protected":false},"author":249,"featured_media":11032,"comment_status":"open","ping_status":"closed","sticky":false,"template":"","format":"standard","meta":{"footnotes":""},"categories":[1],"tags":[],"class_list":["post-11031","post","type-post","status-publish","format-standard","has-post-thumbnail","hentry","category-sin-categoria"],"_links":{"self":[{"href":"https:\/\/eloficiodehistoriar.com.mx\/index.php?rest_route=\/wp\/v2\/posts\/11031","targetHints":{"allow":["GET"]}}],"collection":[{"href":"https:\/\/eloficiodehistoriar.com.mx\/index.php?rest_route=\/wp\/v2\/posts"}],"about":[{"href":"https:\/\/eloficiodehistoriar.com.mx\/index.php?rest_route=\/wp\/v2\/types\/post"}],"author":[{"embeddable":true,"href":"https:\/\/eloficiodehistoriar.com.mx\/index.php?rest_route=\/wp\/v2\/users\/249"}],"replies":[{"embeddable":true,"href":"https:\/\/eloficiodehistoriar.com.mx\/index.php?rest_route=%2Fwp%2Fv2%2Fcomments&post=11031"}],"version-history":[{"count":1,"href":"https:\/\/eloficiodehistoriar.com.mx\/index.php?rest_route=\/wp\/v2\/posts\/11031\/revisions"}],"predecessor-version":[{"id":11033,"href":"https:\/\/eloficiodehistoriar.com.mx\/index.php?rest_route=\/wp\/v2\/posts\/11031\/revisions\/11033"}],"wp:featuredmedia":[{"embeddable":true,"href":"https:\/\/eloficiodehistoriar.com.mx\/index.php?rest_route=\/wp\/v2\/media\/11032"}],"wp:attachment":[{"href":"https:\/\/eloficiodehistoriar.com.mx\/index.php?rest_route=%2Fwp%2Fv2%2Fmedia&parent=11031"}],"wp:term":[{"taxonomy":"category","embeddable":true,"href":"https:\/\/eloficiodehistoriar.com.mx\/index.php?rest_route=%2Fwp%2Fv2%2Fcategories&post=11031"},{"taxonomy":"post_tag","embeddable":true,"href":"https:\/\/eloficiodehistoriar.com.mx\/index.php?rest_route=%2Fwp%2Fv2%2Ftags&post=11031"}],"curies":[{"name":"wp","href":"https:\/\/api.w.org\/{rel}","templated":true}]}}