{"id":11054,"date":"2014-12-20T19:45:55","date_gmt":"2014-12-21T01:45:55","guid":{"rendered":"https:\/\/eloficiodehistoriar.com.mx\/?p=11054"},"modified":"2014-12-20T19:50:46","modified_gmt":"2014-12-21T01:50:46","slug":"los-10-mejores-libros-del-ano-2014","status":"publish","type":"post","link":"https:\/\/eloficiodehistoriar.com.mx\/?p=11054","title":{"rendered":"Los 10 Mejores Libros del A\u00f1o 2014"},"content":{"rendered":"<p>Los 10 mejores libros del a\u00f1o 2014<\/p>\n<p>El Pa\u00eds<\/p>\n<p>&#8216;As\u00ed empieza lo malo&#8217;, de Javier Mar\u00edas, destaca en un a\u00f1o marcado por la primera persona. Biograf\u00edas y novelas autobiogr\u00e1ficas, entre los elegidos por los cr\u00edticos de &#8216;Babelia&#8217;<\/p>\n<p>Entrevista con Javier Mar\u00eda: \u00abLas novelas deben ser tan ambiguas como la vida\u00bb<\/p>\n<p>1 As\u00ed empieza lo malo. Javier Mar\u00edas. Alfaguara<\/p>\n<p>\u201cLa historia de Muriel y su mujer es solo el \u00e1ngulo privado para un enfoque colectivo sobre la Espa\u00f1a que sale de la dictadura con una reconversi\u00f3n acelerada de m\u00faltiples biograf\u00edas ligadas al franquismo y, de golpe y en apariencia, desligadas de \u00e9l y hasta prestigiosamente antifranquistas. La novela desvela unos cuantos camelos y camelistas con ensa\u00f1amiento pero sin nombres propios, aunque s\u00ed alusiones. Hacia 1980 se saben demasiadas cosas de demasiados m\u00e9dicos, abogados, arquitectos, profesores como para que todos comulguen con la versi\u00f3n na\u00edf y disfrazada de su pasado\u201d. (Fragmento de la rese\u00f1a publicada en Babelia el 20 de septiembre). JORDI GRACIA<\/p>\n<p>2 El impostor. Javier Cercas. Literatura Random House<\/p>\n<p>Ni Soldados de Salamina iba sobre Rafael S\u00e1nchez Mazas, ni Anatom\u00eda de un instante fue sobre Adolfo Su\u00e1rez, ni El impostor va sobre Enric Marco. He ah\u00ed la grandeza de esta novela que nunca quiso serlo: el m\u00e1s humilde de los h\u00e9roes reales de Javier Cercas, el hombre que se invent\u00f3 como superviviente de un campo de exterminio, lleva camino de erigirse en una de sus m\u00e1s perdurables re-creaciones; y tambi\u00e9n, de paso, en el mejor reflejo del autor y de su sociedad. De todos nosotros, en fin, de una era en la que la verdad de las mentiras, y su reverso, dejan de ser el s\u00edntoma para convertirse en la enfermedad. RICARD RUIZ GARZ\u00d3N<\/p>\n<p>3 Jos\u00e9 Ortega y Gasset. Jordi Gracia. Taurus<\/p>\n<p>Empec\u00e9 a leer la biograf\u00eda-ensayo sobre Ortega y Gasset, alentada por la poderosa sugesti\u00f3n magn\u00e9tica con la que Jordi Gracia nos atrapa y sit\u00faa ante Ortega y su mundo. Una vez all\u00ed, en un escenario tan rico y complejo como apasionante, sabremos del titanismo que supuso la forja de una personalidad impar, con sus vaivenes iniciales, las negaciones obligadas, el desasimiento o la soledad. El enfoque atento de la \u201crefundaci\u00f3n\u201d del joven furioso que elige ser \u201chacedor de ideal\u201d, y las consecuencias de tal mutaci\u00f3n a trav\u00e9s de la acci\u00f3n pol\u00edtica y pedag\u00f3gica o de las varias \u201cempresas\u201d culturales, inunda estas p\u00e1ginas de meditaciones tan vigentes como necesarias. Y sin apolog\u00edas sospechosas, ni sin soslayar fracasos o turbiedades, salvan a Ortega con las armas que \u00e9l nos leg\u00f3: la raz\u00f3n cr\u00edtica, el coraje, la pasi\u00f3n&#8230; ANA RODR\u00cdGUEZ FISCHER<\/p>\n<p>4 Un hombre enamorado (Mi lucha II). Karl Ove Knausg\u00e5rd. Traducci\u00f3n de Kirsti Baggethun y Asunci\u00f3n Lorenzo. Anagrama<\/p>\n<p>\u201cHermoso y rotundo como una patada\u201d, define un poeta peruano a su padre y vale tambi\u00e9n para Un hombre enamorado. La novela trata del amor apasionado y las segundas oportunidades, pero tambi\u00e9n de la nimiedad y lo pueril. Combina confesiones autobiogr\u00e1ficas, digresiones sobre la vida o el arte literario, con descripciones de la vida de un hombre que cambia pa\u00f1ales o discute con un vecino. El amor, aquella fuerza poderosa que impulsa a la vida, tambi\u00e9n nos introduce en ella dram\u00e1ticamente, sin cuento de hadas. Knausg\u00e5rd no nos ahorra nada: ni el aburrimiento ni la inteligencia. Puro y profano, pero jam\u00e1s solemne. En un mundo donde todos hacen trucos para ser asombrosos, la honestidad de Un hombre enamorado es hermosa y rotunda como una patada. IV\u00c1N THAYS<\/p>\n<p>5 D\u00edas de mi vida (Vida I). Juan Ram\u00f3n Jim\u00e9nez. Pre-Textos<\/p>\n<p>Caleidoscopio, rompecabezas, sopa de letras: esta reconstrucci\u00f3n, que han hecho las editoras Mercedes Juli\u00e1 y Mar\u00eda \u00c1ngeles Sanz Manzano. JRJ (1881) (\u201c\u00a1Capic\u00faa!\u201d, anota el poeta) le dio vueltas toda la vida, como en \u00e9l era habitual si se trataba de su Obra, a esta suerte de autobiograf\u00eda-caj\u00f3n de sastre, donde cupiera toda su vida: vida y obra siempre juntas como un par de cerezas unidas por el rabo. Todo lo dej\u00f3 anotado para que, ahora, dos atentas editoras se lo reconstruyan, y este \u2014deslumbrante\u2014 es el primer volumen. Cabe todo: su infancia y sus ambiciones, su madurez y sus obsesiones, sus (des)afectos (a esos que le llamaban Miss Poes\u00eda), y Zenobia y las mujeres enamoradas, de \u00e9l, o \u00e9l de ellas. Vida. Obra. El poeta (capic\u00faa). JAVIER GO\u00d1I<\/p>\n<p>6 Hasta aqu\u00ed. Wislawa Szymborska. Traducci\u00f3n de Abel Murcia y Gerardo Beltr\u00e1n. Bartleby<\/p>\n<p>La poeta polaca Wislawa Szymborska (Premio Nobel 1996) dec\u00eda que al escribir buscaba \u201cese efecto que en pintura se llama claroscuro. Quisiera que en mis poemas se encontraran e incluso se fundieran cosas magn\u00edficas y triviales\u201d. Hasta aqu\u00ed, su \u00faltimo libro, se public\u00f3 despu\u00e9s de su muerte, ocurrida en 2012, y re\u00fane 13 poemas (adem\u00e1s de una entrevista con sus traductores al espa\u00f1ol). Son 70 p\u00e1ginas de edici\u00f3n biling\u00fce, recorridas por una poes\u00eda de simplicidad falsa (porque solo se consigue con trabajo de picapedrero), en la que Szymborska desenfunda sus mejores garfios de poeta, con una austeridad asombrosa y una capacidad \u00fanica de ser desoladora sin ser brutal, de producir desaz\u00f3n y, a la vez, dejar brillando, en el risco del poema, un extra\u00f1o rayo de luz. LEILA GUERRIERO<\/p>\n<p>7 La hierba de las noches. Patrick Modiano. Traducci\u00f3n de Mar\u00eda Teresa Gallego Urrutia. Anagrama<\/p>\n<p>Toda la obra de Patrick Modiano gira en torno a la imposibilidad del lenguaje de recordar con precisi\u00f3n. Hay que recorrer los lugares, los nombres, las inscripciones en la memoria que al ser evocadas nos dan la justa medida de nuestra existencia, incompleta, parcial. Entre el sue\u00f1o y la vigilia, entre obsesi\u00f3n y olvido, Jean intenta saber qui\u00e9n fue Dannie, darle una coherencia, reescribir ese fragmento de vida, solo que al hacerlo se da cuenta de que entrar en ese laberinto es tambi\u00e9n perderse y, de alguna manera, caminar sobre muertos. Si la obra de Modiano tiene esa seducci\u00f3n hipn\u00f3tica que la identifica es porque sus novelas son como las l\u00e1mparas encendidas en la noche, iluminan. Est\u00e1n ah\u00ed como un mapa humano que nos lleva a recorrer marcas y a reconstruir desde las ruinas. PATRICIA DE SOUZA<\/p>\n<p>8 El balc\u00f3n en invierno. Luis Landero. Tusquets<\/p>\n<p>Estaba el esbozo de una novela y su posterior abandono. Y un paseo. El escritor recorriendo el barrio. De vuelta a casa, el balc\u00f3n, ese lugar que est\u00e1 \u201ca la intemperie y al resguardo\u201d, como el propio Landero en el hecho mismo de contarse. Ahora es el verano de 1964. Anochece. En el balc\u00f3n, Luis, su madre y un futuro incierto. Escucho al ni\u00f1o, al poeta adolescente, al oficinista malhumorado. Oigo a la madre: el sonido de la tricotosa. Tambi\u00e9n el rasgueo de guitarra: es Landero. Y est\u00e1 el car\u00e1cter hosco del padre y el significado del viaje aun yendo al frente de guerra. Y est\u00e1 el entender. Chasquido de guijarros mientras camino senderos de infancia. Paladeo palabras que se se\u00f1alan en El balc\u00f3n en invierno: iridiscente, plenitud, errabundo. Leo: \u201cEn cada peque\u00f1o acontecer, lo trivial y lo misterioso van a partes iguales\u201d. Y digo: esta autobiograf\u00eda de instantes posee la inconmensurable belleza de lo que parece sencillo. Una maravilla. MAR\u00cdA JOS\u00c9 OBIOL<\/p>\n<p>9 Diccionario de la lengua espa\u00f1ola. Real Academia Espa\u00f1ola. Espasa<\/p>\n<p>Con 300 a\u00f1os cumplidos, la 23\u00aa edici\u00f3n del Diccionario y un nuevo director (el trig\u00e9simo), la RAE ya no parece vivir amparada en el palacio que la acoge. Desde all\u00ed se extienden buenas noticias para discutir que podr\u00edan haber sido mejores. Una nueva edici\u00f3n del Diccionario es un prodigio. Un libro que dice: \u201cEste es el idioma que hablas, y estos, los significados de las palabras que empleas\u201d. Ning\u00fan otro libro es m\u00e1s intrigante. Parece coacci\u00f3n, pero se trata de hospitalidad. Registra las palabras de uso y otras, innumerables, que no conoc\u00edamos, con el prop\u00f3sito de no agravar las dudas. Tal vez tenga pretensi\u00f3n de totalidad, pero es una exigencia honorable. Al usuario suspicaz le queda el alivio de saber que en la suma de las palabras no cabe toda la realidad. FRANCISCO SOLANO<\/p>\n<p>10 Como la sombra que se va. Antonio Mu\u00f1oz Molina. Seix Barral<\/p>\n<p>Superponer historias de distintos planos en la misma cartograf\u00eda hasta lograr una panor\u00e1mica en 3D. Con la mejor literatura posible, la que hace ya tiempo caracteriza al autor; por ejemplo, la de La noche de los tiempos o la de Sefarad. Perseguir, acorralar, saborear al asesino de Martin Luther King reivindicando, como una m\u00fasica de fondo que siempre acompa\u00f1a al texto y nunca molesta, el m\u00edtico movimiento de los derechos civiles en Estados Unidos. Bucear en los detalles de una vida (\u00bfla del l\u00edder negro, la suya propia?), de una ciudad, de unos a\u00f1os cercanos, pero diferentes. \u201cHe llegado a saber tanto de \u00e9l, que me parece recordar cosas de su vida, lugares que \u00e9l vio y yo nunca he visto\u201d, dice obsesionada la primera persona que relata el medio millar largo de p\u00e1ginas. \u00a1Qu\u00e9 ratos de lectura tan buenos, acompa\u00f1ado de Gerry Mulligan, Chet Baker, Clifford Brown y tantos otros! JOAQU\u00cdN ESTEFAN\u00cdA<\/p>\n<p><strong>En la encuesta de los libros del a\u00f1o han participado 41 cr\u00edticos y periodistas de EL PA\u00cdS. Cada uno de ellos otorg\u00f3 10 puntos al primero de su lista, 9 al segundo y as\u00ed sucesivamente. Consulte aqu\u00ed la votaci\u00f3n completa.<\/strong><\/p>\n","protected":false},"excerpt":{"rendered":"<p>Los 10 mejores libros del a\u00f1o 2014 El Pa\u00eds &#8216;As\u00ed empieza lo malo&#8217;, de Javier Mar\u00edas, destaca en un a\u00f1o marcado por la primera persona. Biograf\u00edas y novelas autobiogr\u00e1ficas, entre los elegidos por los cr\u00edticos de &#8216;Babelia&#8217; Entrevista con Javier Mar\u00eda: \u00abLas novelas deben ser tan ambiguas como la vida\u00bb 1 As\u00ed empieza lo malo. [&hellip;]<\/p>\n","protected":false},"author":249,"featured_media":11064,"comment_status":"open","ping_status":"closed","sticky":false,"template":"","format":"standard","meta":{"footnotes":""},"categories":[1],"tags":[],"class_list":["post-11054","post","type-post","status-publish","format-standard","has-post-thumbnail","hentry","category-sin-categoria"],"_links":{"self":[{"href":"https:\/\/eloficiodehistoriar.com.mx\/index.php?rest_route=\/wp\/v2\/posts\/11054","targetHints":{"allow":["GET"]}}],"collection":[{"href":"https:\/\/eloficiodehistoriar.com.mx\/index.php?rest_route=\/wp\/v2\/posts"}],"about":[{"href":"https:\/\/eloficiodehistoriar.com.mx\/index.php?rest_route=\/wp\/v2\/types\/post"}],"author":[{"embeddable":true,"href":"https:\/\/eloficiodehistoriar.com.mx\/index.php?rest_route=\/wp\/v2\/users\/249"}],"replies":[{"embeddable":true,"href":"https:\/\/eloficiodehistoriar.com.mx\/index.php?rest_route=%2Fwp%2Fv2%2Fcomments&post=11054"}],"version-history":[{"count":1,"href":"https:\/\/eloficiodehistoriar.com.mx\/index.php?rest_route=\/wp\/v2\/posts\/11054\/revisions"}],"predecessor-version":[{"id":11058,"href":"https:\/\/eloficiodehistoriar.com.mx\/index.php?rest_route=\/wp\/v2\/posts\/11054\/revisions\/11058"}],"wp:featuredmedia":[{"embeddable":true,"href":"https:\/\/eloficiodehistoriar.com.mx\/index.php?rest_route=\/wp\/v2\/media\/11064"}],"wp:attachment":[{"href":"https:\/\/eloficiodehistoriar.com.mx\/index.php?rest_route=%2Fwp%2Fv2%2Fmedia&parent=11054"}],"wp:term":[{"taxonomy":"category","embeddable":true,"href":"https:\/\/eloficiodehistoriar.com.mx\/index.php?rest_route=%2Fwp%2Fv2%2Fcategories&post=11054"},{"taxonomy":"post_tag","embeddable":true,"href":"https:\/\/eloficiodehistoriar.com.mx\/index.php?rest_route=%2Fwp%2Fv2%2Ftags&post=11054"}],"curies":[{"name":"wp","href":"https:\/\/api.w.org\/{rel}","templated":true}]}}