{"id":11056,"date":"2014-12-20T19:46:10","date_gmt":"2014-12-21T01:46:10","guid":{"rendered":"https:\/\/eloficiodehistoriar.com.mx\/?p=11056"},"modified":"2014-12-20T19:46:10","modified_gmt":"2014-12-21T01:46:10","slug":"salvador-diaz-miron-el-poeta-precursor-del-modernismo","status":"publish","type":"post","link":"https:\/\/eloficiodehistoriar.com.mx\/?p=11056","title":{"rendered":"Salvador D\u00edaz Mir\u00f3n:  El poeta precursor del modernismo"},"content":{"rendered":"<p class=\"ecxMsoNormal\" style=\"text-align: center;\"><strong>Salvador D\u00edaz Mir\u00f3n<\/strong><\/p>\n<p class=\"ecxMsoNormal\" style=\"text-align: center;\"><strong>El poeta precursor del modernismo<\/strong><\/p>\n<p class=\"ecxMsoNormal\" style=\"text-align: center;\"><strong>Columba V\u00e9rtiz De La Fuente<\/strong><\/p>\n<p class=\"ecxMsoNormal\" style=\"text-align: center;\"><strong>proceso<\/strong><\/p>\n<p class=\"ecxMsoNormal\" style=\"text-align: justify;\">El poeta Salvador D\u00edaz Mir\u00f3n, naci\u00f3 el 14 de diciembre de 1853 en el Puerto de Veracruz y es considerado como el precursor del modernismo en el pa\u00eds, una ambigua rebeld\u00eda creativa y una profunda renovaci\u00f3n est\u00e9tica del lenguaje y la m\u00e9trica.<\/p>\n<p class=\"ecxMsoNormal\" style=\"text-align: justify;\">D\u00edaz Mir\u00f3n tambi\u00e9n fue periodista, profesor y diputado de oposici\u00f3n en la \u00e9poca de Porfirio D\u00edaz, a quien despu\u00e9s apoy\u00f3 y fue criticado, incluso en la celebraci\u00f3n del centenario de la Independencia lo alaba en un poema dedicado a Miguel Hidalgo: <i>\u201cSu inicial grandeza acredita de sabia tu proeza\u201d.<\/i><\/p>\n<p class=\"ecxMsoNormal\" style=\"text-align: justify;\">El poeta falleci\u00f3 en el mismo puerto de Veracruz el 12 de junio de 1928.<\/p>\n<p class=\"ecxMsoNormal\" style=\"text-align: justify;\">Realiz\u00f3 sus estudios en Xalapa.<\/p>\n<p class=\"ecxMsoNormal\" style=\"text-align: justify;\">En 1865 entr\u00f3 al seminario, estuvo m\u00e1s de un a\u00f1o.<\/p>\n<p class=\"ecxMsoNormal\" style=\"text-align: justify;\">Volvi\u00f3 a Veracruz<\/p>\n<p class=\"ecxMsoNormal\" style=\"text-align: justify;\">A los 14 a\u00f1os se inici\u00f3 como periodista.<\/p>\n<p class=\"ecxMsoNormal\" style=\"text-align: justify;\">En 1872, su padre lo envi\u00f3 a Estados Unidos.<\/p>\n<p class=\"ecxMsoNormal\" style=\"text-align: justify;\">Hablaba ingl\u00e9s, franc\u00e9s y ten\u00eda nociones de lat\u00edn y griego.<\/p>\n<p class=\"ecxMsoNormal\" style=\"text-align: justify;\">En 1874 empez\u00f3 a interesarse en la poes\u00eda y se enmarc\u00f3 en la corriente del romanticismo.<\/p>\n<p class=\"ecxMsoNormal\" style=\"text-align: justify;\">En ese mismo a\u00f1o fueron incluidas algunas de sus piezas literarias en la antolog\u00eda titulada El Parnaso mexicano.<\/p>\n<p class=\"ecxMsoNormal\" style=\"text-align: justify;\">En 1895 estuvo en presidio por haber matado a Federico W\u00f3lter, quien lo hab\u00eda golpeado con un bast\u00f3n.<\/p>\n<p class=\"ecxMsoNormal\" style=\"text-align: justify;\">Durante su encarcelamiento escribi\u00f3 <i>El fantasma<\/i>, dedicado a Jesucristo, y <i>La oraci\u00f3n del preso.<\/i><\/p>\n<p class=\"ecxMsoNormal\" style=\"text-align: justify;\">Tras regresar a Xalapa pas\u00f3 uno de sus periodos m\u00e1s tranquilos y fecundos.<\/p>\n<p class=\"ecxMsoNormal\" style=\"text-align: justify;\">En 1900 volvi\u00f3 a la C\u00e1mara de Diputados.<\/p>\n<p class=\"ecxMsoNormal\" style=\"text-align: justify;\"><b>En 1901 public\u00f3 el libro <i>Lascas<\/i><\/b> y don\u00f3 sus 15 mil pesos de regal\u00edas para equipar la Biblioteca del Colegio Preparatorio de Xalapa.<\/p>\n<p class=\"ecxMsoNormal\" style=\"text-align: justify;\"><b><i>Lascas <\/i><\/b><b>es considerada su obra principal, que contiene un total de 40 poes\u00edas in\u00e9ditas.<\/b><\/p>\n<p class=\"ecxMsoNormal\" style=\"text-align: justify;\">En esos poemas refleja su resentimiento social y su desprecio por algunos grupos sociales, ejemplo, en <i>Paquito y en<\/i> <i>\u201cAlocada en la fiebre del celo, la zagala se turba y empina; \u00a1un cambujo pat\u00e1n se avecina!\u201d<\/i><\/p>\n<p class=\"ecxMsoNormal\" style=\"text-align: justify;\">Este 14 de diciembre es aniversario de su nacimiento, se puede conocer m\u00e1s sobre su vida y obra, en el Museo Casa Salvador D\u00edaz Mir\u00f3n, el hogar donde vivi\u00f3 hasta su muerte en 1928.<\/p>\n<p class=\"ecxMsoNormal\" style=\"text-align: justify;\">En 1981, el edificio fue comprado por el ayuntamiento de Veracruz y rehabilitado como museo en 1982.<\/p>\n<p class=\"ecxMsoNormal\" style=\"text-align: justify;\">Adem\u00e1s de ser un museo es sede de la Escuela Municipal de Teatro.<\/p>\n<p class=\"ecxMsoNormal\" style=\"text-align: justify;\"><b>Este es su poema titulado A una dama:<\/b><\/p>\n<p class=\"ecxMsoNormal\" style=\"text-align: justify;\"><b>Bailas por antojo que al mancebo engr\u00ede;<\/b><\/p>\n<p class=\"ecxMsoNormal\" style=\"text-align: justify;\"><b>Y escotada luces dos hechizos fuera,<\/b><\/p>\n<p class=\"ecxMsoNormal\" style=\"text-align: justify;\"><b>Y en el rubio monte de tu cabellera<\/b><\/p>\n<p class=\"ecxMsoNormal\" style=\"text-align: justify;\"><b>Una flor de grana bruscamente r\u00ede.<\/b><\/p>\n<p class=\"ecxMsoNormal\" style=\"text-align: justify;\"><b>\u00a0<\/b><\/p>\n<p class=\"ecxMsoNormal\" style=\"text-align: justify;\"><b>\u00a1Pasas, huyes, tornas y el placer desl\u00ede<\/b><\/p>\n<p class=\"ecxMsoNormal\" style=\"text-align: justify;\"><b>F\u00f3sforo combusto que te pinta ojera,<\/b><\/p>\n<p class=\"ecxMsoNormal\" style=\"text-align: justify;\"><b>Y tu maridazo mira errar la hoguera<\/b><\/p>\n<p class=\"ecxMsoNormal\" style=\"text-align: justify;\"><b>Y nada barrunta que le contrar\u00ede!<\/b><\/p>\n<p class=\"ecxMsoNormal\" style=\"text-align: justify;\"><b>\u00a0<\/b><\/p>\n<p class=\"ecxMsoNormal\" style=\"text-align: justify;\"><b>\u00a1Y en el rubio monte de tu cabellera<\/b><\/p>\n<p class=\"ecxMsoNormal\" style=\"text-align: justify;\"><b>Una flor de grana bruscamente r\u00ede!<\/b><\/p>\n","protected":false},"excerpt":{"rendered":"<p>Salvador D\u00edaz Mir\u00f3n El poeta precursor del modernismo Columba V\u00e9rtiz De La Fuente proceso El poeta Salvador D\u00edaz Mir\u00f3n, naci\u00f3 el 14 de diciembre de 1853 en el Puerto de Veracruz y es considerado como el precursor del modernismo en el pa\u00eds, una ambigua rebeld\u00eda creativa y una profunda renovaci\u00f3n est\u00e9tica del lenguaje y la [&hellip;]<\/p>\n","protected":false},"author":249,"featured_media":11059,"comment_status":"open","ping_status":"closed","sticky":false,"template":"","format":"standard","meta":{"footnotes":""},"categories":[1],"tags":[],"class_list":["post-11056","post","type-post","status-publish","format-standard","has-post-thumbnail","hentry","category-sin-categoria"],"_links":{"self":[{"href":"https:\/\/eloficiodehistoriar.com.mx\/index.php?rest_route=\/wp\/v2\/posts\/11056","targetHints":{"allow":["GET"]}}],"collection":[{"href":"https:\/\/eloficiodehistoriar.com.mx\/index.php?rest_route=\/wp\/v2\/posts"}],"about":[{"href":"https:\/\/eloficiodehistoriar.com.mx\/index.php?rest_route=\/wp\/v2\/types\/post"}],"author":[{"embeddable":true,"href":"https:\/\/eloficiodehistoriar.com.mx\/index.php?rest_route=\/wp\/v2\/users\/249"}],"replies":[{"embeddable":true,"href":"https:\/\/eloficiodehistoriar.com.mx\/index.php?rest_route=%2Fwp%2Fv2%2Fcomments&post=11056"}],"version-history":[{"count":1,"href":"https:\/\/eloficiodehistoriar.com.mx\/index.php?rest_route=\/wp\/v2\/posts\/11056\/revisions"}],"predecessor-version":[{"id":11060,"href":"https:\/\/eloficiodehistoriar.com.mx\/index.php?rest_route=\/wp\/v2\/posts\/11056\/revisions\/11060"}],"wp:featuredmedia":[{"embeddable":true,"href":"https:\/\/eloficiodehistoriar.com.mx\/index.php?rest_route=\/wp\/v2\/media\/11059"}],"wp:attachment":[{"href":"https:\/\/eloficiodehistoriar.com.mx\/index.php?rest_route=%2Fwp%2Fv2%2Fmedia&parent=11056"}],"wp:term":[{"taxonomy":"category","embeddable":true,"href":"https:\/\/eloficiodehistoriar.com.mx\/index.php?rest_route=%2Fwp%2Fv2%2Fcategories&post=11056"},{"taxonomy":"post_tag","embeddable":true,"href":"https:\/\/eloficiodehistoriar.com.mx\/index.php?rest_route=%2Fwp%2Fv2%2Ftags&post=11056"}],"curies":[{"name":"wp","href":"https:\/\/api.w.org\/{rel}","templated":true}]}}