{"id":11082,"date":"2014-12-30T09:22:02","date_gmt":"2014-12-30T15:22:02","guid":{"rendered":"https:\/\/eloficiodehistoriar.com.mx\/?p=11082"},"modified":"2014-12-30T09:22:27","modified_gmt":"2014-12-30T15:22:27","slug":"el-rostro-de-las-letras","status":"publish","type":"post","link":"https:\/\/eloficiodehistoriar.com.mx\/?p=11082","title":{"rendered":"El Rostro De Las Letras"},"content":{"rendered":"<div class=\"AppContainer\">\n<div id=\"c_base\" class=\"c_base\">\n<div id=\"c_content\" class=\"c_main\">\n<div id=\"pageContent\">\n<div id=\"pageInbox\" class=\"v-Page\">\n<div id=\"inboxControl0f\">\n<div class=\"containsYSizerBar\">\n<div class=\"ContentRight WithRightRail FullView\">\n<div class=\"ContentRightInner t_mbgc t_qtc t_urtc\">\n<div id=\"inboxControl0fv-ReadMessageContainer\" class=\"v-ReadMessageContainer slideOnResize\">\n<div class=\"c-ReadMessage\">\n<div id=\"ReadMessageScrollableSection\" class=\"rmMessages ClearBoth\">\n<div id=\"readMessagePartControl401f\" class=\"c-ReadMessagePart ReadMsgContainer HasLayout ClearBoth HideShadows FullPart NoHistory Read RmIc\">\n<div class=\"c-ReadMessagePartBody\">\n<div class=\"readMsgBody\">\n<div id=\"bodyreadMessagePartBodyControl406f\" class=\"ExternalClass MsgBodyContainer\">\n<div dir=\"ltr\">\n<p class=\"ecxMsoNormal\" align=\"center\">El Rostro de Las Letras<\/p>\n<p class=\"ecxMsoNormal\">Rogelio Cu\u00e9llar publica <b><i>El rostro de las letras<\/i><\/b>, dedicado a literatos nacionales y extranjeros<\/p>\n<p class=\"ecxMsoNormal\"><b>Soy un intruso en el espacio y tiempo de quienes retrato<\/b><\/p>\n<p class=\"ecxMsoNormal\"><b>Entre las 155 im\u00e1genes hay de Julio Cort\u00e1zar, Gabriel Garc\u00eda M\u00e1rquez, Rosario Castellanos y Efra\u00edn Huerta<\/b><\/p>\n<p class=\"ecxMsoNormal\"><b>Para el fot\u00f3grafo, es el di\u00e1logo de la mirada, implica conciencia y se establecen lazos muy estrechos<\/b><\/p>\n<p class=\"ecxMsoNormal\">En el Metro de Shangai se abrir\u00e1 una muestra con su trabajo en enero<\/p>\n<p class=\"ecxMsoNormal\"><b>Para lograr un buen retrato se necesita escudri\u00f1ar en la personalidad del personaje, explica Cu\u00e9llar en entrevista. En la imagen izquierda, el escritor argentino Julio Cort\u00e1zar. Despu\u00e9s, el colombiano \u00c1lvaro Mutis.<\/b><\/p>\n<p class=\"ecxMsoNormal\">Rogelio Cu\u00e9llar comenta que casi nunca sabe si en una sesi\u00f3n de fotos tom\u00f3 el retrato que deseaba: Eso lo s\u00e9 hasta que revelo el rollo.<\/p>\n<p class=\"ecxMsoNormal\">Ericka Monta\u00f1o Garfias<\/p>\n<p class=\"ecxMsoNormal\">La Jornada<\/p>\n<p class=\"ecxMsoNormal\">Soy un intruso en el espacio y tiempo de quienes fotograf\u00edo, dice el fot\u00f3grafo Rogelio Cu\u00e9llar, quien ha dedicado buena parte de su trabajo a retratar a los poetas, ensayistas, historiadores, narradores, nacionales y extranjeros, m\u00e1s importantes.<\/p>\n<p class=\"ecxMsoNormal\">Ahora, esa labor se encuentra en <i>el libro El rostro de las letras<\/i>, una selecci\u00f3n de 155 im\u00e1genes de escritores como Julio Cort\u00e1zar, Tito Monterroso, Gabriel Garc\u00eda M\u00e1rquez, Octavio Paz, In\u00e9s Arredondo, Juan Jos\u00e9 Arreola, Emmanuel Carballo, Rosario Castellanos, Jos\u00e9 Emilio Pacheco, Efra\u00edn Huerta, entre muchos otros.<\/p>\n<p class=\"ecxMsoNormal\">El libro, publicado por La Cabra Ediciones, lleva el pr\u00f3logo de Laura Gonz\u00e1lez Flores, subdirectora del Instituto de Investigaciones Est\u00e9ticas de la Universidad Nacional Aut\u00f3noma de M\u00e9xico. Es el primero de al menos dos tomos, \u00e9ste dedicado a las letras; el siguiente lo estar\u00e1 a los personajes de la pl\u00e1stica.<\/p>\n<p class=\"ecxMsoNormal\">Como en toda antolog\u00eda, en esta hay muchas querencias, muchos admirados, muchas amistades. Es un libro muy personal. Es el gusto de haber conocido a Juan Rulfo, de platicar un poco con Cort\u00e1zar, de haber estado con Garc\u00eda M\u00e1rquez, Julio Scherer, Pablo Gonz\u00e1lez Casanova. Con esas pl\u00e1ticas me alimentaba, dice en entrevista acompa\u00f1ado por la editora Mar\u00eda Luisa Passarge, quien se encarg\u00f3 de que este ejercicio de memoria incluyera tambi\u00e9n las fechas en las que fueron tomadas las fotograf\u00edas.<\/p>\n<p class=\"ecxMsoNormal\">\u201cEso habla tanto del fotografiado \u2013su edad, por ejemplo\u2013 como de quien los retrat\u00f3\u201d, se\u00f1ala Passarge.<\/p>\n<p class=\"ecxMsoNormal\">Con Mar\u00eda Luisa llegamos a un trabajo minucioso. Atr\u00e1s de cada foto publicada hay 100 m\u00e1s. Se trat\u00f3 de elegir una de ellas, estructurar el libro: primero los centenarios, luego el homenaje a los fallecidos y despu\u00e9s los dem\u00e1s autores.<\/p>\n<p class=\"ecxMsoNormal\">En cuanto a la estructura, El rostro de las letras se divide en tres apartados: Centenarios Latinoamericanos (autores nacidos en 1914); Homenajes (autores fallecidos en 2014) y Retratos (autores nacidos entre 1897 y 1997). En el caso de Vicente Le\u00f1ero su imagen no se encuentra en la secci\u00f3n Homenajes, debido a que su fallecimiento (a principios de diciembre) ocurri\u00f3 cuando el libro ya estaba listo.<\/p>\n<p class=\"ecxMsoNormal\">Para lograr un buen retrato, explica el fot\u00f3grafo, \u201cse necesita escudri\u00f1ar en la personalidad, verlos, escucharlos, el trato cercano o lejano, tratar de reflejar la esencia de la persona. Eso no quiere decir que si es escritor tiene que aparecer con su escritorio, cuaderno y m\u00e1quina de escribir, o si es pintor con su caballete, sino ir acerc\u00e1ndose. Lo que hago \u2013no en balde estudi\u00e9 cine en el Centro Universitario de Estudios Cinematogr\u00e1ficos\u2013 es una estructura muy visual, cinematogr\u00e1fica: de plano general a medium shot, hasta close up o big close up de su espacio, su casa, su persona&#8230; c\u00f3mo mueve las manos, c\u00f3mo mira y buscar la mirada; eso ya es un di\u00e1logo.<\/p>\n<p class=\"ecxMsoNormal\">Ese di\u00e1logo para m\u00ed es importante, porque el retrato es el di\u00e1logo de la mirada, siempre lo he dicho, e implica una conciencia de a qui\u00e9n se fotografi\u00f3 y qui\u00e9n es el fot\u00f3grafo; se establecen lazos muy estrechos.<\/p>\n<p class=\"ecxMsoNormal\">A veces sucede que ese retrato no sali\u00f3<\/p>\n<p class=\"ecxMsoNormal\">Los m\u00e1s dif\u00edciles de retratar, al menos en los a\u00f1os m\u00e1s recientes, \u201cson los que platican y platican y no se quedan quietos. Pero creo que cada uno es dif\u00edcil a su manera, su personalidad; entonces es saber c\u00f3mo entrar. S\u00e9 que soy un intruso en su espacio y en su tiempo, sobre todo con los grandes personajes a los que, si les tomaba tres fotos, me dec\u00edan: \u2018Ya, \u00bfverdad, ya? Y les respond\u00eda: \u2018No\u2019. Y los cambiaba de lugar\u201d.<\/p>\n<p class=\"ecxMsoNormal\">Casi nunca sabe si en una sesi\u00f3n de fotos tom\u00f3 el retrato que deseaba. \u201cEso nunca lo s\u00e9 hasta que revelo el rollo. Intuyo que lo tengo, pero me urge venir y revisar el rollo, revelarlo, y ya que saco los rollos mojaditos lo veo y digo: \u2018\u00a1Aqu\u00ed est\u00e1!\u2019<\/p>\n<p class=\"ecxMsoNormal\">Pero a veces sucede que ese retrato no sali\u00f3. S\u00ed me sucede, incluso con las c\u00e1maras digitales, a veces me salen fuera de foco. Est\u00e1 buscando la foto de Le\u00f1ero cuando entr\u00f3 a la Academia de la Lengua en Bellas Artes con Scherer, no s\u00e9 que bot\u00f3n oprim\u00ed de la chingada c\u00e1mara&#8230; desenfocadas&#8230; es la angustia tambi\u00e9n.<\/p>\n<p class=\"ecxMsoNormal\">\u2013\u00bfQu\u00e9 piensa de las selfies?<\/p>\n<p class=\"ecxMsoNormal\">\u2013No me gusta ese concepto. Ya s\u00e9 que todo el mundo ahora se siente fot\u00f3grafo, con su tableta o tel\u00e9fono y toman fotos, pero creo que la esencia de la fotograf\u00eda es editar, mirar a trav\u00e9s de la c\u00e1mara, porque es lo que hace uno: edita parte de la realidad. Hay muchos elementos desde la composici\u00f3n, la luz, el manejo de las sombras, todo esto. Saber mirar. Creo que se est\u00e1 perdiendo ese concepto.<\/p>\n<p class=\"ecxMsoNormal\">\u201cVoy m\u00e1s al (t\u00e9rmino) autorretrato y est\u00e1 la fotograf\u00eda, existen muchos autorretratos; yo me he hecho muchos. Un autorretrato es tu sombra tambi\u00e9n, o un s\u00faper close up, tu mirada, tu ojo. El concepto del autorretrato no se va a perder, el concepto de fotograf\u00eda en blanco y negro, fotograf\u00eda como tal, de que miras, encuadras, esperas un momento decisivo que suceda; ya lo dijo Cartier-Bresson: una buena foto no es antes ni despu\u00e9s, sino el momento en que algo sucede.\u201d<\/p>\n<p class=\"ecxMsoNormal\">El rostro de las letras \u201caparece en un momento en que la trayectoria de Rogelio y lo que representa su trabajo son indiscutibles. Es un documento hist\u00f3rico de una \u00e9poca \u2013desde 47 a\u00f1os hasta ahora\u2013 de la cultura en M\u00e9xico. Es el retrato de sus creadores. Es importante este libro incluso como documento hist\u00f3rico\u201d, agrega Mar\u00eda Luisa Passarge.<\/p>\n<p class=\"ecxMsoNormal\">Este libro es adem\u00e1s uno de los cuatro t\u00edtulos m\u00e1s recientes que publica La Cabra Ediciones; los otros son Rayuela: cuaderno de lectura, de Daniel Gonz\u00e1lez Due\u00f1as; Universo Francisco Tario, de Alejandro Toledo, y Modernidad modernidad, de Henri Meschonnic.<\/p>\n<p class=\"ecxMsoNormal\">Ahora ambos preparan un viaje a Shangai, donde se inaugura el pr\u00f3ximo 15 de enero una muestra de Rogelio Cu\u00e9llar en el Metro de esa ciudad, tanto con im\u00e1genes que se encuentran en el libro como fotograf\u00edas de Octavio Paz, con fragmentos de Piedra del Sol, libro que fue traducido al mandar\u00edn y que ahora se publica con uno de los retratos del<\/p>\n<p class=\"ecxMsoNormal\">Premio Nobel de Literatura tomados por Cu\u00e9llar en su portada.<\/p>\n<\/div>\n<\/div>\n<\/div>\n<\/div>\n<\/div>\n<\/div>\n<\/div>\n<\/div>\n<\/div>\n<\/div>\n<\/div>\n<\/div>\n<\/div>\n<\/div>\n<\/div>\n<\/div>\n<\/div>\n","protected":false},"excerpt":{"rendered":"<p>El Rostro de Las Letras Rogelio Cu\u00e9llar publica El rostro de las letras, dedicado a literatos nacionales y extranjeros Soy un intruso en el espacio y tiempo de quienes retrato Entre las 155 im\u00e1genes hay de Julio Cort\u00e1zar, Gabriel Garc\u00eda M\u00e1rquez, Rosario Castellanos y Efra\u00edn Huerta Para el fot\u00f3grafo, es el di\u00e1logo de la mirada, [&hellip;]<\/p>\n","protected":false},"author":249,"featured_media":11083,"comment_status":"open","ping_status":"closed","sticky":false,"template":"","format":"standard","meta":{"footnotes":""},"categories":[30,11,10,27,12,28,26],"tags":[],"class_list":["post-11082","post","type-post","status-publish","format-standard","has-post-thumbnail","hentry","category-arte","category-fotografia","category-historia","category-latinoamerica","category-libros","category-literatura","category-mundo"],"_links":{"self":[{"href":"https:\/\/eloficiodehistoriar.com.mx\/index.php?rest_route=\/wp\/v2\/posts\/11082","targetHints":{"allow":["GET"]}}],"collection":[{"href":"https:\/\/eloficiodehistoriar.com.mx\/index.php?rest_route=\/wp\/v2\/posts"}],"about":[{"href":"https:\/\/eloficiodehistoriar.com.mx\/index.php?rest_route=\/wp\/v2\/types\/post"}],"author":[{"embeddable":true,"href":"https:\/\/eloficiodehistoriar.com.mx\/index.php?rest_route=\/wp\/v2\/users\/249"}],"replies":[{"embeddable":true,"href":"https:\/\/eloficiodehistoriar.com.mx\/index.php?rest_route=%2Fwp%2Fv2%2Fcomments&post=11082"}],"version-history":[{"count":1,"href":"https:\/\/eloficiodehistoriar.com.mx\/index.php?rest_route=\/wp\/v2\/posts\/11082\/revisions"}],"predecessor-version":[{"id":11084,"href":"https:\/\/eloficiodehistoriar.com.mx\/index.php?rest_route=\/wp\/v2\/posts\/11082\/revisions\/11084"}],"wp:featuredmedia":[{"embeddable":true,"href":"https:\/\/eloficiodehistoriar.com.mx\/index.php?rest_route=\/wp\/v2\/media\/11083"}],"wp:attachment":[{"href":"https:\/\/eloficiodehistoriar.com.mx\/index.php?rest_route=%2Fwp%2Fv2%2Fmedia&parent=11082"}],"wp:term":[{"taxonomy":"category","embeddable":true,"href":"https:\/\/eloficiodehistoriar.com.mx\/index.php?rest_route=%2Fwp%2Fv2%2Fcategories&post=11082"},{"taxonomy":"post_tag","embeddable":true,"href":"https:\/\/eloficiodehistoriar.com.mx\/index.php?rest_route=%2Fwp%2Fv2%2Ftags&post=11082"}],"curies":[{"name":"wp","href":"https:\/\/api.w.org\/{rel}","templated":true}]}}