{"id":11107,"date":"2015-01-12T11:16:27","date_gmt":"2015-01-12T17:16:27","guid":{"rendered":"https:\/\/eloficiodehistoriar.com.mx\/?p=11107"},"modified":"2015-01-12T11:17:58","modified_gmt":"2015-01-12T17:17:58","slug":"ofunam-arma-fiesta-al-ritmo-de-la-sonora-santanera-en-la-nezahualcoyotl","status":"publish","type":"post","link":"https:\/\/eloficiodehistoriar.com.mx\/?p=11107","title":{"rendered":"OFUNAM arma fiesta al ritmo de la Sonora Santanera en la Nezahualc\u00f3yotl"},"content":{"rendered":"<p class=\"ecxMsoNormal\" align=\"center\"><b><i>Se\u00f1oras y se\u00f1ores, con ustedes La \u00danica, Internacional Sonora Santanera<\/i><\/b><\/p>\n<p class=\"ecxMsoNormal\">La agrupaci\u00f3n dio inicio a su celebraci\u00f3n de 60 a\u00f1os acompa\u00f1ada por la Ofunam<\/p>\n<p class=\"ecxMsoNormal\">La Sonora Santanera comprob\u00f3 en la Sala Neza que la m\u00fasica es puro goce<\/p>\n<p class=\"ecxMsoNormal\">Sin guardar la acostumbrada compostura, el p\u00fablico bail\u00f3 y core\u00f3 las cl\u00e1sicas del combo<\/p>\n<p class=\"ecxMsoNormal\">Bajo el proscenio, entre butacas, incluso sentados, de cachetito raspado y hasta de latiguito bailaron los asistentes al recital<\/p>\n<p class=\"ecxMsoNormal\">Se fundieron dos entes en apariencia antag\u00f3nicos gracias a los arreglos de Bernardo Quesada y la direcci\u00f3n de Rodrigo Mac\u00edas<\/p>\n<p class=\"ecxMsoNormal\">Pablo Espinosa<\/p>\n<p class=\"ecxMsoNormal\">La Jornada<\/p>\n<p class=\"ecxMsoNormal\">Se\u00f1oras y se\u00f1ores, con ustedes La \u00danica, Internacional Sonora Santanera.<\/p>\n<p class=\"ecxMsoNormal\">Y hacen su entrada triunfal, desde la misma puerta donde salen los directores de orquesta, 12 m\u00fasicos vestidos de fiesta, igualitos que el personaje de su pieza m\u00e1s celebrada: La Boa: un magn\u00edfico bailar\u00edn de La Habana, \u201cque anda siempre muy bien vestidito\/ y parece un maniqu\u00ed\/ todos lo conocen por Panchito\/ porque baila el cha cha ch\u00e1\/ Es La Boa\/ Es\/ La Boa\/ Es\u2026<\/p>\n<p class=\"ecxMsoNormal\">La Boa y otros 18 temas cl\u00e1sicos de la Sonora Santanera retumbaron la noche del s\u00e1bado en presencia del rector de la Universidad Nacional Aut\u00f3noma de M\u00e9xico, Jos\u00e9 Narro Robles, y el mediod\u00eda de ayer en la Sala Nezahualc\u00f3yotl, en un concierto coordinado con el Instituto Nacional de Cancerolog\u00eda, como acto simb\u00f3lico en la lucha contra el c\u00e1ncer.<\/p>\n<p class=\"ecxMsoNormal\">Mi corazooo\u00f3n\/ es para tiiii\/ mi corazooo\u00f3n\/ es para tiiii\u2026<\/p>\n<p class=\"ecxMsoNormal\">Rodrigo Mac\u00edas a la batuta cumpli\u00f3 con creces su funci\u00f3n de gran director de orquesta: marc\u00f3 las entradas a los integrantes de la Ofunam, al trabuco de tompetas de la Santanera y al p\u00fablico que palme\u00f3, bail\u00f3, core\u00f3, danz\u00f3, goz\u00f3 durante dos horas una fiesta m\u00e1gica y jolgoriosa.<\/p>\n<p class=\"ecxMsoNormal\">Fundir dos entes en apariencia antag\u00f3nicos: una orquesta sinf\u00f3nica y una orquesta de baile, con sus trompetas entre mariachi y jazz, sus congas y sus gozaderas, fue de lo m\u00e1s sencillo, gracias a los arreglos de Bernardo Quesada, que embonaron a la Ofunam como una expansi\u00f3n sinf\u00f3nica de la sonoridad Santanera.<\/p>\n<p class=\"ecxMsoNormal\">A La Boa sigu\u00f3 Mi adi\u00f3s, mientras entre el p\u00fablico empezaron a volar bufandas, pesados abrigotes, gorros y dem\u00e1s pertrechos contra el fr\u00edo. En instantes, el coso sinf\u00f3nico se convirti\u00f3 en caldero.<\/p>\n<p class=\"ecxMsoNormal\">Te digo adi\u00f3s\/ te deseo muuucha suerteee\/ y que logren quererteee\/ como te quiiise yooo&#8230;<\/p>\n<p class=\"ecxMsoNormal\">De repente, como impelidos por alg\u00fan duende t\u00edbiri, todos los integrantes de la secci\u00f3n de cuerdas se levantaron a bailar, en una coreograf\u00eda de ensue\u00f1o. Bueno, no todos; el violinista del cuarto atril no se mov\u00eda, ante la reprobaci\u00f3n de uno de los concertinos, sentado en la butaca a mi lado: Se ve mal el compa\u00f1ero, si no le gusta que lo liberen, comentaba.<\/p>\n<p class=\"ecxMsoNormal\">Mientras la fiesta segu\u00eda, con situaciones hilarantes, como cuando los m\u00fasicos de la Ofunam imitaban\/parodiaban\/homenajeaban los gestos corporales de los Sant\u00edsimos Santaneros, due\u00f1os de una m\u00edmica entre presidentes de la Rep\u00fablica (Jolopo esquina con Echeverr\u00eda) y pajes y chambelanes de fiesta de quincea\u00f1os.<\/p>\n<p class=\"ecxMsoNormal\">Si el primer trompeta santanero ejerc\u00eda bonito solo, su compa\u00f1ero de a lado, alado, extend\u00eda hac\u00eda \u00e9l su brazo izquierdo, en se\u00f1al de aplaudan todos.<\/p>\n<p class=\"ecxMsoNormal\">Si mencionaban ante el micr\u00f3fono el nombre de alguno de los muchos Santaneros fundadores fallecidos, la mano derecha se elevaba al cielo, en se\u00f1al de descanse en paz, am\u00e9n.<\/p>\n<p class=\"ecxMsoNormal\">Si el giro r\u00edtmico cambiaba a cha cha ch\u00e1, entonces se volv\u00edan Tint\u00e1n, Resortes, bailarines t\u00edbiris.<\/p>\n<p class=\"ecxMsoNormal\">Perfume de gardenias\/ tiene tu boca,\/ bell\u00edsimos destellos\/ de luz en tu mirar\u2026<\/p>\n<p class=\"ecxMsoNormal\">\u00c1ndele, se\u00f1ora, an\u00edmese, saque a bailar a su comadre; si el se\u00f1or vino con el compadre, s\u00e1quelo a bailar, total, ya estamos aqu\u00ed. Animaba uno de los tres cantantes Santaneros: Este es un sue\u00f1o hecho realidad, hace muchos a\u00f1os que quer\u00edamos un concierto con sinf\u00f3nica y ya lo logramos. Muchos dicen que esta es una sala de conciertos y hay que guardar compostura, pero la m\u00fasica es goce y esta m\u00fasica es para bailar, as\u00ed es que se\u00f1ora, an\u00edmese, saque a la comadre a bailar.<\/p>\n<p class=\"ecxMsoNormal\">Y bailaron multitudes. Bajo el proscenio, entre butacas, incluso sentados. De cachetito raspado, de latiguito, sobre un ladrillo. Pero eso s\u00ed, como hay que guardar compostura con las posturas, nada de cartoncito de cerveza. Mucho menos de a tamal.<\/p>\n<p class=\"ecxMsoNormal\">Estooooy\/ pensando en ti\/ lloraaaandooo&#8230;<\/p>\n<p class=\"ecxMsoNormal\">Pero todos re\u00edan, se sonre\u00edan, se carcajeaban. Y algunos pocos les gritaban: shhh, porque se supone que estamos en concierto, a lo que los interfectos respond\u00edan con bonitas evoluciones de baile, cantando:<\/p>\n<p class=\"ecxMsoNormal\">Fue en un cabareeet\/ donde tencontr\u00e9\/ bailaaandooo&#8230;<\/p>\n<p class=\"ecxMsoNormal\">Iniciaron as\u00ed, de manera tan gozosa, las celebraciones por el 60 aniversario de la Sonora Santanera, mejor conocida como la Sant\u00edsima Santanera.<\/p>\n<p class=\"ecxMsoNormal\">Cuando aparezcan los hilos\/ de plata en tu juventud\/ como la Luna cuando se retrata\/ en un lago azul\u2026<\/p>\n<p class=\"ecxMsoNormal\">El \u00e9xito de la Sant\u00edsima Santanera no cesa. Sus integrantes son hijos de los fundadores, de los cuales s\u00f3lo quedan tres entre sus filas. Los tres cantantes imitan la voz de los originales, cantan de manera fotost\u00e1tica y no podr\u00eda ser de otra manera. As\u00ed son\u00f3 en la radio, as\u00ed son\u00f3 en el antiguo teatro Blanquita. As\u00ed son\u00f3 y as\u00ed suena. La m\u00fasica que lleg\u00f3 para quedarse.<\/p>\n<p class=\"ecxMsoNormal\">B\u00f3mboro qui\u00f1a qui\u00f1\u00e1\/ b\u00f3mboro qui\u00f1\u00e1 qui\u00f1\u00e1\/ qui\u00f1\u00e1 qui\u00f1\u00e1\/ el b\u00f3mboro\u2026<\/p>\n<p class=\"ecxMsoNormal\">En medio del delirio, el p\u00fablico no cesa de bailar, re\u00edr, gozar. Nada de los dramas de Mahler, nada de las tragedias ni el angst del Sturm und Drang. Que llore Schubert, que entristezca m\u00e1s Feliz Mendelssohn. Aqu\u00ed se trata de la pura gozadera.<\/p>\n<p class=\"ecxMsoNormal\">Y al final, la serpiente se mordi\u00f3 la cola: as\u00ed como empez\u00f3 el concierto con La Boa, as\u00ed culmin\u00f3, como pieza de regalo:<\/p>\n<p class=\"ecxMsoNormal\">Ya los periodistas lo saben\/ lo saben\/ y tambi\u00e9n Los Pumas\/ lo saben\/ lo saben\/ los que est\u00e1n leyendo\/ lo saben\/ lo saben\/ y los que me faltaron\/ lo saben\/ lo saben\u2026<\/p>\n<h1 class=\"ecxla-jornada-nitf-title\" style=\"text-align: center;\">OFUNAM arma fiesta al ritmo de la Sonora Santanera en la<\/h1>\n<h1 class=\"ecxla-jornada-nitf-title\" style=\"text-align: center;\">Nezahualc\u00f3yotl<\/h1>\n<h2 class=\"ecxla-jornada-nitf-subtitle\"><\/h2>\n<div>\n<div class=\"ecxla-jornada-nitf-Byline\" style=\"text-align: justify;\">Pablo Espinosa<\/div>\n<div class=\"ecxla-jornada-nitf-Byline\" style=\"text-align: justify;\"><\/div>\n<div class=\"ecxla-jornada-nitf-Byline\">\n<p style=\"text-align: justify;\">Al ritmo de La Boa y de los mejores \u00e9xitos de la Sonora Santanera, la Orquesta Filarm\u00f3nica de la UNAM (OFUNAM) puso a bailar la noche de este s\u00e1bado a todos y cada uno de los 2 mil 269 asistentes, sala llena, de la sede de la orquesta universitaria, la Sala Nezahualc\u00f3yotl, e iniciaron as\u00ed los festejos por los 60 a\u00f1os de esa instituci\u00f3n cultural de M\u00e9xico, mejor conocida como la Sant\u00edsima Santanera.<\/p>\n<p style=\"text-align: justify;\">\n<\/div>\n<p style=\"text-align: justify;\">Una fiesta, como debe ser todo buen concierto.<\/p>\n<p style=\"text-align: justify;\">Este programa se repetir\u00e1, con exactamente el mismo contenido, este domingo 11 de enero, a las 12:00 horas, y ser\u00e1 transmitido en vivo por Teveunam (canal 411, Cablevisi\u00f3n; 120 Dish; Canal 255 de SKY).<\/p>\n<p style=\"text-align: justify;\">Fue un concierto especial, en coordinaci\u00f3n con el Instituto Nacional de Cancerolog\u00eda, en otra acci\u00f3n en la lucha contra el c\u00e1ncer.<\/p>\n<p style=\"text-align: justify;\">Desde el palco principal, el rector de la UNAM, Jos\u00e9 Narro Robles, sonre\u00eda ante la alegr\u00eda generalizada: parejas de toda \u00edndole, sonrientes tambi\u00e9n, bailaban a la sombra del proscenio, en un alegre mosh pit t\u00edbiri\/sinf\u00f3nico.<\/p>\n<p style=\"text-align: justify;\">La m\u00fasica cl\u00e1sica\/ t\u00edbiri de la Sant\u00edsima Santanera, con la m\u00fasica cl\u00e1sica\/ cl\u00e1sica de la Filarm\u00f3nica de nuestra m\u00e1xima casa de estudios. Quedaron atr\u00e1s, nuevamente, los prejuicios: la m\u00fasica es culta y es una, no hay m\u00fasica para \u201centendidos\u201d y m\u00fasica \u201cpara el pueblo\u201d, repet\u00edan muchos de los asistentes. El volc\u00e1n en erupci\u00f3n en que se convirti\u00f3 la Sala Nezahualc\u00f3yotl la noche del s\u00e1bado lo confirm\u00f3, por vez en\u00e9sima.<\/p>\n<p style=\"text-align: justify;\">Ya los periodistas \/ lo saben \/ lo saben\/ y tambi\u00e9n Los Pumas\/ lo saben lo saben\u2026<\/p>\n<p style=\"text-align: justify;\">Y todos coreando y bailando, coreando y bailando, empezando por los propios integrantes de la OFUNAM, quienes como dirigidos por un core\u00f3grafo experto, se levantaban de sus asientos y ejecutaban bailes de coro y temple.<\/p>\n<p style=\"text-align: justify;\">En la batuta, Rodrigo Mac\u00edas se confirm\u00f3 como un gran director de orquesta: hizo hacer m\u00fasica a todos, hasta al p\u00fablico, que particip\u00f3 palmeando, cantando, bailando.<\/p>\n<p style=\"text-align: justify;\">Y todos felices de contentos.<\/p>\n<p style=\"text-align: justify;\">Los que est\u00e1n leyendo\/ lo saben \/ lo saben\/ y los que me faltaron\/ lo saben \/ lo saben\u2026<\/p>\n<p style=\"text-align: justify;\">\n<\/div>\n","protected":false},"excerpt":{"rendered":"<p>Se\u00f1oras y se\u00f1ores, con ustedes La \u00danica, Internacional Sonora Santanera La agrupaci\u00f3n dio inicio a su celebraci\u00f3n de 60 a\u00f1os acompa\u00f1ada por la Ofunam La Sonora Santanera comprob\u00f3 en la Sala Neza que la m\u00fasica es puro goce Sin guardar la acostumbrada compostura, el p\u00fablico bail\u00f3 y core\u00f3 las cl\u00e1sicas del combo Bajo el proscenio, [&hellip;]<\/p>\n","protected":false},"author":249,"featured_media":11108,"comment_status":"open","ping_status":"closed","sticky":false,"template":"","format":"standard","meta":{"footnotes":""},"categories":[1],"tags":[],"class_list":["post-11107","post","type-post","status-publish","format-standard","has-post-thumbnail","hentry","category-sin-categoria"],"_links":{"self":[{"href":"https:\/\/eloficiodehistoriar.com.mx\/index.php?rest_route=\/wp\/v2\/posts\/11107","targetHints":{"allow":["GET"]}}],"collection":[{"href":"https:\/\/eloficiodehistoriar.com.mx\/index.php?rest_route=\/wp\/v2\/posts"}],"about":[{"href":"https:\/\/eloficiodehistoriar.com.mx\/index.php?rest_route=\/wp\/v2\/types\/post"}],"author":[{"embeddable":true,"href":"https:\/\/eloficiodehistoriar.com.mx\/index.php?rest_route=\/wp\/v2\/users\/249"}],"replies":[{"embeddable":true,"href":"https:\/\/eloficiodehistoriar.com.mx\/index.php?rest_route=%2Fwp%2Fv2%2Fcomments&post=11107"}],"version-history":[{"count":3,"href":"https:\/\/eloficiodehistoriar.com.mx\/index.php?rest_route=\/wp\/v2\/posts\/11107\/revisions"}],"predecessor-version":[{"id":11111,"href":"https:\/\/eloficiodehistoriar.com.mx\/index.php?rest_route=\/wp\/v2\/posts\/11107\/revisions\/11111"}],"wp:featuredmedia":[{"embeddable":true,"href":"https:\/\/eloficiodehistoriar.com.mx\/index.php?rest_route=\/wp\/v2\/media\/11108"}],"wp:attachment":[{"href":"https:\/\/eloficiodehistoriar.com.mx\/index.php?rest_route=%2Fwp%2Fv2%2Fmedia&parent=11107"}],"wp:term":[{"taxonomy":"category","embeddable":true,"href":"https:\/\/eloficiodehistoriar.com.mx\/index.php?rest_route=%2Fwp%2Fv2%2Fcategories&post=11107"},{"taxonomy":"post_tag","embeddable":true,"href":"https:\/\/eloficiodehistoriar.com.mx\/index.php?rest_route=%2Fwp%2Fv2%2Ftags&post=11107"}],"curies":[{"name":"wp","href":"https:\/\/api.w.org\/{rel}","templated":true}]}}