{"id":11112,"date":"2015-01-13T21:48:19","date_gmt":"2015-01-14T03:48:19","guid":{"rendered":"https:\/\/eloficiodehistoriar.com.mx\/?p=11112"},"modified":"2015-01-13T21:48:19","modified_gmt":"2015-01-14T03:48:19","slug":"umberto-eco-presenta-novela","status":"publish","type":"post","link":"https:\/\/eloficiodehistoriar.com.mx\/?p=11112","title":{"rendered":"Umberto Eco presenta novela"},"content":{"rendered":"<p class=\"ecxMsoNormal\">\u201cN\u00famero Cero\u201d, retrato del mal periodismo<\/p>\n<p class=\"ecxMsoNormal\">Umberto Eco presenta novela<\/p>\n<p class=\"ecxMsoNormal\">Celebrar\u00e1 Umberto Eco 83 a\u00f1os<\/p>\n<p class=\"ecxMsoNormal\">Contin\u00faa como una voz l\u00facida de la literatura<\/p>\n<p class=\"ecxMsoNormal\">Afp<\/p>\n<p class=\"ecxMsoNormal\">El escritor Umbeto Eco presenta su nuevo libro &#8216;N\u00famero Cero&#8217;.<\/p>\n<p class=\"ecxMsoNormal\">El c\u00e9lebre escritor y ensayista italiano Umberto Eco presenta esta semana en Italia su nueva novela, &#8216;N\u00famero cero&#8217;, una suerte de manual de mal periodismo ambientada en la redacci\u00f3n de un peri\u00f3dico imaginario.<\/p>\n<p class=\"ecxMsoNormal\">El nuevo libro del influyente intelectual italiano, autor de la exitosa novela &#8216;El nombre la rosa&#8217; y de importantes tratados de semi\u00f3tica, es una historia de ficci\u00f3n, ambientada en pleno 1992, un a\u00f1o particular para la Italia contempor\u00e1nea, marcado por los esc\u00e1ndalos de corrupci\u00f3n y la investigaci\u00f3n &#8216;Mani pulite&#8217; (Manos Limpias) que arras\u00f3 con buena parte de la clase pol\u00edtica de entonces.<\/p>\n<p class=\"ecxMsoNormal\">El libro se concentra sobre todo en los misterios irresueltos que sacudieron esos a\u00f1os a Italia, entre ellos el protagonizado por la logia mas\u00f3nica Propaganda 2 del temido Licio Gelli, quien aspiraba a dar un &#8216;golpe blanco&#8217;.<\/p>\n<p class=\"ecxMsoNormal\">\u00abEs la primera novela de Eco que habla de una \u00e9poca tan reciente\u00bb, reconoce Elisabetta Sgarbi, directora de la editorial Bompiani.<\/p>\n<p class=\"ecxMsoNormal\">Eco describe la redacci\u00f3n imaginaria de un peri\u00f3dico, creado ese a\u00f1o, para \u00abdesinformar\u00bb, \u00abdifamar adversarios\u00bb, \u00abchantajear\u00bb,\u00bbmanipular\u00bb, elaborar \u00abdossieres\u00bb y documentaci\u00f3n secreta.<\/p>\n<p class=\"ecxMsoNormal\">\u00abPara m\u00ed es un manual de la comunicaci\u00f3n de nuestros d\u00edas\u00bb, sostiene Roberto Saviano, renombrado periodista antimafia de Italia, que vive bajo escolta por las amenazas de muerte que recibe de las organizaciones criminales.<\/p>\n<p class=\"ecxMsoNormal\">En una charla entre Eco y Saviano, publicada por la revista L&#8217;Espresso, el semi\u00f3logo recalca que no quiso escribir un \u00abtratado de periodismo\u00bb, sino m\u00e1s bien contar una historia sobre \u00ablos l\u00edmites de la informaci\u00f3n\u00bb, sobre c\u00f3mo funciona una \u00abm\u00e1quina para enfangar\u00bb y no tanto sobre el oficio de informar.<\/p>\n<p class=\"ecxMsoNormal\">\u00abEscog\u00ed el peor caso. Quise dar una imagen grotesca del mundo. Aunque el mecanismo de la m\u00e1quina para enfangar, de lanzar insinuaciones, se usaba ya durante la Inquisici\u00f3n\u00bb, coment\u00f3 Eco.<\/p>\n<p class=\"ecxMsoNormal\">Saviano, que considera que las redes sociales han multiplicado esa forma de enfangar generando verdaderos &#8216;monstruos&#8217;, cree que el magnate de las comunicaciones y ex primer ministro Silvio Berlusconi marc\u00f3 el inicio de esa era, entre chismes e informaci\u00f3n, vida y vicios tanto privados como p\u00fablicos.<\/p>\n<p class=\"ecxMsoNormal\">\u00abEscog\u00ed 1992 porque considero que ese a\u00f1o marca el momento de un declive en la historia de la sociedad italiana\u00bb, asegur\u00f3 Eco en una entrevista al Corriere della Sera.<\/p>\n<p class=\"ecxMsoNormal\">En el libro, el semi\u00f3logo se divierte citando frases c\u00e9lebres o lugares comunes del periodismo como &#8216;en el ojo del hurac\u00e1n&#8217;, &#8216;salir del t\u00fanel&#8217;, &#8216;un duro rev\u00e9s&#8217; o &#8216;con el agua al cuello&#8217;.<\/p>\n<p class=\"ecxMsoNormal\">\u00abNo es necesario estrangular a la abuela para perder la credibilidad. Es suficiente contar que el juez usa medias anarajadas. \u00bfPor qu\u00e9 ser\u00e1?\u00bb, cont\u00f3 Eco citando un caso verdadero durante una larga entrevista a la RAI.<\/p>\n<p class=\"ecxMsoNormal\">Gracias a los delirios de un redactor paranoico, Eco cuenta hechos reales pero reconstruidos a partir de teor\u00edas estrafalarias o que se entrelazan extra\u00f1amente con otras y que terminan por crear una nueva noticia.<\/p>\n<p class=\"ecxMsoNormal\">Es el caso de la logia mas\u00f3nica P2, del supuesto asesinato de papa Luciani, de Juan Pablo I, de los c\u00f3mplices de las brigadas rojas que trabajaban para los servicios secretos, de los tent\u00e1culos de la CIA, de los atentados y hasta de un falso cad\u00e1ver de Benito Mussolini con el que lograron salvarlo y enviarlo a Argentina.<\/p>\n<p class=\"ecxMsoNormal\">Todas son historias que el lector no lograr\u00e1 determinar si son hechos inventados o la descripci\u00f3n de la realidad, seg\u00fan el escritor.<\/p>\n<p class=\"ecxMsoNormal\">Se trata de la s\u00e9ptima novela de Eco, que ha publicado entre otras el &#8216;Cementerio de Praga&#8217; y &#8216;El p\u00e9ndulo de Foucault&#8217;, entre otras.<\/p>\n<p class=\"ecxMsoNormal\">\n<p class=\"ecxMsoNormal\">Celebrar\u00e1 Umberto Eco 83 a\u00f1os; contin\u00faa como una voz l\u00facida de la literatura<\/p>\n<p class=\"ecxMsoNormal\">Por Notimex<\/p>\n<p class=\"ecxMsoNormal\">M\u00e9xico. El escritor, fil\u00f3sofo y semi\u00f3logo italiano Umberto Eco, quien ma\u00f1ana cumplir\u00e1 83 a\u00f1os de edad, es una de las mentes m\u00e1s l\u00facidas de la literatura actual.<\/p>\n<p class=\"ecxMsoNormal\">As\u00ed lo demuestra la reciente publicaci\u00f3n, en el diario \u201cL&#8217;Espresso\u201d, de una carta a su nieto, que bien puede dirigirse a cualquier ni\u00f1o, en la que invita a usar la tecnolog\u00eda, pero sobre todo la memoria.<\/p>\n<p class=\"ecxMsoNormal\">En la misiva, el autor de \u201cEl nombre de la rosa\u201d destaca la importancia del cerebro y c\u00f3mo \u00e9ste debe mantenerse en funcionamiento constante para prevenir no s\u00f3lo la demencia en la tercera edad, sino tambi\u00e9n para entender el presente, apunta el portal de Internet \u201corizzontescuola.it\u201d.<\/p>\n<p class=\"ecxMsoNormal\">Umberto Eco naci\u00f3 el 5 de enero de 1932 en Alessandria, Piamonte, Italia, en el seno de un hogar liderado por Giulio Eco, quien era contador.<\/p>\n<p class=\"ecxMsoNormal\">Durante la Segunda Guerra Mundial (1939-1945), el joven Umberto y su madre, Juana, se trasladaron a un peque\u00f1o pueblo en la ladera de la monta\u00f1a piamontesa.<\/p>\n<p class=\"ecxMsoNormal\">Luego de recibir una educaci\u00f3n salesiana, Eco ingres\u00f3 a la Universidad de Tur\u00edn, donde estudi\u00f3 Filosof\u00eda y Literatura medieval, carrera de la que se licenci\u00f3, en 1954, con una tesis dedicada a Tom\u00e1s de Aquino (1224-1274), se\u00f1ala su biograf\u00eda disponible en el portal web \u201cumbertoeco.com\u201d.<\/p>\n<p class=\"ecxMsoNormal\">En ese per\u00edodo, Eco abandon\u00f3 la iglesia cat\u00f3lica despu\u00e9s de una crisis de fe y escribi\u00f3 \u201cObra abierta\u201d (1962) y \u201cApocal\u00edpticos e integrados\u201d (1964).<\/p>\n<p class=\"ecxMsoNormal\">En los a\u00f1os 70, el autor comenz\u00f3 a ejercer como docente en la Universidad de Bolonia, donde ostenta la c\u00e1tedra de Semi\u00f3tica, y se dedic\u00f3 a la sistematizaci\u00f3n de la teor\u00eda semi\u00f3tica, que dio como resultado su \u201cTratado de semi\u00f3tica general\u201d (1975), publicado casi al mismo tiempo en Estados Unidos con el t\u00edtulo de \u201cA Theory of Semiotics\u201d.<\/p>\n<p class=\"ecxMsoNormal\">Asimismo, escribi\u00f3 \u201cLector in fabula\u201d (1979), obra en la que afirma que la comprensi\u00f3n y el an\u00e1lisis de un texto dependen de la cooperaci\u00f3n interpretativa entre el autor y el lector, y no de la preparaci\u00f3n y de la determinaci\u00f3n de unas estructuras subyacentes, fijadas de una vez por todas.<\/p>\n<p class=\"ecxMsoNormal\">De acuerdo con el perfil del autor publicado en el sitio electr\u00f3nico \u201cbiografiasyvidas.com\u201d, en la siguiente d\u00e9cada, Eco lanz\u00f3 su famosa novela \u201cEl nombre de la rosa\u201d, en cuyas p\u00e1ginas se combinan los temas te\u00f3ricos de su obra, con una adecuada reconstrucci\u00f3n hist\u00f3rica.<\/p>\n<p class=\"ecxMsoNormal\">Otras de las obras del c\u00e9lebre autor italiano son: \u201cEl p\u00e9ndulo de Foucault\u201d (1988), \u201cLa isla del d\u00eda antes\u201d (1994), su novela autobiogr\u00e1fica \u201cLa misteriosa llama de la Reina Loana\u201d (2004) y \u201cEl cementerio de Praga\u201d (2010).<\/p>\n<p class=\"ecxMsoNormal\">A lo largo de su s\u00f3lida carrera Umberto Eco ha recibido numerosos galardones y honores entre los que destacan: el Premio Pr\u00edncipe de Asturias de Comunicaci\u00f3n e Humanidades y la Orden de Caballero de la Legi\u00f3n de Honor francesa.<\/p>\n","protected":false},"excerpt":{"rendered":"<p>\u201cN\u00famero Cero\u201d, retrato del mal periodismo Umberto Eco presenta novela Celebrar\u00e1 Umberto Eco 83 a\u00f1os Contin\u00faa como una voz l\u00facida de la literatura Afp El escritor Umbeto Eco presenta su nuevo libro &#8216;N\u00famero Cero&#8217;. El c\u00e9lebre escritor y ensayista italiano Umberto Eco presenta esta semana en Italia su nueva novela, &#8216;N\u00famero cero&#8217;, una suerte de [&hellip;]<\/p>\n","protected":false},"author":249,"featured_media":11113,"comment_status":"open","ping_status":"closed","sticky":false,"template":"","format":"standard","meta":{"footnotes":""},"categories":[1],"tags":[],"class_list":["post-11112","post","type-post","status-publish","format-standard","has-post-thumbnail","hentry","category-sin-categoria"],"_links":{"self":[{"href":"https:\/\/eloficiodehistoriar.com.mx\/index.php?rest_route=\/wp\/v2\/posts\/11112","targetHints":{"allow":["GET"]}}],"collection":[{"href":"https:\/\/eloficiodehistoriar.com.mx\/index.php?rest_route=\/wp\/v2\/posts"}],"about":[{"href":"https:\/\/eloficiodehistoriar.com.mx\/index.php?rest_route=\/wp\/v2\/types\/post"}],"author":[{"embeddable":true,"href":"https:\/\/eloficiodehistoriar.com.mx\/index.php?rest_route=\/wp\/v2\/users\/249"}],"replies":[{"embeddable":true,"href":"https:\/\/eloficiodehistoriar.com.mx\/index.php?rest_route=%2Fwp%2Fv2%2Fcomments&post=11112"}],"version-history":[{"count":1,"href":"https:\/\/eloficiodehistoriar.com.mx\/index.php?rest_route=\/wp\/v2\/posts\/11112\/revisions"}],"predecessor-version":[{"id":11114,"href":"https:\/\/eloficiodehistoriar.com.mx\/index.php?rest_route=\/wp\/v2\/posts\/11112\/revisions\/11114"}],"wp:featuredmedia":[{"embeddable":true,"href":"https:\/\/eloficiodehistoriar.com.mx\/index.php?rest_route=\/wp\/v2\/media\/11113"}],"wp:attachment":[{"href":"https:\/\/eloficiodehistoriar.com.mx\/index.php?rest_route=%2Fwp%2Fv2%2Fmedia&parent=11112"}],"wp:term":[{"taxonomy":"category","embeddable":true,"href":"https:\/\/eloficiodehistoriar.com.mx\/index.php?rest_route=%2Fwp%2Fv2%2Fcategories&post=11112"},{"taxonomy":"post_tag","embeddable":true,"href":"https:\/\/eloficiodehistoriar.com.mx\/index.php?rest_route=%2Fwp%2Fv2%2Ftags&post=11112"}],"curies":[{"name":"wp","href":"https:\/\/api.w.org\/{rel}","templated":true}]}}