{"id":11123,"date":"2015-01-15T16:35:16","date_gmt":"2015-01-15T22:35:16","guid":{"rendered":"https:\/\/eloficiodehistoriar.com.mx\/?p=11123"},"modified":"2015-01-15T16:35:16","modified_gmt":"2015-01-15T22:35:16","slug":"revela-museo-del-virreinato-secretos-de-los-libros-de-coro","status":"publish","type":"post","link":"https:\/\/eloficiodehistoriar.com.mx\/?p=11123","title":{"rendered":"Revela Museo del Virreinato secretos de los libros de coro"},"content":{"rendered":"<p class=\"ecxMsoNormal\" style=\"text-align: center;\"><b>Revela Museo del Virreinato secretos de los libros de coro<\/b><\/p>\n<p class=\"ecxMsoNormal\" style=\"text-align: center;\"><b>La Redacci\u00f3n<\/b><\/p>\n<p class=\"ecxMsoNormal\" style=\"text-align: center;\"><b>La Jornada<\/b><\/p>\n<p class=\"ecxMsoNormal\" style=\"text-align: justify;\"><b>La muestra &#8216;Magnificat. Los secretos de los libros de coro<\/b><\/p>\n<p class=\"ecxMsoNormal\" style=\"text-align: justify;\"><b>est\u00e1 integrada por 19 de los 92 vol\u00famenes que forman parte de su colecci\u00f3n.<\/b><\/p>\n<p class=\"ecxMsoNormal\" style=\"text-align: justify;\">El Museo Nacional del Virreinato presenta Magnificat. Los secretos de los libros de coro, una exposici\u00f3n para ver y o\u00edr, integrada por 19 de los 92 vol\u00famenes que forman parte de su acervo. Se trata de obras de gran tama\u00f1o y belleza, creadas en Espa\u00f1a y Nueva Espa\u00f1a durante la \u00e9poca colonial, que se utilizaban en las ceremonias lit\u00fargicas de catedrales, iglesias y conventos.<\/p>\n<p class=\"ecxMsoNormal\" style=\"text-align: justify;\">Adem\u00e1s de admirar los espl\u00e9ndidos ejemplares y poder adentrarse en la vida de los libros, desde su creaci\u00f3n, usos y desusos, hasta los procesos de conservaci\u00f3n, el p\u00fablico tambi\u00e9n tendr\u00e1 la oportunidad de escuchar algunas piezas en una sala donde se reproduce el contenido de las obras.<\/p>\n<p class=\"ecxMsoNormal\" style=\"text-align: justify;\">A trav\u00e9s de seis unidades tem\u00e1ticas, se ofrece un amplio panorama de los libros y la importancia de conservar esas obras por su valor art\u00edstico, t\u00e9cnico, simb\u00f3lico e hist\u00f3rico. En la sala introductoria el p\u00fablico puede escuchar fragmentos de dos composiciones representativas del canto llano y del canto polif\u00f3nico, para que identifique sus principales caracter\u00edsticas y las diferencias que existen entre ambos estilos.<\/p>\n<p class=\"ecxMsoNormal\" style=\"text-align: justify;\">Hechas en pergamino y con bellos decorados e iluminaciones lo suficientemente grandes para que el coro de una iglesia pudiera leerlas, estas piezas fueron creadas como instrumentos lit\u00fargicos que propiciaran la alabanza y la adoraci\u00f3n solemne a Dios. Por ello, su contenido responde a las festividades del calendario lit\u00fargico: Natividad, Pascua, tiempo cristol\u00f3gico y santoral de la Virgen Mar\u00eda, m\u00e1rtires y santos.<\/p>\n<p class=\"ecxMsoNormal\" style=\"text-align: justify;\">Los libros de coro tuvieron desde su creaci\u00f3n un fin espec\u00edfico, por ello se les transformaba de acuerdo con las necesidades que las autoridades eclesi\u00e1sticas estipulaban en el ritual de la misa. Esto se puede apreciar en los m\u00faltiples encuadernados que tuvieron algunos de ellos con el fin de retirar o agregar nuevos cantos.<\/p>\n<p class=\"ecxMsoNormal\" style=\"text-align: justify;\">En 1859, con motivo de la promulgaci\u00f3n de las Leyes de Reforma, los libros de coro pasaron a ser propiedad del Estado, lo cual tambi\u00e9n modific\u00f3 su uso al formar parte desde entonces de los acervos bibliogr\u00e1ficos como objetos de alto valor cultural.<\/p>\n<p class=\"ecxMsoNormal\" style=\"text-align: justify;\">La exposici\u00f3n tambi\u00e9n aborda los factores de deterioro y las restauraciones realizadas a m\u00e1s de cuatro decenas de libros de m\u00fasica, cuyas pautas registran parte del acervo musical del periodo virreinal.<\/p>\n<p class=\"ecxMsoNormal\" style=\"text-align: justify;\">La muestra permanecer\u00e1 abierta hasta marzo de 2015 en la Sala de Exposiciones del Claustro Bajo de los Naranjos, en el Museo Nacional del Virreinato ubicado en Tepozotl\u00e1n, Estado de M\u00e9xico.<\/p>\n","protected":false},"excerpt":{"rendered":"<p>Revela Museo del Virreinato secretos de los libros de coro La Redacci\u00f3n La Jornada La muestra &#8216;Magnificat. Los secretos de los libros de coro est\u00e1 integrada por 19 de los 92 vol\u00famenes que forman parte de su colecci\u00f3n. El Museo Nacional del Virreinato presenta Magnificat. Los secretos de los libros de coro, una exposici\u00f3n para [&hellip;]<\/p>\n","protected":false},"author":249,"featured_media":11124,"comment_status":"open","ping_status":"closed","sticky":false,"template":"","format":"standard","meta":{"footnotes":""},"categories":[1],"tags":[],"class_list":["post-11123","post","type-post","status-publish","format-standard","has-post-thumbnail","hentry","category-sin-categoria"],"_links":{"self":[{"href":"https:\/\/eloficiodehistoriar.com.mx\/index.php?rest_route=\/wp\/v2\/posts\/11123","targetHints":{"allow":["GET"]}}],"collection":[{"href":"https:\/\/eloficiodehistoriar.com.mx\/index.php?rest_route=\/wp\/v2\/posts"}],"about":[{"href":"https:\/\/eloficiodehistoriar.com.mx\/index.php?rest_route=\/wp\/v2\/types\/post"}],"author":[{"embeddable":true,"href":"https:\/\/eloficiodehistoriar.com.mx\/index.php?rest_route=\/wp\/v2\/users\/249"}],"replies":[{"embeddable":true,"href":"https:\/\/eloficiodehistoriar.com.mx\/index.php?rest_route=%2Fwp%2Fv2%2Fcomments&post=11123"}],"version-history":[{"count":1,"href":"https:\/\/eloficiodehistoriar.com.mx\/index.php?rest_route=\/wp\/v2\/posts\/11123\/revisions"}],"predecessor-version":[{"id":11125,"href":"https:\/\/eloficiodehistoriar.com.mx\/index.php?rest_route=\/wp\/v2\/posts\/11123\/revisions\/11125"}],"wp:featuredmedia":[{"embeddable":true,"href":"https:\/\/eloficiodehistoriar.com.mx\/index.php?rest_route=\/wp\/v2\/media\/11124"}],"wp:attachment":[{"href":"https:\/\/eloficiodehistoriar.com.mx\/index.php?rest_route=%2Fwp%2Fv2%2Fmedia&parent=11123"}],"wp:term":[{"taxonomy":"category","embeddable":true,"href":"https:\/\/eloficiodehistoriar.com.mx\/index.php?rest_route=%2Fwp%2Fv2%2Fcategories&post=11123"},{"taxonomy":"post_tag","embeddable":true,"href":"https:\/\/eloficiodehistoriar.com.mx\/index.php?rest_route=%2Fwp%2Fv2%2Ftags&post=11123"}],"curies":[{"name":"wp","href":"https:\/\/api.w.org\/{rel}","templated":true}]}}