{"id":11127,"date":"2015-01-15T16:38:59","date_gmt":"2015-01-15T22:38:59","guid":{"rendered":"https:\/\/eloficiodehistoriar.com.mx\/?p=11127"},"modified":"2015-01-15T16:38:59","modified_gmt":"2015-01-15T22:38:59","slug":"eugenia-leon-recibira-medalla-alfonso-ortiz-tirado-2015","status":"publish","type":"post","link":"https:\/\/eloficiodehistoriar.com.mx\/?p=11127","title":{"rendered":"Eugenia Le\u00f3n recibir\u00e1 Medalla Alfonso Ortiz Tirado 2015"},"content":{"rendered":"<div class=\"ContentRight WithRightRail FullView\" data-link=\"class{:~tag.contentRightClass(Layout.IsFullView, Layout.ReadingPaneMode)}\">\n<div class=\"ContentRightInner t_mbgc t_qtc t_urtc\">\n<div id=\"inboxControl0fv-ReadMessageContainer\" class=\"v-ReadMessageContainer slideOnResize\" tabindex=\"-1\">\n<div class=\"c-ReadMessage\" data-link=\"class{readMessageClass: ~tag.Show}\">\n<div id=\"ReadMessageScrollableSection\" class=\"rmMessages ClearBoth\" tabindex=\"-1\">\n<div id=\"readMessagePartControl423f\" class=\"c-ReadMessagePart ReadMsgContainer HasLayout ClearBoth HideShadows FullPart NoHistory Read RmIc\" data-link=\"class{:~tag.getHeaderCssClass(IsConversationPart, IsRead, IsDraft, IsTrustedSender, Items.length)}\">\n<div class=\"c-ReadMessagePartBody\" data-link=\"class{getClass:IsBodyExpanded}\">\n<div class=\"readMsgBody\">\n<div id=\"bodyreadMessagePartBodyControl428f\" class=\"ExternalClass MsgBodyContainer\" data-link=\"class{:~tag.cssClasses(PlainText, IsContentFiltered)}\">\n<div dir=\"ltr\">\n<p class=\"ecxMsoNormal\" style=\"text-align: center;\"><b>Eugenia Le\u00f3n recibir\u00e1 Medalla Alfonso Ortiz Tirado 2015<\/b><\/p>\n<p class=\"ecxMsoNormal\" style=\"text-align: center;\">Merry MacMasters<\/p>\n<p class=\"ecxMsoNormal\" style=\"text-align: justify;\">En esta ocasi\u00f3n la Medalla Alfonso Ortiz Tirado 2015 ser\u00e1 entregado a la cantante popular Eugenia Le\u00f3n.<\/p>\n<p class=\"ecxMsoNormal\" style=\"text-align: justify;\">La XXXI edici\u00f3n del Festival Alfonso Ortiz Tirado tendr\u00e1 lugar del 23 al 31 de enero en \u00c1lamos, Sonora, ciudad natal del tenor, quien m\u00e1s bien se desenvolvi\u00f3 dentro de la m\u00fasica popular, y pat\u00f3logo (fue m\u00e9dico de cabecera de Frida Kahlo).<\/p>\n<p class=\"ecxMsoNormal\" style=\"text-align: justify;\">En esta ocasi\u00f3n la Medalla Alfonso Ortiz Tirado 2015 ser\u00e1 entregado a la cantante popular Eugenia Le\u00f3n, con lo que se abrir\u00e1 el espectro para futuros recipientes del galard\u00f3n, inform\u00f3 Poly Coronel G\u00e1ndara, titular del Instituto Sonorense de Cultura.<\/p>\n<p class=\"ecxMsoNormal\" style=\"text-align: justify;\">La premiaci\u00f3n se har\u00e1 el s\u00e1bado 24 en un concierto programado al aire libre, en el Callej\u00f3n del Templo. Le\u00f3n cantar\u00e1, entre otras cosas, un arreglo de canciones que Ortiz Tirado (1893-1960) populariz\u00f3 en los a\u00f1os 40 y 50 del siglo pasado: Te quiero, dijiste, de Mar\u00eda Grever; Adi\u00f3s Mariquita linda, de Marcos A. Jim\u00e9nez; Preludio de amor, de Guty C\u00e1rdenas, y Amapola. La acompa\u00f1ar\u00e1 la Orquesta Filarm\u00f3nica de Sonora.<\/p>\n<p class=\"ecxMsoNormal\" style=\"text-align: justify;\">Otras actividades por efectuarse en la calle son el montaje de la \u00f3pera Carmen, aunque se ha hecho un compendio en dos de los cuatro actos, y las actuaciones del tenor sonorense Arturo Chac\u00f3n, el blusero Earl Thomas, la cantante espa\u00f1ola Sole Gim\u00e9nez y el salsero Tomasito Cruz.<\/p>\n<p class=\"ecxMsoNormal\" style=\"text-align: justify;\">Tambi\u00e9n, diariamente, a las 12:00 horas, se efectuar\u00e1 \u00d3pera 12, un espacio para j\u00f3venes voces en la Casa de la Cultura. Se trata de un proyecto de Enrique Patr\u00f3n de Rueda, asesor del FAOT desde hace un lustro.<\/p>\n<\/div>\n<\/div>\n<\/div>\n<\/div>\n<\/div>\n<\/div>\n<\/div>\n<\/div>\n<\/div>\n<div class=\"v-InboxFooterContainer\">\n<div class=\"c-PageFooter Unselectable\" style=\"text-align: justify;\"><\/div>\n<\/div>\n<\/div>\n<p>&nbsp;<\/p>\n","protected":false},"excerpt":{"rendered":"<p>Eugenia Le\u00f3n recibir\u00e1 Medalla Alfonso Ortiz Tirado 2015 Merry MacMasters En esta ocasi\u00f3n la Medalla Alfonso Ortiz Tirado 2015 ser\u00e1 entregado a la cantante popular Eugenia Le\u00f3n. La XXXI edici\u00f3n del Festival Alfonso Ortiz Tirado tendr\u00e1 lugar del 23 al 31 de enero en \u00c1lamos, Sonora, ciudad natal del tenor, quien m\u00e1s bien se desenvolvi\u00f3 [&hellip;]<\/p>\n","protected":false},"author":249,"featured_media":11128,"comment_status":"open","ping_status":"closed","sticky":false,"template":"","format":"standard","meta":{"footnotes":""},"categories":[1],"tags":[],"class_list":["post-11127","post","type-post","status-publish","format-standard","has-post-thumbnail","hentry","category-sin-categoria"],"_links":{"self":[{"href":"https:\/\/eloficiodehistoriar.com.mx\/index.php?rest_route=\/wp\/v2\/posts\/11127","targetHints":{"allow":["GET"]}}],"collection":[{"href":"https:\/\/eloficiodehistoriar.com.mx\/index.php?rest_route=\/wp\/v2\/posts"}],"about":[{"href":"https:\/\/eloficiodehistoriar.com.mx\/index.php?rest_route=\/wp\/v2\/types\/post"}],"author":[{"embeddable":true,"href":"https:\/\/eloficiodehistoriar.com.mx\/index.php?rest_route=\/wp\/v2\/users\/249"}],"replies":[{"embeddable":true,"href":"https:\/\/eloficiodehistoriar.com.mx\/index.php?rest_route=%2Fwp%2Fv2%2Fcomments&post=11127"}],"version-history":[{"count":1,"href":"https:\/\/eloficiodehistoriar.com.mx\/index.php?rest_route=\/wp\/v2\/posts\/11127\/revisions"}],"predecessor-version":[{"id":11129,"href":"https:\/\/eloficiodehistoriar.com.mx\/index.php?rest_route=\/wp\/v2\/posts\/11127\/revisions\/11129"}],"wp:featuredmedia":[{"embeddable":true,"href":"https:\/\/eloficiodehistoriar.com.mx\/index.php?rest_route=\/wp\/v2\/media\/11128"}],"wp:attachment":[{"href":"https:\/\/eloficiodehistoriar.com.mx\/index.php?rest_route=%2Fwp%2Fv2%2Fmedia&parent=11127"}],"wp:term":[{"taxonomy":"category","embeddable":true,"href":"https:\/\/eloficiodehistoriar.com.mx\/index.php?rest_route=%2Fwp%2Fv2%2Fcategories&post=11127"},{"taxonomy":"post_tag","embeddable":true,"href":"https:\/\/eloficiodehistoriar.com.mx\/index.php?rest_route=%2Fwp%2Fv2%2Ftags&post=11127"}],"curies":[{"name":"wp","href":"https:\/\/api.w.org\/{rel}","templated":true}]}}