{"id":11159,"date":"2015-01-23T13:14:48","date_gmt":"2015-01-23T19:14:48","guid":{"rendered":"https:\/\/eloficiodehistoriar.com.mx\/?p=11159"},"modified":"2015-01-23T13:14:48","modified_gmt":"2015-01-23T19:14:48","slug":"nadal-coge-aire-eterno-nadal","status":"publish","type":"post","link":"https:\/\/eloficiodehistoriar.com.mx\/?p=11159","title":{"rendered":"Nadal coge aire  &#8211;   Eterno Nadal"},"content":{"rendered":"<p class=\"ecxMsoNormal\" align=\"center\"><b>Nadal coge aire \u00a0 \u00a0\u00a0<\/b><b>Eterno Nadal<\/b><\/p>\n<p class=\"ecxMsoNormal\">A los 28 a\u00f1os, el espa\u00f1ol es un competidor temido por los rivales, deseado por los patrocinadores y apreciado por el p\u00fablico. Asalta 2015 busca del r\u00e9cord absoluto de t\u00edtulos<\/p>\n<p class=\"ecxMsoNormal\">Tiene un plan: competir a pecho descubierto y empezar a preparar la vida despu\u00e9s del tenis fundando una academia.<\/p>\n<p class=\"ecxMsoNormal\">JUAN JOS\u00c9 MATEO<\/p>\n<p class=\"ecxMsoNormal\">Madrid<\/p>\n<p class=\"ecxMsoNormal\">El Pa\u00eds<\/p>\n<p class=\"ecxMsoNormal\">Nadal: \u00abSe descansa haciendo otra cosa, no haciendo nada\u00bb.<\/p>\n<p class=\"ecxMsoNormal\">Nadie escapa al paso del tiempo, tampoco los ni\u00f1os prodigio.<\/p>\n<p class=\"ecxMsoNormal\">Tras su marat\u00f3n de segunda ronda (4h 12m), el espa\u00f1ol solo emplea 2h 2m en ganar 6-1, 6-0 y 7-5 al israel\u00ed Sela y llegar a octavos, donde le espera Kevin Anderson (15 del ranking)<\/p>\n<p class=\"ecxMsoNormal\">As\u00ed se pasa del infierno al para\u00edso en unas horas. Despu\u00e9s de sufrir 4h 12m para ganar en segunda ronda, Rafael Nadal lleg\u00f3 a los octavos de final del Abierto de Australia empleando tan solo dos horas y dos minutos en eliminar (6-1, 6-0 y 7-5) al israel\u00ed Dudi Sela, sin argumentos para medirse con el n\u00famero tres del mundo. Nadal se present\u00f3 al partido con la duda de saber c\u00f3mo responder\u00eda su cuerpo a los sudores y mareos anteriores, acunado, esta vez, por la temperatura (20 grados) y la organizaci\u00f3n, que program\u00f3 su partido como el \u00faltimo de la jornada, con lo que tuvo m\u00e1s horas de descanso. Sela, que pudo haber competido pensando en que pod\u00eda haber un resquicio en la armadura del favorito, que quiz\u00e1s estuviera mellado su escudo y roma su espada tras una batalla tan exigente, lo hizo sin el m\u00e1s m\u00ednimo convencimiento. En consecuencia, el mallorqu\u00edn jugar\u00e1 por los cuartos de final contra Kevin Anderson, el n\u00famero 15 del mundo, un sacador que gan\u00f3 (6-4, 7-6 y 7-6) a Richard Gasquet (1-0 para el espa\u00f1ol en el cara a cara).<\/p>\n<p class=\"ecxMsoNormal\">\n<p class=\"ecxMsoNormal\">Su victoria es un mensaje para el vestuario: si se planta en la segunda semana del torneo, Nadal aspirar\u00e1 a todo<\/p>\n<p class=\"ecxMsoNormal\">El campe\u00f3n de 14 grandes gan\u00f3 el sorteo y eligi\u00f3 restar, una decisi\u00f3n contracultural que en \u00e9l ya es tradicional. La medida, que le quita la iniciativa en el marcador, le permite tambi\u00e9n entrar en juego y empezar a encontrar su ritmo sin arriesgarse a encajar un break tempranero. Nunca fue m\u00e1s v\u00e1lido ese razonamiento que ante Sela. El espa\u00f1ol, sin referencias tras tantos meses sin competir con continuidad y despu\u00e9s de su tortura de segunda ronda, busc\u00f3 seguridades. Medir distancias. Auscultar las piernas. Sentir la pelota. No pudo salirle mejor. Rompi\u00f3 de entrada. Aceler\u00f3 hasta un 4-0 en solo 18 minutos. Se apunt\u00f3 el set en 28. Fue lo m\u00e1s parecido a un entrenamiento en competici\u00f3n, cuando se vio liberadon por la proximidad de la derrota.<\/p>\n<p class=\"ecxMsoNormal\">\n<p class=\"ecxMsoNormal\">Cuando en las escuelas los profesores intenten ense\u00f1ar a sus alumnos c\u00f3mo sufr\u00eda un tenista de rev\u00e9s a una mano contra el drive alto de Nadal, podr\u00e1n recurrir al v\u00eddeo de este partido. Levantando apenas 1,75m del suelo, Sela se descompuso golpeando una y otra vez la pelota por encima de su hombro. Descontrolado. Incapaz de hacer algo con la pelota. Sin poder proponer nada. Desangrado de error en error, el israel\u00ed sirvi\u00f3 en bandeja de plata el partido. \u201c\u00a1D\u00e9jame al menos ganar una!\u201d, bromeaba a gestos el n\u00famero 106, superado por tierra, mar y aire.<\/p>\n<p class=\"ecxMsoNormal\">\n<p class=\"ecxMsoNormal\">El n\u00famero tres mundial no desperdici\u00f3 la oportunidad. Melbourne ya le ha visto pasearse frente al abismo de la derrota y vivir para contarlo. Su victoria ante Sela fue un mensaje para el vestuario, donde con seguridad se escuch\u00f3 alto y claro: si se planta en la segunda semana del torneo, Nadal aspirar\u00e1 a todo.<\/p>\n<p class=\"ecxMsoNormal\">\n<p class=\"ecxMsoNormal\">\n<p class=\"ecxMsoNormal\">\u00a0\u00a0\u00a0\u00a0\u00a0\u00a0\u00a0\u00a0\u00a0\u00a0\u00a0\u00a0\u00a0\u00a0\u00a0\u00a0\u00a0\u00a0\u00a0\u00a0\u00a0\u00a0\u00a0\u00a0\u00a0\u00a0\u00a0\u00a0\u00a0\u00a0\u00a0\u00a0\u00a0\u00a0\u00a0\u00a0\u00a0\u00a0\u00a0\u00a0\u00a0\u00a0\u00a0\u00a0\u00a0\u00a0\u00a0\u00a0\u00a0\u00a0\u00a0\u00a0\u00a0 Eterno Nadal<\/p>\n<p class=\"ecxMsoNormal\">A los 28 a\u00f1os, el espa\u00f1ol es un competidor temido por los rivales, deseado por los patrocinadores y apreciado por el p\u00fablico. Asalta 2015 busca del r\u00e9cord absoluto de t\u00edtulos<\/p>\n<p class=\"ecxMsoNormal\">Tiene un plan: competir a pecho descubierto y empezar a preparar la vida despu\u00e9s del tenis fundando una academia.<\/p>\n<p class=\"ecxMsoNormal\">JUAN JOS\u00c9 MATEO<\/p>\n<p class=\"ecxMsoNormal\">Nadal: \u00abSe descansa haciendo otra cosa, no haciendo nada\u00bb.<\/p>\n<p class=\"ecxMsoNormal\">Nadie escapa al paso del tiempo, tampoco los ni\u00f1os prodigio.<\/p>\n<p class=\"ecxMsoNormal\">Rafael Nadal, el adolescente que hace un decenio asombraba al mundo jugando la final de la Copa Davis de 2004, ya no compite con pantalones pirata ni luce una melena salvaje que le d\u00e9 latigazos en los hombros mientras devora contrarios.<\/p>\n<p class=\"ecxMsoNormal\">No. Para nada. Hoy el mallorqu\u00edn tiene 28 a\u00f1os, ya ha ganado 14 torneos del Grand Slam y sabe que ha jugado m\u00e1s partidos de los que le quedan por jugar. Listo para asaltar 2015 con la raqueta afilada y el apetito voraz de siempre, Nadal ya no piensa solo en el presente.<\/p>\n<p class=\"ecxMsoNormal\">Mientras se recupera de una operaci\u00f3n de apendicitis y del tratamiento con c\u00e9lulas madre con el que intenta solucionar sus problemas de espalda, el n\u00famero tres mundial programa su vuelta a las pistas y analiza tambi\u00e9n el ma\u00f1ana, el futuro, lo que ser\u00e1 de su vida en unos a\u00f1os.<\/p>\n<p class=\"ecxMsoNormal\">Y ve hijos.<\/p>\n<p class=\"ecxMsoNormal\">Una academia de tenis.<\/p>\n<p class=\"ecxMsoNormal\">Su papel como embajador del Banco Sabadell.<\/p>\n<p class=\"ecxMsoNormal\">Sus proyectos solidarios.<\/p>\n<p class=\"ecxMsoNormal\">La gesti\u00f3n de sus inversiones.<\/p>\n<p class=\"ecxMsoNormal\">Y entonces, cuando piensa en todo eso, no siente miedo, ni v\u00e9rtigo.<\/p>\n<p class=\"ecxMsoNormal\">Al contrario. Mueve las manos para explicar que cuando llegue el momento se encontrar\u00e1 frente a un reto.<\/p>\n<p class=\"ecxMsoNormal\">\n<p class=\"ecxMsoNormal\">\u201cToda mi vida he pensado en qu\u00e9 iba a haber despu\u00e9s del tenis. Es algo que nunca me ha creado ning\u00fan precipicio, ning\u00fan p\u00e1nico, ning\u00fan problema\u201d, cuenta el tenista a su paso por Madrid, donde aparece trajeado, con la vieja melena domada por encima de las orejas y el tono reflexivo de quien lo tiene todo ya analizado, medido y pensado.<\/p>\n<p class=\"ecxMsoNormal\">\u201cEso s\u00ed, respeto m\u00e1ximo a lo que pueda venir despu\u00e9s\u201d, admite, porque sabe que abundan los ejemplos de quienes han fracasado en la transici\u00f3n del estadio a casa. \u201cNo voy a decir que no tendr\u00e9 ning\u00fan problema en habituarme a otra vida despu\u00e9s de una carrera as\u00ed, pero yo estoy convencido, convencid\u00edsimo, de que no, de que tengo muchas cosas en la vida fuera del circuito profesional que me hacen ser feliz. Creo que voy a tener muchas otras cosas que me van a hacer ser feliz\u201d, insiste mientras desgrana sus argumentos pausadamente, como jugueteando con la idea, porque sabe que tiene carrera por delante, que quedan finales por competir y t\u00edtulos que celebrar.<\/p>\n<p class=\"ecxMsoNormal\">Tengo muchas cosas fuera del circuito profesional que me hacen ser feliz<\/p>\n<p class=\"ecxMsoNormal\">En alg\u00fan momento, sin embargo, pasar\u00e1.<\/p>\n<p class=\"ecxMsoNormal\">El d\u00eda despu\u00e9s de un pol\u00edtico es parecido en algunos puntos al d\u00eda despu\u00e9s de un deportista.<\/p>\n<p class=\"ecxMsoNormal\">En cuanto el primero se despide del ministerio, deja de sonarle el tel\u00e9fono, ya no le invitan a las recepciones de los salones m\u00e1s influyentes, y consecuentemente siente un vac\u00edo inabarcable, un golpe en la autoestima, un empeque\u00f1ecimiento y una pregunta: \u00bfno era yo m\u00e1s que esto?<\/p>\n<p class=\"ecxMsoNormal\">Al deportista, progresivamente, le dejan de reconocer en la calle, ya no le piden aut\u00f3grafos ni le contratan para campa\u00f1as promocionales y, sobre todo, le faltan las emociones que se sienten compitiendo al m\u00e1ximo nivel y en los escenarios m\u00e1s prestigiosos.<\/p>\n<p class=\"ecxMsoNormal\">Expulsados del para\u00edso de los grandes estadios, donde son protagonistas de lo imposible y autores de relatos \u00e9picos a diario, muchos sufren para hacer la transici\u00f3n. Algunos penan enclaustrados en un recuerdo eterno. Incapaces de volver al ayer y de vivir en el hoy.<\/p>\n<p class=\"ecxMsoNormal\">ALEJANDRO RUESGA<\/p>\n<p class=\"ecxMsoNormal\">As\u00ed lo describe Jos\u00e9 Manuel Beir\u00e1n, psic\u00f3logo deportivo, exjugador del Real Madrid y plata ol\u00edmpica con la selecci\u00f3n de baloncesto en los Juegos de Los \u00c1ngeles 1984: \u201cEs una jubilaci\u00f3n con 30 a\u00f1os, no con 65. Es un cambio total de lo que era tu vida desde peque\u00f1o. Hay que irlo preparando desde mucho antes, o t\u00fa o tu entorno, porque vives como una persona normal muchos m\u00e1s a\u00f1os que los que vives como deportista. En 50 a\u00f1os, a Nadal se le seguir\u00e1 recordando. De los que no son superestrellas, en cuesti\u00f3n de poco tiempo nadie se acuerda. Y si esa persona se ha valorado por lo que piensan los dem\u00e1s en funci\u00f3n de los resultados\u2026\u201d, advierte Beir\u00e1n. \u201cSe piensa que eres m\u00e1s profesional si las 24 horas del d\u00eda solo vives para el deporte, si solo piensas en el deporte. Eso tiene mucho riesgo. Cansa much\u00edsimo. Es un esfuerzo mental tremendo. Hay que descansar f\u00edsicamente, pero tambi\u00e9n mentalmente, y se descansa haciendo otra cosa, no no haciendo nada\u201d.<\/p>\n<p class=\"ecxMsoNormal\">Solo hay una soluci\u00f3n, dice el psic\u00f3logo. Planear. Prepararse. Actuar antes, mientras se es deportista en activo. Encontrar algo que llene tanto como la carrera que ya no ser\u00e1. Justo lo que est\u00e1 haciendo el mallorqu\u00edn. Nadal, todav\u00eda en plenitud, todav\u00eda capacitado para luchar por todos los t\u00edtulos grandes, como demuestra que afronte 2015 con la posibilidad de convertirse en el tenista que ha ganado m\u00e1s Grand Slams en la historia (tiene 14, por los 17 de Roger Federer), dice que ya ha encontrado el proyecto que le motivar\u00e1 en el futuro.<\/p>\n<p class=\"ecxMsoNormal\">Roland Garros es el torneo que m\u00e1s alegr\u00edas le ha dado a Nadal.<\/p>\n<p class=\"ecxMsoNormal\">Con nueve t\u00edtulos, nadie ha ganado m\u00e1s que \u00e9l en la historia.<\/p>\n<p class=\"ecxMsoNormal\">\u201cTengo gente que me ayuda en estas cosas, como mi padre\u201d, cuenta sobre sus planes vitales, en los que la familia es y ser\u00e1 siempre un pilar fundamental.<\/p>\n<p class=\"ecxMsoNormal\">\u201cEl proyecto de la academia es un proyecto emocional y de una motivaci\u00f3n personal y colectiva que despierta mi atenci\u00f3n\u201d, describe sobre el centro internacional de tenis de alto rendimiento que abrir\u00e1 en Manacor (Mallorca), su ciudad, y del que ya ha puesto la primera piedra.<\/p>\n<p class=\"ecxMsoNormal\">\u201cMe permite seguir vinculado al mundo del deporte y al deporte que he practicado desde que tengo tres a\u00f1os. Estar\u00e1 en el sitio en el que he crecido, donde vivo y seguir\u00e9 viviendo. Eso, emocionalmente, es importante: crear algo en Manacor que pueda ser un centro deportivo de referencia internacional\u201d, describe.<\/p>\n<p class=\"ecxMsoNormal\">\u201cMe motiva darle a Manacor y a Mallorca unas instalaciones de ese nivel, crear puestos de trabajo y hacer que los ciudadanos puedan disfrutarlo\u201d, argumenta mientras mueve las manos con vehemencia.<\/p>\n<p class=\"ecxMsoNormal\">\u201cTambi\u00e9n me motiva formar a j\u00f3venes para el futuro. Hay que tener claro, y el que no lo tenga va desencaminado, que el tanto por ciento de gente que se dedica al m\u00e1ximo al tenis desde los 10 a\u00f1os y llega a profesional es equis. Nosotros vamos a intentar que ese equis sea el m\u00e1s alto posible, pero la gran mayor\u00eda no llega, y por eso lo primero es formar personas, proporcionarles unas bases s\u00f3lidas para darles un futuro con posibilidades, formarles a nivel personal, de estudios y prepararles para tener una salida hacia la universidad\u201d, reflexiona el jugador, que tiene presente el ejemplo de su amigo Tomeu Salv\u00e1, un talento del tenis que no complet\u00f3 el viaje hasta el profesionalismo y que ahora trabaja formando jugadores.<\/p>\n<p class=\"ecxMsoNormal\">\u00a0\u201cLleg\u00f3 un d\u00eda en el que a Tomeu competir le creaba ansiedad, nervios e infelicidad, y tom\u00f3 otro camino, en el que ha conseguido encontrar la alegr\u00eda. La academia ir\u00e1 encaminada a sacar el m\u00e1ximo n\u00famero posible de jugadores profesionales, el m\u00e1ximo rendimiento de los ni\u00f1os que vayan a estar ah\u00ed, pero evidentemente tambi\u00e9n a prepararles un futuro alternativo, en la universidad, y con unos valores que les ayuden en su vida personal sea cual sea su destino\u201d.<\/p>\n<p class=\"ecxMsoNormal\">Me motiva dar a Manacor un centro de referencia del tenis y crear puestos de trabajo\u201d<\/p>\n<p class=\"ecxMsoNormal\">Valores.<\/p>\n<p class=\"ecxMsoNormal\">El sanctasanct\u00f3rum de Nadal.<\/p>\n<p class=\"ecxMsoNormal\">Las inquietudes del balear van m\u00e1s all\u00e1 de las pistas.<\/p>\n<p class=\"ecxMsoNormal\">\u00c9l, que fue un adolescente sin inter\u00e9s por la lectura, apegado a los videojuegos de la PlayStation y siempre listo para participar en un partidillo de f\u00fatbol, es hoy un adulto que habla de crear empleo, de fundar una familia, de dar forma, gestionar y dejar un legado, y, sobre todo, de valores.<\/p>\n<p class=\"ecxMsoNormal\">Ese es un concepto clave en la vida del n\u00famero tres mundial.<\/p>\n<p class=\"ecxMsoNormal\">Hoy y hace un decenio, Nadal es esfuerzo, pasi\u00f3n, humildad, constancia, superaci\u00f3n y agradecimiento a la vida por lo que le ha ido dando.<\/p>\n<p class=\"ecxMsoNormal\">Hoy y hace un decenio, en la pista o a trav\u00e9s del Rafa Nadal Tour, su circuito para j\u00f3venes tenistas, el mallorqu\u00edn intenta trasladar esos sentimientos desde la pr\u00e1ctica. Hablar es gratis, dice. Hacer tiene un precio, recuerda.<\/p>\n<p class=\"ecxMsoNormal\">\u201cHablar de valores es mucho m\u00e1s f\u00e1cil que ejemplificarlos, que actuar y llevarlos a la realidad\u201d, opina con una ceja levantada, el gesto m\u00e1s nadaliano que existe.<\/p>\n<p class=\"ecxMsoNormal\">\u201cDar consejos de palabra es mucho m\u00e1s sencillo que hacerlo con ejemplos\u201d, subraya tras pasear por las calles del centro de Madrid mientras arrastra su maleta y la gente le anima con sus \u201c\u00a1Vamos, Rafa!\u201d camino de un acto de la campa\u00f1a Cerca que protagoniza con el periodista John Carlin para el Banco Sabadell.<\/p>\n<p class=\"ecxMsoNormal\">\u201cMi padre no hace falta que me d\u00e9 muchos consejos, porque me vale con ver c\u00f3mo act\u00faa diariamente, lo que ha hecho por nosotros, lo que se esfuerza para hacer que su empresa funcione. Durante muchos a\u00f1os, a\u00f1o tras a\u00f1o, ha luchado por superarse a s\u00ed mismo en el trabajo\u201d, destaca el tenista, que aplica en la cancha lo que vio en casa, una actitud que probablemente mantendr\u00e1 cuando toque en la gesti\u00f3n de su patrimonio, que incluye inversiones en hoteles.<\/p>\n<p class=\"ecxMsoNormal\">\u201cMi padre lo ha conseguido. Tiene la cristaler\u00eda m\u00e1s grande de Baleares. Para m\u00ed eso es un ejemplo: empezar de la nada y llegar a crear lo que ha creado \u00e9l. No ha sido un golpe de suerte. Ha sido trabajo y buscar continuamente la superaci\u00f3n\u201d, a\u00f1ade.<\/p>\n<p class=\"ecxMsoNormal\">\u201cCada uno tiene que hacer lo que le haga feliz, si puede. No todo el mundo tiene la posibilidad de hacer lo que le gusta. Es importante ser feliz con lo que uno hace, no hacer lo que a uno le hace feliz. Eso es una gran virtud\u201d, asegura el tenista, al que tambi\u00e9n asesora Carlos Costa, ex n\u00famero 10 mundial del tenis y su agente desde que era ni\u00f1o.<\/p>\n<p class=\"ecxMsoNormal\">\u201cDurante muchos a\u00f1os he hecho lo que me gusta, que es jugar al tenis, y he sido feliz, pero tambi\u00e9n me he esforzado desde una edad muy corta para conseguir lo que he conseguido. \u00bfPodr\u00e9 tener la actividad de mi padre?\u201d, se pregunta.<\/p>\n<p class=\"ecxMsoNormal\">\u201cNo lo s\u00e9. Lo que s\u00e9 seguro es que no estar\u00e9 sentado en el sof\u00e1 porque me gusta hacer cosas. Mi pasi\u00f3n ha sido el tenis, la de mi padre ha sido la empresa, trabajar, porque le divierte hacerlo. La idea es tener una ocupaci\u00f3n y tambi\u00e9n disfrutar de otras cosas. Mi padre tambi\u00e9n lo hace ahora, pero durante muchos a\u00f1os no lo ha hecho\u201d.<\/p>\n<p class=\"ecxMsoNormal\">Cuando dentro de un tiempo llegue el d\u00eda, Nadal se implicar\u00e1 m\u00e1s en su academia y en los proyectos solidarios de su fundaci\u00f3n, que trabaja en India; seguir\u00e1 siendo una figura extremadamente codiciada por marcas y empresas, que ven en \u00e9l a un portavoz capaz de entrar como uno m\u00e1s de la familia en el sal\u00f3n de cualquier casa; tendr\u00e1 un papel m\u00e1s activo en la agencia de representaci\u00f3n y organizaci\u00f3n de eventos que comparte con Carlos Costa (ya han fichado al chileno Gar\u00edn, campe\u00f3n j\u00fanior de Roland Garros); y vivir\u00e1 de otra forma su amor por el tenis, el golf, el f\u00fatbol, la pesca y el mar.<\/p>\n<p class=\"ecxMsoNormal\">El espa\u00f1ol en su \u00faltimo Roland Garros, el \u00fanico grande que se ha llevado en 2014.<\/p>\n<p class=\"ecxMsoNormal\">Nadal, el noveno deportista mejor pagado del mundo seg\u00fan la revista Forbes (35,5 millones de euros en 2014), imagina un futuro en el que su fren\u00e9tica actividad de hoy (casi 11 meses fuera de casa, torneos en cuatro continentes, viajes y entrenamientos constantes) ser\u00e1 sustituida por un ritmo de vida igualmente alto, pero menos viajero.<\/p>\n<p class=\"ecxMsoNormal\">\u201cNo me veo siendo entrenador personal y viajando por el mundo\u201d, dice. \u201cSer un Stefan Edberg [entrenador de Roger Federer y ganador de seis t\u00edtulos del Grand Slam] o un Boris Becker [entrenador de Novak Djokovic y vencedor de seis grandes]\u2026 no me veo\u201d.<\/p>\n<p class=\"ecxMsoNormal\">Porque el mejor tenista espa\u00f1ol de todos los tiempos, premio Pr\u00edncipe de Asturias, oro ol\u00edmpico individual, el \u00fanico espa\u00f1ol que ha ganado Wimbledon desde la lejana victoria de Manuel Santana (1966), el primero en ganar el Abierto de Australia y en completar el Grand Slam, se ve siendo padre y rodeado de ni\u00f1os. \u201cM\u00e1s de dos\u201d, advierte, sin ponerle fecha a las cunas, porque sigue compitiendo y su pareja tambi\u00e9n quiere alcanzar la excelencia en su terreno profesional.<\/p>\n<p class=\"ecxMsoNormal\">Cuando ese d\u00eda llegue, y con \u00e9l la emancipaci\u00f3n (el campe\u00f3n sigue viviendo con sus padres el poco tiempo que pasa en Mallorca), es m\u00e1s que probable que a Nadal se le siga viendo con los amigos de siempre y de vez en cuando con Pedro Riera, el entrenador con el que empez\u00f3 a jugar al f\u00fatbol, Tormento, que le apodan, con el que hoy comenta los progresos futbol\u00edsticos de sus primos, cuyos partidos no se pierde cuando la temporada lo permite.<\/p>\n<p class=\"ecxMsoNormal\">\u201cSon gente con la que nunca he perdido el contacto\u201d, cuenta el tenista, cuya familia lleva establecida en Manacor desde el siglo XIV. \u201cTengo la suerte de que tengo muchos primos entre 9 y 12 a\u00f1os que juegan al f\u00fatbol, y en cuanto puedo, en cuanto tengo momentos libres, intento ir a verles, porque me divierto. Son momentos bonitos. Yo, jugando al f\u00fatbol, de peque\u00f1o, me pon\u00eda mucho m\u00e1s nervioso que jugando al tenis. El f\u00fatbol siempre ha sido una gran pasi\u00f3n. A Pedro ya le conoc\u00ed as\u00ed, como Pedro Tormento\u201d.<\/p>\n<p class=\"ecxMsoNormal\">A Nadal todav\u00eda le quedan batallas con Roger Federer, el rival que marc\u00f3 el principio de su carrera, ese con el que disput\u00f3 la inolvidable final de Wimbledon de 2008 y que le neg\u00f3 la Copa de Maestros en 2010.<\/p>\n<p class=\"ecxMsoNormal\">Al espa\u00f1ol todav\u00eda le quedan encuentros contra Novak Djokovic, su n\u00e9mesis, un fiero tenista serbio con el que lleva un lustro mir\u00e1ndose de reojo, porque entre ambos se reparten la mayor\u00eda de los grandes t\u00edtulos.<\/p>\n<p class=\"ecxMsoNormal\">El n\u00famero tres mundial afronta la llegada de 2015 espoleado por un 2014 lleno de sinsabores, en el que la conquista de su noveno Roland Garros fue la chispa de luz en un a\u00f1o oscurecido por los dolores de espalda, los problemas en la mu\u00f1eca derecha (tres meses de baja) y una apendicitis que le dio un buen susto. \u201cMe oper\u00e9, y con suerte: me dijeron que el ap\u00e9ndice estaba otra vez en proceso activo, que se iba a volver a disparar\u201d, cuenta. Listo para seguir peleando al m\u00e1ximo nivel, el campe\u00f3n de 14 grandes sabe que todo tiene un fin.<\/p>\n<p class=\"ecxMsoNormal\">Que, aunque le quede carrera por delante, la raqueta no es eterna. Y por eso, ya en plena madurez, mira de frente al futuro igual que mira a los ojos a sus dos impresionantes rivales: sin miedo.<\/p>\n<p class=\"ecxMsoNormal\">\n","protected":false},"excerpt":{"rendered":"<p>Nadal coge aire \u00a0 \u00a0\u00a0Eterno Nadal A los 28 a\u00f1os, el espa\u00f1ol es un competidor temido por los rivales, deseado por los patrocinadores y apreciado por el p\u00fablico. Asalta 2015 busca del r\u00e9cord absoluto de t\u00edtulos Tiene un plan: competir a pecho descubierto y empezar a preparar la vida despu\u00e9s del tenis fundando una academia. [&hellip;]<\/p>\n","protected":false},"author":249,"featured_media":11160,"comment_status":"open","ping_status":"closed","sticky":false,"template":"","format":"standard","meta":{"footnotes":""},"categories":[1],"tags":[],"class_list":["post-11159","post","type-post","status-publish","format-standard","has-post-thumbnail","hentry","category-sin-categoria"],"_links":{"self":[{"href":"https:\/\/eloficiodehistoriar.com.mx\/index.php?rest_route=\/wp\/v2\/posts\/11159","targetHints":{"allow":["GET"]}}],"collection":[{"href":"https:\/\/eloficiodehistoriar.com.mx\/index.php?rest_route=\/wp\/v2\/posts"}],"about":[{"href":"https:\/\/eloficiodehistoriar.com.mx\/index.php?rest_route=\/wp\/v2\/types\/post"}],"author":[{"embeddable":true,"href":"https:\/\/eloficiodehistoriar.com.mx\/index.php?rest_route=\/wp\/v2\/users\/249"}],"replies":[{"embeddable":true,"href":"https:\/\/eloficiodehistoriar.com.mx\/index.php?rest_route=%2Fwp%2Fv2%2Fcomments&post=11159"}],"version-history":[{"count":1,"href":"https:\/\/eloficiodehistoriar.com.mx\/index.php?rest_route=\/wp\/v2\/posts\/11159\/revisions"}],"predecessor-version":[{"id":11161,"href":"https:\/\/eloficiodehistoriar.com.mx\/index.php?rest_route=\/wp\/v2\/posts\/11159\/revisions\/11161"}],"wp:featuredmedia":[{"embeddable":true,"href":"https:\/\/eloficiodehistoriar.com.mx\/index.php?rest_route=\/wp\/v2\/media\/11160"}],"wp:attachment":[{"href":"https:\/\/eloficiodehistoriar.com.mx\/index.php?rest_route=%2Fwp%2Fv2%2Fmedia&parent=11159"}],"wp:term":[{"taxonomy":"category","embeddable":true,"href":"https:\/\/eloficiodehistoriar.com.mx\/index.php?rest_route=%2Fwp%2Fv2%2Fcategories&post=11159"},{"taxonomy":"post_tag","embeddable":true,"href":"https:\/\/eloficiodehistoriar.com.mx\/index.php?rest_route=%2Fwp%2Fv2%2Ftags&post=11159"}],"curies":[{"name":"wp","href":"https:\/\/api.w.org\/{rel}","templated":true}]}}