{"id":11173,"date":"2015-01-26T13:51:21","date_gmt":"2015-01-26T19:51:21","guid":{"rendered":"https:\/\/eloficiodehistoriar.com.mx\/?p=11173"},"modified":"2015-01-26T13:51:21","modified_gmt":"2015-01-26T19:51:21","slug":"jose-emilio-pacheco-a-un-ano-de-su-partida","status":"publish","type":"post","link":"https:\/\/eloficiodehistoriar.com.mx\/?p=11173","title":{"rendered":"Jos\u00e9 Emilio Pacheco, a un a\u00f1o de su partida"},"content":{"rendered":"<div class=\"rmTopSpacer rmTop\">\n<div class=\"rmButtons\"><span class=\"rmPrev\"><img decoding=\"async\" class=\"i_rm_p\" src=\"https:\/\/snt150.mail.live.com\/ol\/clear.gif\" alt=\"\" data-link=\"class{prevImgClass:~tag.HasPrevious}\" \/><\/span><span class=\"rmNext\"><img decoding=\"async\" class=\"i_rm_n\" src=\"https:\/\/snt150.mail.live.com\/ol\/clear.gif\" alt=\"\" data-link=\"class{nextImgClass:~tag.HasNext}\" \/><\/span><span class=\"rmFull \"><img decoding=\"async\" class=\"i_r_fv\" src=\"https:\/\/snt150.mail.live.com\/ol\/clear.gif\" alt=\"\" \/><\/span><span class=\"rmClose \" data-link=\"class{closeBtnClass:~tag.layout.IsFullView}\"><img decoding=\"async\" class=\"g_close\" src=\"https:\/\/snt150.mail.live.com\/ol\/clear.gif\" alt=\"\" \/><\/span><\/div>\n<h2 class=\"rmSubject\"><\/h2>\n<\/div>\n<div id=\"readMessagePartControl415f\" class=\"c-ReadMessagePart ReadMsgContainer HasLayout ClearBoth HideShadows FullPart NoHistory Read RmIc\" data-link=\"class{:~tag.getHeaderCssClass(IsConversationPart, IsRead, IsDraft, IsTrustedSender, Items.length)}\">\n<div class=\"c-ReadMessagePartBody\" data-link=\"class{getClass:IsBodyExpanded}\">\n<div class=\"readMsgBody\">\n<div id=\"bodyreadMessagePartBodyControl420f\" class=\"ExternalClass MsgBodyContainer\" data-link=\"class{:~tag.cssClasses(PlainText, IsContentFiltered)}\">\n<div dir=\"ltr\">\n<p class=\"ecxMsoNormal\">Jos\u00e9 Emilio Pacheco, a un a\u00f1o de su partida<\/p>\n<p class=\"ecxMsoNormal\">ARMANDO PONCE<\/p>\n<p class=\"ecxMsoNormal\">Septiembre de 2006.<\/p>\n<p class=\"ecxMsoNormal\">Pacheco inaugura la Casa de la palabra.<\/p>\n<p class=\"ecxMsoNormal\">Marco A. Cruz<\/p>\n<p class=\"ecxMsoNormal\">proceso.com.mx<\/p>\n<p class=\"ecxMsoNormal\">Hace un a\u00f1o, un domingo como hoy, sin que pudiera asimilarlo, el mundo literario en lengua espa\u00f1ola se ensombreci\u00f3: A la entrada del Instituto de Ciencias M\u00e9dicas y Nutrici\u00f3n \u201cSalvador Zubir\u00e1n\u201d, la tambi\u00e9n escritora Laura Emilia Pacheco dio a conocer la partida de su padre, Jos\u00e9 Emilio Pacheco.<\/p>\n<p class=\"ecxMsoNormal\">\u201cEran casi las 19 horas \u2013se consign\u00f3 en la revista Proceso el 3 de febrero de 2014\u2013. Hab\u00edan sido dos d\u00edas interminables para todo el mundo y silenciosos para \u00e9l, el m\u00e1s importante hombre de letras de la lengua espa\u00f1ola y el m\u00e1s reconocido de M\u00e9xico por su honestidad intelectual, su desapego a la publicidad, su atenta mirada cr\u00edtica al desastre de la pol\u00edtica nacional y su tarea inconmensurable en pos de una obra permanentemente revisada.\u201d<\/p>\n<p class=\"ecxMsoNormal\">Y es que la noche del viernes 24 el autor de Las batallas en el desierto hab\u00eda sufrido una ca\u00edda al tropezar con unos libros en su estudio, justo luego de entregar a la revista su columna \u201cInventario\u201d \u2013que public\u00f3 en el semanario desde su fundaci\u00f3n el 6 de noviembre de 1976 y que se constituy\u00f3 en la m\u00e1s importante en la historia del periodismo cultural del pa\u00eds\u2013, parad\u00f3jicamente dedicada esa semana a la muerte del poeta argentino-mexicano y amigo y vecino de Pacheco, Juan Gelman.<\/p>\n<p class=\"ecxMsoNormal\">Proceso refiri\u00f3 tambi\u00e9n:<\/p>\n<p class=\"ecxMsoNormal\">\u201cEl viernes 24 de enero no fue como todos los viernes: Cristina Pacheco habl\u00f3 a la secci\u00f3n cultural de Proceso para avisar que el \u2018Inventario\u2019 se retrasar\u00eda y que, por favor, no se le llamara a su esposo para no distraerlo. Acababa de pasarlo en limpio en la computadora para que Jos\u00e9 Emilio Pacheco lo corrigiera. La periodista se iba a su programa en Canal Once.<\/p>\n<p class=\"ecxMsoNormal\">\u2013\u00c9l hablar\u00e1 cuando est\u00e9 listo, sentenci\u00f3 Cristina.<\/p>\n<p class=\"ecxMsoNormal\">\u201cPasadas las 18 horas, en pleno cierre de edici\u00f3n, la columna no hab\u00eda llegado.<\/p>\n<p class=\"ecxMsoNormal\">\u201cA las 18:38 finalmente entr\u00f3 con el siguiente mensaje en la computadora de la reportera Niza Rivera:<\/p>\n<p class=\"ecxMsoNormal\">\u201cQuerida Niza:<\/p>\n<p class=\"ecxMsoNormal\">Espero que te haya ido muy bien en tus vacaciones. Te agradecer\u00eda que me llamaras para decirme si todo lleg\u00f3 bien. Con un esfuerzo mortal te mando el \u00faltimo art\u00edculo sobre Gelman.\u201d<\/p>\n<p class=\"ecxMsoNormal\">As\u00ed, el lunes 27,la sala mayor de El Colegio Nacional \u2013donde el poeta, narrador, traductor, guionista y periodista ley\u00f3 el 10 de julio de 1986 su discurso de ingreso \u201cA 150 a\u00f1os de la Academia de Letr\u00e1n\u201d\u2013 abri\u00f3 sus puertas de par en par para que la comunidad cultural lo despidiera.<\/p>\n<p class=\"ecxMsoNormal\">Y lo hizo como a ning\u00fan otro escritor mexicano, pues a ella se integraron estudiantes y p\u00fablico en general, como cuando a\u00f1o con a\u00f1o impart\u00eda ah\u00ed sus cursos gratuitos, inolvidables clases de literatura.<\/p>\n<p class=\"ecxMsoNormal\">En el recinto, Proceso recogi\u00f3 31 testimonios de artistas, escritores e intelectuales sobre la lectura de \u201cInventario\u201d.<\/p>\n<p class=\"ecxMsoNormal\">Como homenaje a la memoria de JEP (que as\u00ed firmaba esos textos), se reproducen en seguida cinco de ellos:<\/p>\n<p class=\"ecxMsoNormal\">Marco Antonio Campos (narrador, poeta, traductor y editor):<\/p>\n<p class=\"ecxMsoNormal\">\u201cInventario\u201d representa el gran fresco de la literatura que se hizo en M\u00e9xico en varias d\u00e9cadas. A m\u00ed ante todo me ense\u00f1\u00f3 que se pod\u00eda hacer un art\u00edculo o ensayo o cr\u00f3nica, literario o hist\u00f3rico, impecablemente escritos y sin repetirse nunca. Cuando abr\u00eda Proceso lo primero que buscaba era la columna de Jos\u00e9 Emilio.<\/p>\n<p class=\"ecxMsoNormal\">No ha habido y tardar\u00e1 mucho para que surja alguien que escriba una columna semanal as\u00ed tan amena, tan informada, tan l\u00facida. La literatura mexicana, mejor dicho la literatura, tiene un hueco enorme al no haberse recopilado esos cientos o quiz\u00e1 miles de textos en libros. Nada me ha sido m\u00e1s \u00fatil en el periodismo literario que esta columna.<\/p>\n<p class=\"ecxMsoNormal\">Felipe G\u00e1lvez (historiador, investigador y periodista, profesor de la UAM-Xochimilco):<\/p>\n<p class=\"ecxMsoNormal\">Jos\u00e9 Emilio Pacheco fue un faro generoso en medio de una realidad cultural cada d\u00eda m\u00e1s empobrecida. Leer cada entrega de su \u201cInventario\u201d era, es, rasgar ese oscuro velo y desembarcar en m\u00faltiples puertos plet\u00f3ricos de sugerencias, hallazgos, aprendizajes y rumbos generosamente compartidos. Abrir Proceso en lo sucesivo ser\u00e1, dada la agreste circunstancia del pa\u00eds, un ejercicio menos grato sin su \u201cInventario\u201d.<\/p>\n<p class=\"ecxMsoNormal\">Cabe esperar, empero, que su simiente pronto germine en el pulso vigoroso de alguno de sus incontables alumnos y lectores. Toca a Proceso agrupar y editar en forma de libro los frutos de esa constante siembra de saberes. Apueste Proceso, aun en contra de los propios vaticinios del poeta periodista, a que el palpitar de su obra y de su nombre seguir\u00e1n vivos en los pupitres y las aulas sin muros de las generaciones por venir.<\/p>\n<p class=\"ecxMsoNormal\">Elena Poniatowska (escritora y periodista):<\/p>\n<p class=\"ecxMsoNormal\">El \u201cInventario\u201d es notable, es una enciclopedia viviente, una clase de historia, de literatura, de \u00e9tica, porque ante todo Jos\u00e9 Emilio era un hombre moral, un h\u00e9roe moral de nuestra \u00e9poca.<\/p>\n<p class=\"ecxMsoNormal\">Enrique Serna (novelista):<\/p>\n<p class=\"ecxMsoNormal\">El \u201cInventario\u201d fue muy importante en mi formaci\u00f3n de escritor, lo empec\u00e9 a leer a los 18 a\u00f1os y en ese momento trabajaba en una agencia de publicidad de pel\u00edculas mexicanas, Procinemex, donde estaban varios escritores y cr\u00edticos de cine, como el poeta Francisco Hern\u00e1ndez y el dramaturgo Carlos Olmos, y nosotros coment\u00e1bamos todos los lunes el \u201cInventario\u201d de Jos\u00e9 Emilio Pacheco y muchas veces \u00edbamos a comprar los libros que \u00e9l comentaba, de modo que yo aprend\u00ed mucho ley\u00e9ndolo y creo que como divulgador cultural dej\u00f3 una huella muy profunda en M\u00e9xico.<\/p>\n<p class=\"ecxMsoNormal\">Jos\u00e9 Emilio fue muy modesto y nunca quiso reunir sus \u201cInventarios\u201d en libros. Ahora probablemente \u2013espero que\u2013 aparezcan, porque si los dividen por temas podr\u00edan ser libros muy disfrutables. Ojal\u00e1 se rescaten esos materiales porque la gente admira las obras de Pacheco en las librer\u00edas, pero hay otra escondida en las hemerotecas que tiene igual importancia que su poes\u00eda y su narrativa.<\/p>\n<p class=\"ecxMsoNormal\">Juan Villoro (narrador y cronista):<\/p>\n<p class=\"ecxMsoNormal\">Mi generaci\u00f3n se form\u00f3 leyendo \u201cInventario\u201d. En esa columna, Pacheco reinvent\u00f3 el periodismo cultural, demostrando que las noticias del arte y la reflexi\u00f3n vienen de muy lejos y no dependen de la moda. A contrapelo de tantos opinionistas que s\u00f3lo se interesan en la \u201crabiosa actualidad\u201d, ampli\u00f3 el repertorio de la cultura y demostr\u00f3 que el periodismo es una forma del arte. Sus temas esenciales fueron los libros, las biograf\u00edas de los autores y las curiosas correspondencias entre ellos. Pero esto no lo apart\u00f3 del contexto hist\u00f3rico.<\/p>\n<p class=\"ecxMsoNormal\">Pacheco fue un implacable cr\u00edtico del ecocidio, la p\u00e9rdida de los valores educativos, el veneno lento de la corrupci\u00f3n. Aunque se postulaba como un simple notario de lo real y firmaba con modestia con sus iniciales (JEP), fue un imprescindible cr\u00edtico moral de la \u00e9poca y un defensor de lo que se debe preservar en ella.<\/p>\n<p class=\"ecxMsoNormal\">\u201cInventario\u201d es la obra de un enciclopedista. Cuando esa copiosa producci\u00f3n se re\u00fana en libros podremos darnos una idea del torrente cultural escrito bajo las inolvidables iniciales de Jos\u00e9 Emilio Pacheco.<\/p>\n<\/div>\n<\/div>\n<\/div>\n<\/div>\n<\/div>\n","protected":false},"excerpt":{"rendered":"<p>Jos\u00e9 Emilio Pacheco, a un a\u00f1o de su partida ARMANDO PONCE Septiembre de 2006. Pacheco inaugura la Casa de la palabra. Marco A. Cruz proceso.com.mx Hace un a\u00f1o, un domingo como hoy, sin que pudiera asimilarlo, el mundo literario en lengua espa\u00f1ola se ensombreci\u00f3: A la entrada del Instituto de Ciencias M\u00e9dicas y Nutrici\u00f3n \u201cSalvador [&hellip;]<\/p>\n","protected":false},"author":249,"featured_media":0,"comment_status":"open","ping_status":"closed","sticky":false,"template":"","format":"standard","meta":{"footnotes":""},"categories":[1],"tags":[],"class_list":["post-11173","post","type-post","status-publish","format-standard","hentry","category-sin-categoria"],"_links":{"self":[{"href":"https:\/\/eloficiodehistoriar.com.mx\/index.php?rest_route=\/wp\/v2\/posts\/11173","targetHints":{"allow":["GET"]}}],"collection":[{"href":"https:\/\/eloficiodehistoriar.com.mx\/index.php?rest_route=\/wp\/v2\/posts"}],"about":[{"href":"https:\/\/eloficiodehistoriar.com.mx\/index.php?rest_route=\/wp\/v2\/types\/post"}],"author":[{"embeddable":true,"href":"https:\/\/eloficiodehistoriar.com.mx\/index.php?rest_route=\/wp\/v2\/users\/249"}],"replies":[{"embeddable":true,"href":"https:\/\/eloficiodehistoriar.com.mx\/index.php?rest_route=%2Fwp%2Fv2%2Fcomments&post=11173"}],"version-history":[{"count":1,"href":"https:\/\/eloficiodehistoriar.com.mx\/index.php?rest_route=\/wp\/v2\/posts\/11173\/revisions"}],"predecessor-version":[{"id":11175,"href":"https:\/\/eloficiodehistoriar.com.mx\/index.php?rest_route=\/wp\/v2\/posts\/11173\/revisions\/11175"}],"wp:attachment":[{"href":"https:\/\/eloficiodehistoriar.com.mx\/index.php?rest_route=%2Fwp%2Fv2%2Fmedia&parent=11173"}],"wp:term":[{"taxonomy":"category","embeddable":true,"href":"https:\/\/eloficiodehistoriar.com.mx\/index.php?rest_route=%2Fwp%2Fv2%2Fcategories&post=11173"},{"taxonomy":"post_tag","embeddable":true,"href":"https:\/\/eloficiodehistoriar.com.mx\/index.php?rest_route=%2Fwp%2Fv2%2Ftags&post=11173"}],"curies":[{"name":"wp","href":"https:\/\/api.w.org\/{rel}","templated":true}]}}