{"id":11181,"date":"2015-01-26T14:06:11","date_gmt":"2015-01-26T20:06:11","guid":{"rendered":"https:\/\/eloficiodehistoriar.com.mx\/?p=11181"},"modified":"2015-01-26T14:06:36","modified_gmt":"2015-01-26T20:06:36","slug":"11181","status":"publish","type":"post","link":"https:\/\/eloficiodehistoriar.com.mx\/?p=11181","title":{"rendered":"Hallado el ata\u00fad de Cervantes"},"content":{"rendered":"<p class=\"ecxMsoNormal\">Hallado el ata\u00fad de Cervantes<\/p>\n<p class=\"ecxMsoNormal\">El f\u00e9retro del autor del &#8216;Quijote&#8217; fue encontrado el s\u00e1bado en la cripta del convento de las Trinitarias<\/p>\n<p class=\"ecxMsoNormal\">Los expertos a\u00fan no han identificado los restos \u00f3seos encontrados<\/p>\n<p class=\"ecxMsoNormal\">RAFAEL FRAGUAS<\/p>\n<p class=\"ecxMsoNormal\">Madrid<\/p>\n<p class=\"ecxMsoNormal\">El Pa\u00eds<\/p>\n<p class=\"ecxMsoNormal\">Un ata\u00fad con las iniciales M.C. correspondientes a las de Miguel de Cervantes, que conten\u00eda restos de huesos en su interior, fue hallado este s\u00e1bado en la cripta de las Trinitarias, convento donde desde el pasado mes de abril se buscan los restos del escritor universal, extraviados intramuros del cenobio femenino, hace cuatro siglos. Las iniciales est\u00e1n formadas con numerosas tachuelas de media pulgada de extensi\u00f3n cada una.<\/p>\n<p class=\"ecxMsoNormal\">El hallazgo del ata\u00fad se produjo al mediod\u00eda del s\u00e1bado, seg\u00fan fuentes de la investigaci\u00f3n, que mantuvieron un intenso hermetismo ante las dudas que a\u00fan albergaban entonces. Sin embargo, todo indicaba este domingo que el f\u00e9retro, muy carcomido por la humedad y los xil\u00f3fagos salvo en su cabecera, donde se encuentran insertas las iniciales \u2014que presentan signos de oxidaci\u00f3n de color verdoso\u2014 alberg\u00f3 el cad\u00e1ver del Pr\u00edncipe de las Letras, all\u00ed enterrado el 23 de abril de 1616.<\/p>\n<p class=\"ecxMsoNormal\">El equipo investigador que realiza la indagaci\u00f3n, y que capitanea en esta fase el m\u00e9dico forense Francisco Etxeberria, no se atreve todav\u00eda a asegurar de manera incontestable que los restos \u00f3seos hallados dentro del f\u00e9retro pertenezcan a Cervantes.<\/p>\n<p class=\"ecxMsoNormal\">En un primer momento, al introducir un estilete rematado por una microc\u00e1mara en el interior de una de las sepulturas cuya erosi\u00f3n permiti\u00f3 eludir su perforaci\u00f3n previa, se detect\u00f3 dentro de ella la presencia de material osteol\u00f3gico. Estos restos no presentaban lo que los forenses denominan posici\u00f3n primaria, es decir, exentos e individualizados, sino que los huesos se encontraron mezclados con otros, casi con plena certeza infantiles, que se hallaban a los pies del ata\u00fad y que fueron extra\u00eddos al principio de la operaci\u00f3n, antes de descubrir la cabecera del ata\u00fad con las letras iniciales.<\/p>\n<p class=\"ecxMsoNormal\">En un primer momento, la euforia se adue\u00f1\u00f3 de los investigadores \u2014m\u00e1s de una decena de ellos se hallaba en el interior del la cripta Trinitaria, situada a 4,80 metros bajo la cota del suelo de la iglesia del convento, donde en la ma\u00f1ana del s\u00e1bado se hab\u00eda autorizado por primera vez en nueve meses la entrada de periodistas gr\u00e1ficos y literarios a la cripta.<\/p>\n<p class=\"ecxMsoNormal\">En un momento determinado, muchos de los investigadores se congregaron en torno a una de las sepulturas halladas en el suelo de barro, cercadas por un per\u00edmetro de ladrillos cocidos colocados de canto. Aquel desplazamiento permiti\u00f3 sospechar que se trataba de un hallazgo relevante, si bien se dijo entonces que tan solo se trataba de unos huesos de un p\u00e1rvulo, como se denominaba en el siglo XVII a los ni\u00f1os bautizados menores de siete a\u00f1os.<\/p>\n<p class=\"ecxMsoNormal\">Momento en que los investigadores se arremolinan ante restos \u00f3seos reci\u00e9n descubiertos. \/ R. F.<\/p>\n<p class=\"ecxMsoNormal\">Los trabajos de arqueolog\u00eda y de medicina forense se enfrentan ahora al examen detallado de los restos hallados dentro del f\u00e9retro signado por las iniciales M y C. Su primera tarea consistir\u00e1 en segregar los huesos infantiles de los procedentes de osamentas adultas. Luego, una vez aislados los de los adultos, discriminar\u00e1n los femeninos y los masculinos, ya que acostumbran presentar importantes diferencias anat\u00f3micas, como los arcos superciliares en los cr\u00e1neos masculinos, que no existen en los de las mujeres.<\/p>\n<p class=\"ecxMsoNormal\">M\u00e1s adelante, una vez seleccionados los restos \u00f3seos masculinos, se proceder\u00e1 a descubrir si presentan algunas de las lesiones que caracterizaron la osamenta de Cervantes. En aquella, pueden quedar marcas de la atrofia \u00f3sea en los huesos del metacarpo de la mano izquierda y los impactos de pelotas de arcabuz en el estern\u00f3n, procedentes de las heridas sufridas por Cervantes en la batalla de Lepanto. Empero, el estern\u00f3n, por ser parcialmente cartilaginoso, puede presentar m\u00e1s dificultades para la posterior identificaci\u00f3n. Hay dos datos anat\u00f3micos m\u00e1s que pueden guiar a los forenses y arque\u00f3logos, tras la detecci\u00f3n inicial del georradarista Luis Avial y su equipo dentro de la sepultura. Adem\u00e1s de la edad, de 68 a\u00f1os, a la que muri\u00f3 Cervantes, sus restos habr\u00e1n de presentar la dentadura plenamente desdentada \u2014conservaba al morir solo seis piezas\u2014 y una artrosis deformaba, comb\u00e1ndola, su columna vertebral.<\/p>\n<p class=\"ecxMsoNormal\">Hay adem\u00e1s otros indicadores que ya est\u00e1n siendo estudiados por los investigadores: los restos textiles del sudario franciscano con el que fue presumiblemente enterrado \u2014se uni\u00f3 a la venerable Orden Tercera tiempo antes de su muerte\u2014 y la propia madera del ata\u00fad, pues puede datarse su cronolog\u00eda mediante distintos procedimientos anal\u00edticos.<\/p>\n","protected":false},"excerpt":{"rendered":"<p>Hallado el ata\u00fad de Cervantes El f\u00e9retro del autor del &#8216;Quijote&#8217; fue encontrado el s\u00e1bado en la cripta del convento de las Trinitarias Los expertos a\u00fan no han identificado los restos \u00f3seos encontrados RAFAEL FRAGUAS Madrid El Pa\u00eds Un ata\u00fad con las iniciales M.C. correspondientes a las de Miguel de Cervantes, que conten\u00eda restos de [&hellip;]<\/p>\n","protected":false},"author":249,"featured_media":11182,"comment_status":"open","ping_status":"closed","sticky":false,"template":"","format":"standard","meta":{"footnotes":""},"categories":[1],"tags":[],"class_list":["post-11181","post","type-post","status-publish","format-standard","has-post-thumbnail","hentry","category-sin-categoria"],"_links":{"self":[{"href":"https:\/\/eloficiodehistoriar.com.mx\/index.php?rest_route=\/wp\/v2\/posts\/11181","targetHints":{"allow":["GET"]}}],"collection":[{"href":"https:\/\/eloficiodehistoriar.com.mx\/index.php?rest_route=\/wp\/v2\/posts"}],"about":[{"href":"https:\/\/eloficiodehistoriar.com.mx\/index.php?rest_route=\/wp\/v2\/types\/post"}],"author":[{"embeddable":true,"href":"https:\/\/eloficiodehistoriar.com.mx\/index.php?rest_route=\/wp\/v2\/users\/249"}],"replies":[{"embeddable":true,"href":"https:\/\/eloficiodehistoriar.com.mx\/index.php?rest_route=%2Fwp%2Fv2%2Fcomments&post=11181"}],"version-history":[{"count":2,"href":"https:\/\/eloficiodehistoriar.com.mx\/index.php?rest_route=\/wp\/v2\/posts\/11181\/revisions"}],"predecessor-version":[{"id":11184,"href":"https:\/\/eloficiodehistoriar.com.mx\/index.php?rest_route=\/wp\/v2\/posts\/11181\/revisions\/11184"}],"wp:featuredmedia":[{"embeddable":true,"href":"https:\/\/eloficiodehistoriar.com.mx\/index.php?rest_route=\/wp\/v2\/media\/11182"}],"wp:attachment":[{"href":"https:\/\/eloficiodehistoriar.com.mx\/index.php?rest_route=%2Fwp%2Fv2%2Fmedia&parent=11181"}],"wp:term":[{"taxonomy":"category","embeddable":true,"href":"https:\/\/eloficiodehistoriar.com.mx\/index.php?rest_route=%2Fwp%2Fv2%2Fcategories&post=11181"},{"taxonomy":"post_tag","embeddable":true,"href":"https:\/\/eloficiodehistoriar.com.mx\/index.php?rest_route=%2Fwp%2Fv2%2Ftags&post=11181"}],"curies":[{"name":"wp","href":"https:\/\/api.w.org\/{rel}","templated":true}]}}