{"id":11232,"date":"2015-02-08T14:02:14","date_gmt":"2015-02-08T20:02:14","guid":{"rendered":"https:\/\/eloficiodehistoriar.com.mx\/?p=11232"},"modified":"2015-02-08T14:02:14","modified_gmt":"2015-02-08T20:02:14","slug":"el-manifiesto-de-antonio-banderas","status":"publish","type":"post","link":"https:\/\/eloficiodehistoriar.com.mx\/?p=11232","title":{"rendered":"El manifiesto de Antonio Banderas"},"content":{"rendered":"<div class=\"ecxencabezado ecxopinion\">\n<div class=\"hgroup\">\n<h1 id=\"ecxtitulo_noticia\">El manifiesto de Antonio Banderas<\/h1>\n<div id=\"ecxsubtitulo_noticia\">\n<h2>La interpretaci\u00f3n del actor malague\u00f1o fue mucho m\u00e1s que una gratitud: fue un manifiesto<\/h2>\n<div><\/div>\n<div>El Pa\u00eds<\/div>\n<\/div>\n<\/div>\n<div class=\"ecxenlaces\">\n<ul>\n<li><\/li>\n<\/ul>\n<\/div>\n<\/div>\n<div class=\"ecxfirma_comentarios ecxestirar\"><span class=\"ecxfirma\"><span class=\"ecxautor\"><a title=\"Ver todas las noticias de Juan Cruz\" href=\"http:\/\/cultura.elpais.com\/autor\/juan_cruz\/a\/\" target=\"_blank\" rel=\"author\">JUAN CRUZ<\/a>\u00a0<\/span>\u00a0<\/span><\/div>\n<div class=\"ecxtags\"><\/div>\n<div class=\"ecxcolumna_texto\">\n<div class=\"ecxcontenedor_fotonoticia_compartir\">\n<div class=\"ecxdisposicion_vertical\">\n<div class=\"ecxmodulo_compartir ecxestirar\">\n<div class=\"ecxbarra_varios ecxestirar\">\n<ul class=\"ecxlista_varios ecxestirar\">\n<li class=\"ecxguardar\"><span class=\"ecxboton ecxinactivo\" title=\"Guardar la noticia para leer m\u00e1s tarde. Tienes que estar registrado en EL PA\u00cdS y haber iniciado sesi\u00f3n\">r<\/span><\/li>\n<\/ul>\n<\/div>\n<\/div>\n<\/div>\n<\/div>\n<div id=\"ecxcuerpo_noticia\" class=\"ecxcuerpo_noticia\">\n<p>La pantalla de la tele te trae sorpresas y te las da cuando te esperas un conjunto de llantos, chistes y ocurrencias. Incluso en este mundo tan tecnificado de los guiones se producen situaciones as\u00ed. Pongo por casos la aparici\u00f3n estelar, dubitativa y sonriente, de la veterana Asunci\u00f3n Balaguer y el canto a la creatividad espa\u00f1ola del m\u00e1s internacional de nuestros actores, Antonio Banderas,\u00a0<a href=\"http:\/\/cultura.elpais.com\/cultura\/2015\/02\/07\/actualidad\/1423349514_367906.html\" target=\"_blank\">cuyo discurso se tiene que guardar como un prontuario<\/a>\u00a0para que la gente se tome en serio lo que supone entre nosotros la historia del cine espa\u00f1ol.<\/p>\n<p>La interpretaci\u00f3n de Banderas fue mucho m\u00e1s que una gratitud: fue un manifiesto. Precedido por la gradaci\u00f3n po\u00e9tica en la que Almod\u00f3var convirti\u00f3 su presentaci\u00f3n del premio de honor, esa magn\u00edfica canci\u00f3n de gesta de Banderas fue un alimento de primer orden en la historia de los mejores discursos sobre la esencia del oficio.<\/p>\n<p>En casa la tele trae otros goyas, seguramente; por ejemplo, es probable que all\u00ed, en el escenario del glamour de la gala propiamente dicha, Dani Rovira tuviera m\u00e1s apellidos que los que exhib\u00eda anoche desde la pantalla de televisi\u00f3n en el arriesgado puesto de c\u00f3mico del cine cosiendo la m\u00e1s importante cita anual del cine espa\u00f1ol.<\/p>\n<p>Ese gag que le llev\u00f3 a aparecer en calzoncillos para significar que iba a anunciar el resultado de la competici\u00f3n de cortometrajes es tan obvio como las respuestas de los futbolistas. No s\u00f3lo fue obvio, sino que fue contradictorio con lo que hab\u00eda anunciado el presidente Gonz\u00e1lez Macho: d\u00e9mosle importancia a los cortos. Pues a Rovira le pusieron en el gui\u00f3n que diera un recital de chistes cortos que, en verdad, resultaron m\u00e1s casposos que los viejos celtas cortos. Estos premios no nacieron para la espontaneidad, como ocurre con este tipo de cert\u00e1menes fin de carrera; eso hay que disculparlo, pues el festival es para emocionar a los ganadores (tanto llanto hubo que la alegr\u00eda parec\u00eda a veces un martirio) y no para encantar a los espectadores. En el sitio de ac\u00e1, ante la tele, se agradece la improvisaci\u00f3n (como la de Gonz\u00e1lez Macho), o la de Pedro Almod\u00f3var (entre los amigos del cine y la cultura \u201custed no est\u00e1 incluido, se\u00f1or Wert\u201d), pero tambi\u00e9n se aprecia la honra a lo escrito, sobre todo en el citado caso de Banderas. Almod\u00f3var destac\u00f3 la audacia con la que el actor incendi\u00f3 las pantallas en los ochenta. Como si le quisiera dar la raz\u00f3n, Antonio habl\u00f3 incendiado, y donde antes hab\u00eda la frialdad de la ocurrencia \u00e9l dej\u00f3 el fuego de la idea.<\/p>\n<\/div>\n<\/div>\n","protected":false},"excerpt":{"rendered":"<p>El manifiesto de Antonio Banderas La interpretaci\u00f3n del actor malague\u00f1o fue mucho m\u00e1s que una gratitud: fue un manifiesto El Pa\u00eds JUAN CRUZ\u00a0\u00a0 r La pantalla de la tele te trae sorpresas y te las da cuando te esperas un conjunto de llantos, chistes y ocurrencias. Incluso en este mundo tan tecnificado de los guiones [&hellip;]<\/p>\n","protected":false},"author":249,"featured_media":11233,"comment_status":"open","ping_status":"closed","sticky":false,"template":"","format":"standard","meta":{"footnotes":""},"categories":[1],"tags":[],"class_list":["post-11232","post","type-post","status-publish","format-standard","has-post-thumbnail","hentry","category-sin-categoria"],"_links":{"self":[{"href":"https:\/\/eloficiodehistoriar.com.mx\/index.php?rest_route=\/wp\/v2\/posts\/11232","targetHints":{"allow":["GET"]}}],"collection":[{"href":"https:\/\/eloficiodehistoriar.com.mx\/index.php?rest_route=\/wp\/v2\/posts"}],"about":[{"href":"https:\/\/eloficiodehistoriar.com.mx\/index.php?rest_route=\/wp\/v2\/types\/post"}],"author":[{"embeddable":true,"href":"https:\/\/eloficiodehistoriar.com.mx\/index.php?rest_route=\/wp\/v2\/users\/249"}],"replies":[{"embeddable":true,"href":"https:\/\/eloficiodehistoriar.com.mx\/index.php?rest_route=%2Fwp%2Fv2%2Fcomments&post=11232"}],"version-history":[{"count":1,"href":"https:\/\/eloficiodehistoriar.com.mx\/index.php?rest_route=\/wp\/v2\/posts\/11232\/revisions"}],"predecessor-version":[{"id":11234,"href":"https:\/\/eloficiodehistoriar.com.mx\/index.php?rest_route=\/wp\/v2\/posts\/11232\/revisions\/11234"}],"wp:featuredmedia":[{"embeddable":true,"href":"https:\/\/eloficiodehistoriar.com.mx\/index.php?rest_route=\/wp\/v2\/media\/11233"}],"wp:attachment":[{"href":"https:\/\/eloficiodehistoriar.com.mx\/index.php?rest_route=%2Fwp%2Fv2%2Fmedia&parent=11232"}],"wp:term":[{"taxonomy":"category","embeddable":true,"href":"https:\/\/eloficiodehistoriar.com.mx\/index.php?rest_route=%2Fwp%2Fv2%2Fcategories&post=11232"},{"taxonomy":"post_tag","embeddable":true,"href":"https:\/\/eloficiodehistoriar.com.mx\/index.php?rest_route=%2Fwp%2Fv2%2Ftags&post=11232"}],"curies":[{"name":"wp","href":"https:\/\/api.w.org\/{rel}","templated":true}]}}