{"id":11261,"date":"2015-02-12T20:03:12","date_gmt":"2015-02-13T02:03:12","guid":{"rendered":"https:\/\/eloficiodehistoriar.com.mx\/?p=11261"},"modified":"2015-02-12T20:03:12","modified_gmt":"2015-02-13T02:03:12","slug":"xxxi-asamblea-de-la-asociacion-mexicana-de-instituciones-de-educacion-superior-de-inspiracion-cristiana-amiesic","status":"publish","type":"post","link":"https:\/\/eloficiodehistoriar.com.mx\/?p=11261","title":{"rendered":"XXXI ASAMBLEA DE LA ASOCIACI\u00d3N MEXICANA DE INSTITUCIONES DE EDUCACI\u00d3N SUPERIOR DE INSPIRACI\u00d3N CRISTIANA   (AMIESIC),"},"content":{"rendered":"<div class=\"rmTopSpacer rmTop\">\n<div class=\"rmButtons\"><span class=\"rmPrev\"><img decoding=\"async\" class=\"i_rm_p\" src=\"https:\/\/snt150.mail.live.com\/ol\/clear.gif\" alt=\"\" data-link=\"class{prevImgClass:~tag.HasPrevious}\" \/><\/span><span class=\"rmNext\"><img decoding=\"async\" class=\"i_rm_n\" src=\"https:\/\/snt150.mail.live.com\/ol\/clear.gif\" alt=\"\" data-link=\"class{nextImgClass:~tag.HasNext}\" \/><\/span><span class=\"rmFull \"><img decoding=\"async\" class=\"i_r_fv\" src=\"https:\/\/snt150.mail.live.com\/ol\/clear.gif\" alt=\"\" \/><\/span><span class=\"rmClose \" data-link=\"class{closeBtnClass:~tag.layout.IsFullView}\"><img decoding=\"async\" class=\"g_close\" src=\"https:\/\/snt150.mail.live.com\/ol\/clear.gif\" alt=\"\" \/><\/span><\/div>\n<h2 class=\"rmSubject\"><\/h2>\n<\/div>\n<div id=\"readMessagePartControl429f\" class=\"c-ReadMessagePart ReadMsgContainer HasLayout ClearBoth HideShadows FullPart NoHistory Read RmIc\" data-link=\"class{:~tag.getHeaderCssClass(IsConversationPart, IsRead, IsDraft, IsTrustedSender, Items.length)}\">\n<div class=\"paddingtop paddingbottom\">\n<div class=\"c-ReadMessagePartHeader\">\n<div class=\"t_hov MsgHover MsgPartGradient ia_hc Expanded\" data-link=\"class{fromContainerClass:IsBodyExpanded Collapsible}\">\n<div class=\"ReadMsgFrom FloatLeft\">\n<div id=\"icTmReadMessageContact2\" class=\"c_ic c_ic_h_mxl icpwc\">\n<div class=\"c_ic_img_h c_ic_img_mxl\">\n<div id=\"icTmReadMessageContact2_usertilecontainer\" class=\"c_ic_img_sub c_ic_img_mxl\">\n<div id=\"icTmReadMessageContact2_bar\" class=\"c_ic_blueframe c_ic_bar\" dir=\"ltr\"><\/div>\n<\/div>\n<\/div>\n<div class=\"c_clr\"><\/div>\n<\/div>\n<\/div>\n<\/div>\n<\/div>\n<\/div>\n<div class=\"c-ReadMessagePartBody\" data-link=\"class{getClass:IsBodyExpanded}\">\n<div class=\"ClearBoth\"><\/div>\n<div class=\"ClearBoth\"><\/div>\n<div class=\"readMsgBody\">\n<div id=\"bodyreadMessagePartBodyControl434f\" class=\"ExternalClass MsgBodyContainer\" data-link=\"class{:~tag.cssClasses(PlainText, IsContentFiltered)}\">\n<div dir=\"ltr\">\n<p align=\"center\"><strong>XXXI ASAMBLEA<\/strong><strong>\u00a0DE LA ASOCIACI\u00d3N MEXICANA DE INSTITUCIONES\u00a0<\/strong><strong>DE EDUCACI\u00d3N SUPERIOR DE INSPIRACI\u00d3N CRISTIANA<\/strong><\/p>\n<p align=\"center\"><strong>\u00a0(AMIESIC),<\/strong><\/p>\n<p align=\"center\"><strong><br \/>\n<\/strong><\/p>\n<p>Reciban mi atento saludo, as\u00ed como mi agradecimiento por su invitaci\u00f3n a participar en esta su Asamblea: \u201cHacia el Fin de la Pobreza en M\u00e9xico: el Papel de las Universidades Cristianas\u201d. Vengo en representaci\u00f3n de la Conferencia del Episcopado Mexicano, como responsable de la Dimensi\u00f3n de Pastoral de la Cultura. Se me ha confiado el procurar estar en relaci\u00f3n con las universidades y centros superiores de estudios de inspiraci\u00f3n cristiana, para que juntos trabajemos en\u00a0<em>impulsar la nueva evangelizaci\u00f3n de las culturas contempor\u00e1neas, con el fin de que el Evangelio ilumine los diversos ambientes y se transforme el hombre y la sociedad de hoy.<\/em><\/p>\n<p>Celebro que el tema central de esta asamblea sea la pobreza. Desde su identidad de ser centros de pensamiento y de profunda reflexi\u00f3n, es urgente pensar caminos para avanzar en su comprensi\u00f3n, combate y soluci\u00f3n. Las estad\u00edsticas nos indican que la pobreza no disminuye considerablemente, sino que en algunas regiones y en algunos grupos se degrada en miseria, al grado de que muchas personas carecen de atenci\u00f3n adecuada para su salud, no tienen trabajo y se sienten obligados a emigrar, no tienen condiciones para mantener una educaci\u00f3n escolar, su vivienda no es digna de un ser humano, e incluso pasan hambre. Profesores, alumnos, padres de familia y personal de servicio de una instituci\u00f3n superior de inspiraci\u00f3n cristiana, no pueden permanecer indiferentes ante el drama de la pobreza. Nos preocupa la pobreza econ\u00f3mica, pero sabemos que \u00e9sta es consecuencia de otras m\u00e1s profundas, las pobrezas culturales: el relativismo, el ego\u00edsmo, la falta de sentido, la indiferencia, la inmanencia, el tedio, la avaricia, el consumismo, la incapacidad de cercan\u00eda con los otros.<\/p>\n<p>La Palabra de Dios, sobre todo la vida de Jes\u00fas, el Magisterio social de la Iglesia y, actualmente, la insistencia machacona del Papa Francisco sobre el amor preferencial a los pobres, cuestionan nuestra conciencia y no nos pueden dejar pasivos, reduci\u00e9ndonos a lamentos y cr\u00edticas. Dar a los pobres el lugar que Dios les da y luchar por su liberaci\u00f3n integral, no es comunismo o marxismo, ni es teolog\u00eda de la liberaci\u00f3n condenada por la Iglesia, sino que es puro Evangelio, es lo m\u00e1s esencial del cristianismo, como consta particularmente en Mateo 25, 31-45. Seremos juzgados por el amor que hayamos manifestado a los que sufren, a los pobres, a los marginados, excluidos y descartados. Si una instituci\u00f3n de educaci\u00f3n superior no tiene esto en su ideario, en su misi\u00f3n y visi\u00f3n, en su pedagog\u00eda, no es plenamente de inspiraci\u00f3n cristiana. Por supuesto, no s\u00f3lo hay que hacer un trabajo por los efectos de la pobreza, sino sobre todo revisar sus causas, las estructuras econ\u00f3micas, sociales, culturales y pol\u00edticas, entre otras, de la pobreza.<\/p>\n<p>Abordan ustedes una dimensi\u00f3n fundamental de nuestra fe cristiana, en un ambiente donde a muchos alumnos lo que m\u00e1s les interesa es obtener un t\u00edtulo para ganar m\u00e1s y m\u00e1s dinero, tener m\u00e1s y m\u00e1s bienes materiales, integrarse a empresas y sistemas de amplio mercado, que generen m\u00e1s y m\u00e1s ganancias; en una palabra, en un contexto donde impera la mentalidad y la ilusi\u00f3n de ser parte del actual sistema econ\u00f3mico, pol\u00edtico y social, que de por s\u00ed es generador de inequidad, de exclusi\u00f3n, y por tanto de injusticia. \u00bfC\u00f3mo generar una mentalidad diferente? \u00bfSe preparan profesionistas para ser parte de ese sistema, para reforzarlo y hacerlo m\u00e1s invencible, o para buscar alternativas sociales, pol\u00edticas y econ\u00f3micas m\u00e1s humanas? \u00bfEs posible educar una forma de pensar y de actuar conforme al Evangelio, en un mundo universitario que tiene otros valores? \u00bfEs posible ir a contracorriente?<\/p>\n<p>El asunto de la pobreza es particularmente sensible para algunos Estados de la Rep\u00fablica, como Oaxaca, Guerrero, Veracruz y Chiapas. Hay otros Estados con menos recursos naturales, pero que han encontrado alternativas para disminuir su pobreza. Quienes servimos en Chiapas, constatamos con dolor y preocupaci\u00f3n, muchas veces con impotencia, que todav\u00eda en algunas comunidades no hay luz el\u00e9ctrica, las mujeres deben ir a acarrear el agua a lugares distantes, hay cl\u00ednicas o centros de salud, pero sin m\u00e9dicos ni medicinas, el campo es abandonado por su poca rentabilidad, donde la emigraci\u00f3n es una opci\u00f3n de vida o muerte. \u00bfQu\u00e9 hacer?<\/p>\n<p>Tengamos en cuenta que la medici\u00f3n de la pobreza es relativa. La pobreza en Chiapas es inocultable. Yo llevo 24 a\u00f1os all\u00e1, y he visto cambios positivos: hay m\u00e1s carreteras y escuelas, m\u00e1s electrificaci\u00f3n y agua entubada, mejor\u00eda en la vivienda, muchos veh\u00edculos por todas partes y celulares que abundan por todos lados; sobre todo, hay m\u00e1s conciencia de la propia dignidad de los ind\u00edgenas y mejor defensa de sus derechos. Los gobiernos, algunos empresarios, la Iglesia y algunas organizaciones sociales han puesto sus ojos en Chiapas y no podr\u00edamos negar su mejor\u00eda.<\/p>\n<p>En nombre de mis hermanos Obispos, quiero seguirlos exhortando a asumir el documento Educar para una Nueva Sociedad. Apostemos por una educaci\u00f3n verdaderamente humana y de calidad para todos. Ah\u00ed est\u00e1 la soluci\u00f3n para muchos de nuestros grandes problemas. El problema est\u00e1 en el coraz\u00f3n del hombre, en su concepci\u00f3n de qui\u00e9n es y para qu\u00e9 es. La emergencia educativa es una emergencia antropol\u00f3gica.<\/p>\n<p>Gracias por esta reuni\u00f3n. Felicito a la Universidad del Centro de M\u00e9xico, anfitriona de este evento, por sus treinta a\u00f1os de existencia. Les reitero, no est\u00e1n solos en esta tarea educativa. Los obispos de M\u00e9xico estamos tambi\u00e9n comprometidos y cuestionados en este rubro. Cuenten con nosotros y con nuestras parroquias e instituciones. Cuenten con los sacerdotes, con las y los religiosos, con tantos laicos comprometidos que quieren en verdad ser coherentes con su fe. Exij\u00e1monos unos a otros mayor fidelidad al Evangelio, mayor capacidad de servicio conjunto en bien de nuestro Pa\u00eds. Prop\u00f3ngannos iniciativas para colaborar con ustedes. Organicen eventos, conferencias, retiros, pl\u00e1ticas, foros, y cuanto sea posible, para poner nuestro granito de arena en la lucha contra la pobreza en M\u00e9xico.<\/p>\n<p>\u00a1Animo! \u00a1S\u00ed es posible construir otro M\u00e9xico, m\u00e1s incluyente y solidario! Ustedes tienen en su campo de acci\u00f3n la posibilidad de generar otra mentalidad, otras actitudes, en este Cambio de \u00c9poca. Es lo que nos piden Jes\u00fas y su Iglesia.<\/p>\n<p>Cuenten con nosotros, nuestra oraci\u00f3n. Muchas gracias.<\/p>\n<p align=\"center\">+ Felipe Arizmendi Esquivel<br \/>\nObispo de San Crist\u00f3bal de Las Casas<br \/>\nResponsable en la CEM de la Pastoral de la Cultura<\/p>\n<\/div>\n<\/div>\n<\/div>\n<\/div>\n<\/div>\n","protected":false},"excerpt":{"rendered":"<p>XXXI ASAMBLEA\u00a0DE LA ASOCIACI\u00d3N MEXICANA DE INSTITUCIONES\u00a0DE EDUCACI\u00d3N SUPERIOR DE INSPIRACI\u00d3N CRISTIANA \u00a0(AMIESIC), Reciban mi atento saludo, as\u00ed como mi agradecimiento por su invitaci\u00f3n a participar en esta su Asamblea: \u201cHacia el Fin de la Pobreza en M\u00e9xico: el Papel de las Universidades Cristianas\u201d. Vengo en representaci\u00f3n de la Conferencia del Episcopado Mexicano, como responsable [&hellip;]<\/p>\n","protected":false},"author":249,"featured_media":11263,"comment_status":"open","ping_status":"closed","sticky":false,"template":"","format":"standard","meta":{"footnotes":""},"categories":[1],"tags":[],"class_list":["post-11261","post","type-post","status-publish","format-standard","has-post-thumbnail","hentry","category-sin-categoria"],"_links":{"self":[{"href":"https:\/\/eloficiodehistoriar.com.mx\/index.php?rest_route=\/wp\/v2\/posts\/11261","targetHints":{"allow":["GET"]}}],"collection":[{"href":"https:\/\/eloficiodehistoriar.com.mx\/index.php?rest_route=\/wp\/v2\/posts"}],"about":[{"href":"https:\/\/eloficiodehistoriar.com.mx\/index.php?rest_route=\/wp\/v2\/types\/post"}],"author":[{"embeddable":true,"href":"https:\/\/eloficiodehistoriar.com.mx\/index.php?rest_route=\/wp\/v2\/users\/249"}],"replies":[{"embeddable":true,"href":"https:\/\/eloficiodehistoriar.com.mx\/index.php?rest_route=%2Fwp%2Fv2%2Fcomments&post=11261"}],"version-history":[{"count":1,"href":"https:\/\/eloficiodehistoriar.com.mx\/index.php?rest_route=\/wp\/v2\/posts\/11261\/revisions"}],"predecessor-version":[{"id":11264,"href":"https:\/\/eloficiodehistoriar.com.mx\/index.php?rest_route=\/wp\/v2\/posts\/11261\/revisions\/11264"}],"wp:featuredmedia":[{"embeddable":true,"href":"https:\/\/eloficiodehistoriar.com.mx\/index.php?rest_route=\/wp\/v2\/media\/11263"}],"wp:attachment":[{"href":"https:\/\/eloficiodehistoriar.com.mx\/index.php?rest_route=%2Fwp%2Fv2%2Fmedia&parent=11261"}],"wp:term":[{"taxonomy":"category","embeddable":true,"href":"https:\/\/eloficiodehistoriar.com.mx\/index.php?rest_route=%2Fwp%2Fv2%2Fcategories&post=11261"},{"taxonomy":"post_tag","embeddable":true,"href":"https:\/\/eloficiodehistoriar.com.mx\/index.php?rest_route=%2Fwp%2Fv2%2Ftags&post=11261"}],"curies":[{"name":"wp","href":"https:\/\/api.w.org\/{rel}","templated":true}]}}