{"id":11266,"date":"2015-02-13T10:18:14","date_gmt":"2015-02-13T16:18:14","guid":{"rendered":"https:\/\/eloficiodehistoriar.com.mx\/?p=11266"},"modified":"2015-02-13T20:55:32","modified_gmt":"2015-02-14T02:55:32","slug":"creo-en-la-musica-mas-que-en-la-humanidad-hernan-hecht-baterista","status":"publish","type":"post","link":"https:\/\/eloficiodehistoriar.com.mx\/?p=11266","title":{"rendered":"Creo en la m\u00fasica m\u00e1s que en la humanidad: Hern\u00e1n Hecht, baterista"},"content":{"rendered":"<h1>Creo en la m\u00fasica m\u00e1s que en la humanidad: Hern\u00e1n Hecht, baterista<\/h1>\n<div class=\"social-ring\">\n<div class=\"social-ring-button\"><span class=\"post_author\">Por <a class=\"post_author_link\" href=\"http:\/\/www.sinembargo.mx\/author\/monicamaristain\">M\u00f3nica Maristain<\/a>\u00a0Sin Embargo<\/span><\/div>\n<div class=\"social-ring-button\">http:\/\/www.sinembargo.mx\/<\/div>\n<\/div>\n<p>&nbsp;<\/p>\n<p>Ciudad de M\u00e9xico, 12 de febrero (SinEmbargo).- Hern\u00e1n Hecht naci\u00f3 en Argentina hace 39 a\u00f1os, pero vive en M\u00e9xico, el lugar donde \u201cel caos me permiti\u00f3 ser libre\u201d, seg\u00fan declar\u00f3 recientemente en la Fonoteca Nacional, cuando la prestigiosa instituci\u00f3n hizo un homenaje a sus 20 a\u00f1os de prodigiosa carrera musical.<\/p>\n<p>En el argot natal, suele usarse el adjetivo alto para ejemplificar algo que est\u00e1 bien, que es bueno. As\u00ed, podr\u00edamos decir que Hern\u00e1n es un alto baterista y darle incluso a esa connotaci\u00f3n un sentido f\u00edsico, pues el m\u00fasico que entre otros proyectos integra el tr\u00edo A Love Electric, junto al cantante y compositor estadounidense Todd Clouser y el contrabajista mexicano Aar\u00f3n Cruz, mide 1,95 metros de altura.<\/p>\n<p>\u201cEl arquitecto del ritmo\u201d, tal como fue llamado por la Fonoteca, es tambi\u00e9n un vegetariano extremo, un hombre preocupado por el medioambiente y un artista que suele impulsar sus propios proyectos y a quien el d\u00eda se le hace corto.<\/p>\n<p>Hace 15 a\u00f1os que lleg\u00f3 a nuestro pa\u00eds, donde encontr\u00f3 un hogar para su creatividad y donde construy\u00f3 lazos profundos con otros artistas, productores y el p\u00fablico mismo.<\/p>\n<p>\u201cMe entrego al nivel m\u00e1s profundo a la m\u00fasica que hago, porque estoy convencido de que esa entrega tiene una resonancia energ\u00e9tica de impacto colectivo. El p\u00fablico est\u00e1 dispuesto a recibir lo que le des, si esto se manifiesta desde un nivel profundo y como resultado de un trabajo con identidad\u201d, dijo a Iv\u00e1n Arg\u00fcello en una charla p\u00fablica llevada a cabo, como dijimos, en la Fonoteca.<\/p>\n<p>&nbsp;<\/p>\n<p>El tambi\u00e9n artista visual y coordinador de HPH Producciones curs\u00f3 la licenciatura de Performance en Bater\u00eda en el Instituto Tecnol\u00f3gico de M\u00fasica Contempor\u00e1nea en Argentina y tom\u00f3 clases particulares con destacados exponentes de la m\u00fasica contempor\u00e1nea. En su juventud descubri\u00f3 el jazz, un g\u00e9nero que lo ha convertido en promotor y difusor de peso en nuestra escena musical.<\/p>\n<p>Ha creado los festivales Artlife JazzFest y JazzHabito y a lo largo de los a\u00f1os, ha tocado con diversas agrupaciones musicales, entre las que destacan The Swing Machine, Drop Dogs, Brainkiller, X-pression Quartet, Cr\u00e1neo de Jade, HH Gru-B Project, Ely Guerra, Sho Tr\u00edo y Mole Quartet.<\/p>\n<p>Ha grabado hasta la fecha m\u00e1s de 80 discos y compuesto la m\u00fasica de pel\u00edculas como<em>Todos los Besos<\/em> (2007), <em>Las Noches del Mal<\/em> (2009), <em>Reacciones Adversas<\/em> (2011) y el Documental <em>Omine Patris<\/em>, basado en la obra del artista Damien Hirst. Tambi\u00e9n ha participado como baterista de sesi\u00f3n en pel\u00edculas como <em>Amores Perros<\/em>, <em>Amar te duele<\/em>, <em>De la calle<\/em>, <em>Postales de Leningrado<\/em>, <em>Los \u00faltimos h\u00e9roes de la Pen\u00ednsula<\/em>, <em>Capadocia<\/em>, <em>Locaido<\/em>, <em>Lo que nos lleva<\/em>, <em>Deseo<\/em> y <em>El Brassier de Emma<\/em>.<\/p>\n<p>Ha tocado en\u00a0Argentina, M\u00e9xico, Estados Unidos, Inglaterra, Espa\u00f1a, Francia, Colombia, Venezuela, Ecuador, Puerto Rico y Chile.<\/p>\n<p>Est\u00e1 patrocinado por Gretsch, Zildjian, Evans, Gibraltar, M-Audio, Digidesign y Sibelius<\/p>\n<p>Tambi\u00e9n destaca su relaci\u00f3n con instituciones filantr\u00f3picas como Greenpeace M\u00e9xico y su bonhom\u00eda, una virtud que lo convierte en amigo cercano de cualquier interlocutor que se le pone enfrente.<\/p>\n<p>\u2013\u00bfLos bateristas son m\u00fasicos?<br \/>\n\u2013Seg\u00fan los m\u00fasicos, los bateristas somos sus mejores amigos, pero la verdad es que somos m\u00fasicos antiguos. Despu\u00e9s de la voz, la percusi\u00f3n es el segundo instrumento m\u00e1s viejo en la historia de la humanidad.<\/p>\n<p>\u2013\u00bfSon los que se quedan con las chicas?<br \/>\n\u2013Somos los que tenemos el auto. Los que tenemos que llegar antes que todos e irnos al final. Lo de las chicas es un poco relativo\u2026<\/p>\n<p>\u2013Claro, se las lleva todas el cantante\u2026<\/p>\n<p>\u2013Creo que se lleva a las menos inteligentes\u2026(risas)<\/p>\n<p>\u2013\u00bfC\u00f3mo es tu historia con la bater\u00eda?<br \/>\n\u2013Arranqu\u00e9 tocando saxof\u00f3n cuando era muy chavito, pero luego no pude seguir los estudios. A los 15 a\u00f1os, unos amigos me dijeron que necesitaban un baterista y dije \u201cyo puedo\u201d. Todav\u00eda no ten\u00eda instrumento, me puse a estudiar, arm\u00e9 una bater\u00eda una semana y desde entonces no he parado.<\/p>\n<p>\u2013\u00bfVienes de una familia de m\u00fasicos?<br \/>\n\u2013Cero. De hecho, vengo de una familia jud\u00eda, \u00fanico hijo var\u00f3n, el menor, o sea soy una aberraci\u00f3n por no haberme hecho cargo del negocio familiar y con ello conservar la tradici\u00f3n. Los amo. Mi mam\u00e1 dice que soy jazzista porque cuando ella estaba embarazada de m\u00ed tom\u00f3 clases de g\u00f3spel. Cuando empec\u00e9 a tocar la bater\u00eda hice con mis propias manos un cuarto aislado, para que el ruido no molestara\u2026<\/p>\n<div class=\"videoWrapper\">\u2013\u00bfQu\u00e9 es tocar bien la bater\u00eda, Hern\u00e1n?<\/div>\n<p>\u2013Creo que un buen baterista o un buen m\u00fasico en general es el que hace lo necesario para que la m\u00fasica exista. A veces, para que la m\u00fasica suceda, hace falta un mont\u00f3n y a veces hace falta lo m\u00ednimo; en algunas oportunidades hace falta emular y dar la sensaci\u00f3n de que la m\u00fasica est\u00e1 sucediendo y lo poderoso es tener la capacidad de transformarse en lo que la m\u00fasica necesita.<\/p>\n<p>\u2013\u00bfY t\u00fa qu\u00e9 tipo de baterista eres?<br \/>\n\u2013Bueno, soy probablemente de los que tocan lo m\u00ednimo y necesario, pero tambi\u00e9n soy de la escuela del shock, es decir, de generar la sorpresa en un momento inesperado.<\/p>\n<p>\u2013Uno de los bateristas m\u00e1s admirados del jazz contempor\u00e1neo es el incre\u00edble Jack DeJohnette. Es genial cuando toca por ejemplo con Keith Jarrett y Gary Peacok, pero sus discos en solitario distan mucho de alcanzar ese nivel. \u00bfUn baterista puede o no tener disco en solitario?<\/p>\n<p>\u2013Hay un problema con las composiciones de los bateristas. En eso estoy de acuerdo, no me gusta en general como componen los bateristas, aunque tampoco me gusta mucho los m\u00fasicos que componen s\u00f3lo para su instrumento. Ahora, DeJohnette en particular es un artista que pertenece a determinada \u00e9poca de la m\u00fasica, tiene un gusto muy particular. Es una generaci\u00f3n del medio\u2026<\/p>\n<p>\u2013Entre Miles Davis y el resto\u2026<\/p>\n<p>\u2013Exacto. Si no fuera por ese gusto de tipos como \u00e9l no existir\u00eda por ejemplo el jazz rock. \u00c9l abri\u00f3 un campo hacia lo que despu\u00e9s hizo Tony Williams desde otra perspectiva. Mezclar el rock, el sentido de los compases irregulares, algo de <i>motown<\/i>, con el jazz.<\/p>\n<p>\u2013\u00bfCompones?<br \/>\n\u2013M\u00e1s para pel\u00edculas y documentales que para obras de concierto. Hago muchos arreglos y desde mi funci\u00f3n de productor empujo los proyectos, cuando alguien tiene un motivo hago todo para desarrollarlo.<\/p>\n<p>&nbsp;<\/p>\n<p>\u2013\u00bfEres un m\u00fasico solitario con esp\u00edritu colectivo?<br \/>\n\u2013Soy una persona que disfruta mucho estar sola. Tambi\u00e9n disfruto mucho viajar, algo que requiere de la soledad o de viajar con personas que aguanten estar solas y sean autosuficientes. Eso en la m\u00fasica est\u00e1 perfectamente establecido. Por otro lado, a la hora de hacer m\u00fasica formas parte de un equipo y tienes que entregarte al ciento por ciento a la relaci\u00f3n con tus compa\u00f1eros. La m\u00fasica me ha llevado a conocer lugares incre\u00edbles que me permiten tener una visi\u00f3n clara de lo que es la humanidad y lo que requiere para sobrevivir; he visitado con la m\u00fasica lugares de pobreza extrema, donde te surge el sentimiento de ayuda; tambi\u00e9n vas a lugares donde puedes sensibilizar a gente que tiene mucho poder y dinero, pero est\u00e1 seca como roca. La m\u00fasica es una nave espacial que me ha llevado a ver lo m\u00e1s profundo e inmenso de la humanidad y eso es lo m\u00e1s agradecido que tengo.<\/p>\n<p>\u2013Cu\u00e1ntas cosas hace por nosotros la m\u00fasica<\/p>\n<p>\u2013Muchas m\u00e1s de las que nosotros hacemos por ella.<\/p>\n<div class=\"videoWrapper\">\u2013\u00bfQui\u00e9nes son tus bateristas favoritos?<\/div>\n<p>\u2013Uy, son muchos. Obviamente, Elvin Jones, el primero de la lista. Definitivamente, Tony Williams. John Bonham, por supuesto.<\/p>\n<p>\u2013Me gusta mucho Keith Moon, el ex baterista de The Who<\/p>\n<p>\u2013S\u00ed. Curiosamente, no me gustaba tanto como baterista, pero lo que representaba me parec\u00eda impresionante, tanto como su puesta en escena y el entorno que lo conten\u00eda.<\/p>\n<p>\u2013\u00bfQu\u00e9 opinas de Dave Gr\u00f6hl, \u201cel traidor\u201d que dej\u00f3 la bater\u00eda y se convirti\u00f3 en frontman?<br \/>\n\u2013Todo el mundo ama a Kurt Cobain, por supuesto, y era genial, pero Gr\u00f6hl me parece uno de los tipos m\u00e1s inteligentes de la escena mundial del rock. Me parece muy listo y est\u00e1 perfecto que se haya bajado de la bater\u00eda y haya puesto en Foo Fighters a su baterista, que es fenomenal. Me gusta c\u00f3mo toca la guitarra, sus letras, c\u00f3mo canta, tiene muchos valores que admiro en el terreno de lo art\u00edstico.<\/p>\n<p>\u2013\u00bfTe gusta Chad Smith?|<br \/>\n\u2013S\u00ed, lo escuchaba much\u00edsimo en mi adolescencia, tambi\u00e9n a Will Calhoun (Living Colour) y a John \u201cWet Daddy\u201d Stewart, de Fishbone\u2026toda gente que escuch\u00e9 mucho en mi adolescencia.<\/p>\n<p>&nbsp;<\/p>\n<p>\u2013\u00bfQu\u00e9 est\u00e1s haciendo en esta \u00e9poca?<br \/>\n\u2013Estamos por arrancar una gira de tres semanas por Europa y luego otra de tres semanas por Argentina, con A Love Electric, el proyecto con Todd Clouser y Aar\u00f3n Cruz, presentando el nuevo disco <i>Son of a Hero<\/i>, donde particip\u00f3 John Medeski como invitado especial. Estamos tocando por todos lados con esa banda, ha sido un proyecto muy afortunado. Tengo un tr\u00edo de canciones que se llama Sho Tr\u00edo, con Sandra Cuevas y Juanjo L\u00f3pez, un proyecto de temas bell\u00edsimos de Latinoam\u00e9rica que fusionamos con jazz. Acaba de salir el nuevo disco del proyecto Molek, el d\u00fao que formo con el pianista Mark Aanderud.<\/p>\n","protected":false},"excerpt":{"rendered":"<p>Creo en la m\u00fasica m\u00e1s que en la humanidad: Hern\u00e1n Hecht, baterista Por M\u00f3nica Maristain\u00a0Sin Embargo http:\/\/www.sinembargo.mx\/ &nbsp; Ciudad de M\u00e9xico, 12 de febrero (SinEmbargo).- Hern\u00e1n Hecht naci\u00f3 en Argentina hace 39 a\u00f1os, pero vive en M\u00e9xico, el lugar donde \u201cel caos me permiti\u00f3 ser libre\u201d, seg\u00fan declar\u00f3 recientemente en la Fonoteca Nacional, cuando la [&hellip;]<\/p>\n","protected":false},"author":249,"featured_media":11267,"comment_status":"open","ping_status":"closed","sticky":false,"template":"","format":"standard","meta":{"footnotes":""},"categories":[30,24,21,11,26,22,9],"tags":[],"class_list":["post-11266","post","type-post","status-publish","format-standard","has-post-thumbnail","hentry","category-arte","category-ciudad-de-mexico","category-espectaculos","category-fotografia","category-mundo","category-musica","category-otros-lugares"],"_links":{"self":[{"href":"https:\/\/eloficiodehistoriar.com.mx\/index.php?rest_route=\/wp\/v2\/posts\/11266","targetHints":{"allow":["GET"]}}],"collection":[{"href":"https:\/\/eloficiodehistoriar.com.mx\/index.php?rest_route=\/wp\/v2\/posts"}],"about":[{"href":"https:\/\/eloficiodehistoriar.com.mx\/index.php?rest_route=\/wp\/v2\/types\/post"}],"author":[{"embeddable":true,"href":"https:\/\/eloficiodehistoriar.com.mx\/index.php?rest_route=\/wp\/v2\/users\/249"}],"replies":[{"embeddable":true,"href":"https:\/\/eloficiodehistoriar.com.mx\/index.php?rest_route=%2Fwp%2Fv2%2Fcomments&post=11266"}],"version-history":[{"count":2,"href":"https:\/\/eloficiodehistoriar.com.mx\/index.php?rest_route=\/wp\/v2\/posts\/11266\/revisions"}],"predecessor-version":[{"id":11269,"href":"https:\/\/eloficiodehistoriar.com.mx\/index.php?rest_route=\/wp\/v2\/posts\/11266\/revisions\/11269"}],"wp:featuredmedia":[{"embeddable":true,"href":"https:\/\/eloficiodehistoriar.com.mx\/index.php?rest_route=\/wp\/v2\/media\/11267"}],"wp:attachment":[{"href":"https:\/\/eloficiodehistoriar.com.mx\/index.php?rest_route=%2Fwp%2Fv2%2Fmedia&parent=11266"}],"wp:term":[{"taxonomy":"category","embeddable":true,"href":"https:\/\/eloficiodehistoriar.com.mx\/index.php?rest_route=%2Fwp%2Fv2%2Fcategories&post=11266"},{"taxonomy":"post_tag","embeddable":true,"href":"https:\/\/eloficiodehistoriar.com.mx\/index.php?rest_route=%2Fwp%2Fv2%2Ftags&post=11266"}],"curies":[{"name":"wp","href":"https:\/\/api.w.org\/{rel}","templated":true}]}}