{"id":11277,"date":"2015-02-15T11:20:52","date_gmt":"2015-02-15T17:20:52","guid":{"rendered":"https:\/\/eloficiodehistoriar.com.mx\/?p=11277"},"modified":"2015-02-15T11:20:52","modified_gmt":"2015-02-15T17:20:52","slug":"el-club-gran-premio-del-jurado-en-berlin","status":"publish","type":"post","link":"https:\/\/eloficiodehistoriar.com.mx\/?p=11277","title":{"rendered":"\u2018El club\u2019, gran Premio del Jurado en Berl\u00edn"},"content":{"rendered":"<p class=\"ecxMsoNormal\" align=\"center\"><b>\u2018El club\u2019, gran Premio del Jurado en Berl\u00edn<\/b><\/p>\n<p class=\"ecxMsoNormal\">Pablo Larra\u00edn sorprende con una pel\u00edcula sobre unos sacerdotes con un pasado turbio<\/p>\n<p class=\"ecxMsoNormal\">Berl\u00edn premia el cine clandestino del director iran\u00ed Jafar Panahi<\/p>\n<p class=\"ecxMsoNormal\">GREGORIO BELINCH\u00d3N<\/p>\n<p class=\"ecxMsoNormal\">Berl\u00edn<\/p>\n<p class=\"ecxMsoNormal\">Pablo Larra\u00edn ha sido candidato al Oscar \u2014No compiti\u00f3 a mejor filme de habla no inglesa en 2013, le derrot\u00f3 Amor, de Michael Haneke\u2014, ha ganado innumerables premios en festivales, pero nada como el Oso de Plata de la Berlinale. Su carrera ha ido en ascenso gracias a una filmograf\u00eda que escarba en el pasado chileno, husmea en lo que sus compatriotas no quieren ver. Curioso destino para alguien cuyos progenitores forman parte de la oligarqu\u00eda de derechas: su padre fue senador y presidente de la la Uni\u00f3n Dem\u00f3crata Independiente (UDI) y su madre, exministra de Vivienda y Urbanismo en el gobierno de Sebasti\u00e1n Pi\u00f1era. Es decir, de la clase pol\u00edtica que su hijo se\u00f1ala constantemente como culpables de la connivencia con la dictadura de Pinochet. Educado en colegios cat\u00f3licos, Pablo Larra\u00edn (Santiago de Chile, 1976) descubri\u00f3 all\u00ed que hab\u00eda tres tipos de sacerdotes: \u201cBuenos, porque muchos se opusieron a los militares; delincuentes y los desaparecidos, que de repente eran trasladados y no dejan huella. Uno de ellos, un caso muy famoso en Chile, el cura Cox, acab\u00f3 en una casa suiza de postal id\u00edlica, alguien le hizo fotos en aquella residencia, y ah\u00ed naci\u00f3 mi pel\u00edcula\u201d.<\/p>\n<p class=\"ecxMsoNormal\">El club describe la vida de unos jubilados y una chica que se dedican a criar un galgo en una casa de un peque\u00f1o pueblo costero. Resultan ser curas con pasados ped\u00f3filos (y una monja que les cuida), sacerdotes escondidos en ese lugar por la jerarqu\u00eda cat\u00f3lica cuya convivencia estalla por los aires cuando un quinto sacerdote entra en la residencia. Larra\u00edn recurre a su grupo habitual de actores, que han aparecido en sus anteriores trabajos, incluida su esposa, Antonia Zegers, que encarna a la monja. \u201cA los actores nunca les ense\u00f1\u00e9 el guion. Les daba ideas. Y si la secuencia era larga, se las mostraba la noche anterior. Nunca hab\u00eda hecho algo as\u00ed. Nadie prepar\u00f3 su personaje\u201d. El club es una pel\u00edcula turbadora, m\u00e1s desagradable por lo que se oye que por lo que se ve, un filme arriesgado que Larra\u00edn ha rodado casi a escondidas para que fuera m\u00e1s contundente su visionado.<\/p>\n<p class=\"ecxMsoNormal\">Pregunta. El club es una pel\u00edcula que deja aturdido y conmovido.<\/p>\n<p class=\"ecxMsoNormal\">Respuesta. En mis experiencias anteriores trabaj\u00e9 con un guion cerrado, busqu\u00e9 productores, ense\u00f1\u00e9 los filmes a gente, mont\u00e9 tomando en cuenta distintas opiniones. Ahora ha sido al contrario. Se escribi\u00f3 el guion durante tres semanas, mientras realiz\u00e1bamos la preproducci\u00f3n, y luego rodamos en dos semanas y media. La mont\u00e9 en mi casa, la vieron mi hermano \u2014el productor Juan de Dios Larra\u00edn\u2014 y dos personas m\u00e1s, y la envi\u00e9 a Berl\u00edn. Cuando la aceptaron, corr\u00ed con la posproducci\u00f3n. Yo no la he visto con p\u00fablico hasta el estreno en la Berlinale. Intu\u00eda que s\u00ed, que provocar\u00eda un dolor interno, pero ha sido un trabajo muy inconsciente. Tiene que ver con mi pasado como ni\u00f1o en un colegio cat\u00f3lico.<\/p>\n<p class=\"ecxMsoNormal\">P. \u00bfQui\u00e9n le habl\u00f3 de esas casas?<\/p>\n<p class=\"ecxMsoNormal\">R. Primero, desde cr\u00edo ya ve\u00eda que de repente hab\u00eda curas que desaparec\u00edan. Pero cuando empezamos a investigar para el filme no \u00e9ramos capaces de confirmar los rumores, hasta que un exmiembro del clero nos ilumin\u00f3 y adem\u00e1s nos explic\u00f3 toda la estructura.<\/p>\n<p class=\"ecxMsoNormal\">P. Cuando present\u00f3 el filme, dijo que le asombraba que fueran tan importantes las decisiones del aparato de comunicaci\u00f3n de la Iglesia cat\u00f3lica como los actos del Papa.<\/p>\n<p class=\"ecxMsoNormal\">R. Porque la Iglesia vive una gran paranoia, y son los medios de comunicaci\u00f3n. Eso es muy reciente y muy interesante. Hay asesores de prensa y funciona como si fuese una multinacional.<\/p>\n<p class=\"ecxMsoNormal\">P. Tony Manero y Post mortem eran, como El club, pel\u00edculas muy oscuras. En cambio, No fue m\u00e1s luminosa. \u00bfSe siente m\u00e1s atra\u00eddo por lo negativo?<\/p>\n<p class=\"ecxMsoNormal\">R. No tengo ning\u00fan dise\u00f1o de carrera, as\u00ed que la respuesta es que cada una la hice porque tocaba. La pr\u00f3xima ser\u00e1 m\u00e1s en la direcci\u00f3n y el tono de No. Ser\u00e1 tambi\u00e9n de \u00e9poca, con conexiones con el pasado dictatorial. Cada tema surge en su momento, y me agarro a ellos si descubro que tienen vitalidad, una fuerza que ni siquiera yo sea capaz de controlar. Como en este caso, con personajes al l\u00edmite que me desbordan.<\/p>\n<p class=\"ecxMsoNormal\">P. En Berl\u00edn tanto Patricio Guzm\u00e1n como usted hablan sobre el pasado sin tapujos.<\/p>\n<p class=\"ecxMsoNormal\">R. Es un director que me conmueve much\u00edsimo, de sensibilidad muy profunda. He aprendido mucho con \u00e9l, y ha sido muy generoso conmigo. No he podido ver su filme, s\u00e9 de qu\u00e9 va, seguro que es estupenda. Los grandes artistas chilenos, aunque est\u00e9n en el exilio, siempre vuelven a Chile. Nuestro pa\u00eds nos estructura de una manera que nos obliga a volver a nuestros or\u00edgenes. La impunidad es nuestro tema. Patricio es m\u00e1s sofisticado hablando de ella; yo soy m\u00e1s bruto, con m\u00e1s rabia. Es una justicia que nunca llegar\u00e1, y eso llama a\u00fan m\u00e1s la anterior con la Iglesia, con su canon moral, que no reaccionan con humildad cuando sus miembros se lo saltan. Y hay que recordar que la historia de la Iglesia es imposible de disociar de la historia de Latinoam\u00e9rica. Es una e indivisible.<\/p>\n<p class=\"ecxMsoNormal\">P. \u00bfLe importa lo que la Iglesia opine de su filme?<\/p>\n<p class=\"ecxMsoNormal\">R. Nunca lo dir\u00e1n, porque ser\u00eda darme publicidad, pero s\u00ed me encantar\u00eda mirar por un agujerito y ver la reacci\u00f3n de su jerarqu\u00eda. Como no va a ocurrir, deja de interesarme.<\/p>\n","protected":false},"excerpt":{"rendered":"<p>\u2018El club\u2019, gran Premio del Jurado en Berl\u00edn Pablo Larra\u00edn sorprende con una pel\u00edcula sobre unos sacerdotes con un pasado turbio Berl\u00edn premia el cine clandestino del director iran\u00ed Jafar Panahi GREGORIO BELINCH\u00d3N Berl\u00edn Pablo Larra\u00edn ha sido candidato al Oscar \u2014No compiti\u00f3 a mejor filme de habla no inglesa en 2013, le derrot\u00f3 Amor, [&hellip;]<\/p>\n","protected":false},"author":249,"featured_media":11278,"comment_status":"open","ping_status":"closed","sticky":false,"template":"","format":"standard","meta":{"footnotes":""},"categories":[1],"tags":[],"class_list":["post-11277","post","type-post","status-publish","format-standard","has-post-thumbnail","hentry","category-sin-categoria"],"_links":{"self":[{"href":"https:\/\/eloficiodehistoriar.com.mx\/index.php?rest_route=\/wp\/v2\/posts\/11277","targetHints":{"allow":["GET"]}}],"collection":[{"href":"https:\/\/eloficiodehistoriar.com.mx\/index.php?rest_route=\/wp\/v2\/posts"}],"about":[{"href":"https:\/\/eloficiodehistoriar.com.mx\/index.php?rest_route=\/wp\/v2\/types\/post"}],"author":[{"embeddable":true,"href":"https:\/\/eloficiodehistoriar.com.mx\/index.php?rest_route=\/wp\/v2\/users\/249"}],"replies":[{"embeddable":true,"href":"https:\/\/eloficiodehistoriar.com.mx\/index.php?rest_route=%2Fwp%2Fv2%2Fcomments&post=11277"}],"version-history":[{"count":1,"href":"https:\/\/eloficiodehistoriar.com.mx\/index.php?rest_route=\/wp\/v2\/posts\/11277\/revisions"}],"predecessor-version":[{"id":11279,"href":"https:\/\/eloficiodehistoriar.com.mx\/index.php?rest_route=\/wp\/v2\/posts\/11277\/revisions\/11279"}],"wp:featuredmedia":[{"embeddable":true,"href":"https:\/\/eloficiodehistoriar.com.mx\/index.php?rest_route=\/wp\/v2\/media\/11278"}],"wp:attachment":[{"href":"https:\/\/eloficiodehistoriar.com.mx\/index.php?rest_route=%2Fwp%2Fv2%2Fmedia&parent=11277"}],"wp:term":[{"taxonomy":"category","embeddable":true,"href":"https:\/\/eloficiodehistoriar.com.mx\/index.php?rest_route=%2Fwp%2Fv2%2Fcategories&post=11277"},{"taxonomy":"post_tag","embeddable":true,"href":"https:\/\/eloficiodehistoriar.com.mx\/index.php?rest_route=%2Fwp%2Fv2%2Ftags&post=11277"}],"curies":[{"name":"wp","href":"https:\/\/api.w.org\/{rel}","templated":true}]}}