{"id":11294,"date":"2015-02-18T15:30:44","date_gmt":"2015-02-18T21:30:44","guid":{"rendered":"https:\/\/eloficiodehistoriar.com.mx\/?p=11294"},"modified":"2015-02-18T15:31:07","modified_gmt":"2015-02-18T21:31:07","slug":"jahvel-johnson-ahora-canto-menos-horas-que-en-el-metro-y-se-toma-mas-en-cuenta","status":"publish","type":"post","link":"https:\/\/eloficiodehistoriar.com.mx\/?p=11294","title":{"rendered":"Jahvel Johnson: Ahora canto menos horas que en el metro y se me toma m\u00e1s en cuenta"},"content":{"rendered":"<div class=\"sumarios\">\n<p>La Jornada<\/p>\n<p>Tras ganar <em>reality show,<\/em> Pablo L\u00f3pez o Jahvel Johnson lanz\u00f3 al mercado su primer disco<\/p>\n<\/div>\n<div class=\"cabeza\"><q>Ahora canto menos horas que en el Metro y se toma m\u00e1s en cuenta<\/q><\/div>\n<div class=\"sumarios\">\n<p>El contratenor recorr\u00eda las l\u00edneas 2 y 3 interpretando cl\u00e1sicos de BB King, Billy Ocean, Joe Cocker y Eric Clapton<\/p>\n<p><q>Siempre le he echado ganas, incluso hoy en los programas de radio o televisi\u00f3n<\/q><\/p>\n<\/div>\n<div id=\"article-text\" class=\"text\">\n<div class=\"foto\"><img decoding=\"async\" title=\"\" src=\"http:\/\/www.jornada.unam.mx\/2015\/02\/18\/fotos\/a07n1esp-1.jpg\" alt=\"Foto\" \/><\/p>\n<div class=\"pie-foto\">Pablo L\u00f3pez es oriundo de Torre\u00f3n, Coahuila, y vivi\u00f3 durante alg\u00fan tiempo en Utah, Estados Unidos<span class=\"credito\">Foto Cortes\u00eda Sony Music<\/span><\/div>\n<div class=\"pie-foto\"><\/div>\n<\/div>\n<div class=\"col col1\">\n<div class=\"credito-autor\">Arturo Cruz B\u00e1rcenas<\/div>\n<div class=\"credito-titulo\"><\/div>\n<div class=\"hemero\">Peri\u00f3dico La Jornada<br \/>\nMi\u00e9rcoles 18 de febrero de 2015, p. 7<\/div>\n<p class=\"s-s\">\u201cDesde que gan\u00e9 el concurso de televisi\u00f3n <em>M\u00e9xico tiene talento<\/em> la pregunta que me cae m\u00e1s gorda es qu\u00e9 siento por ser ahora famoso\u201d, expres\u00f3 en entrevista Pablo L\u00f3pez, conocido como <em>El cantante del Metro,<\/em> medio de transporte que era su espacio de trabajo y al cual espera no regresar, apoyado en el mill\u00f3n de pesos que le dio el <em>reality show<\/em> y a lo que recibi\u00f3 tras firmar con la trasnacional Sony Music, sello que hace d\u00edas lanz\u00f3 al mercado su primer disco, titulado<em>Pablo L\u00f3pez es Jahvel Johnson.<\/em><\/p>\n<p>Jahvel Johnson es el nombre que eligi\u00f3 como una forma de rebautizo, dado su sino de haber sido adoptado y de aceptar que a pesar de todo la vida es una joya. Antes de su trascendencia televisiva, Pablo, de 42 a\u00f1os de edad y oriundo de Torre\u00f3n, Coahuila, ya era famoso en las redes sociales por los videos que eran subidos a Internet por sus escuchas en los vagones del Metro, que quedaban admirados por su voz, distinta, rasposa y clara.<\/p>\n<p>Su buena reputaci\u00f3n como contratenor crec\u00eda d\u00eda con d\u00eda, al son de cl\u00e1sicos de BB King, Billy Ocean, Joe Cocker y Eric Clapton, interpretados en ingl\u00e9s con dicci\u00f3n exacta.<\/p>\n<p>Era una persona sin casa fija, un<em>homeless,<\/em> de los seres que viven en el para\u00edso libre, pero rodeado de cemento, fr\u00edo y hambre. Su voz, que le ha dado dinero para pagar alguna torta, un cuarto barato de hotel&#8230; lo m\u00ednimo para sobrevivir 24 a\u00f1os en esta urbe, le ha permitido conocer gente que lo ha decepcionado y le ha creado un car\u00e1cter desconfiado. Natural. Sus ojeras, apenas visibles tras sus gafas, son las huellas de los desvelos, de mirar la luz de la Luna.<\/p>\n<p class=\"sumario\">Da vuelta a las necesades<\/p>\n<p class=\"s-s\">La calle y la noche tienen sus reglas. Los seres noct\u00e1mbulos se defienden a su manera. Pablo lo sabe. En la entrevista por momentos se denota desconfiado y sus respuestas pueden ser hasta taimadas. Medita cada palabra y sabe dar la vuelta a necedades, a lugares comunes. Un ejemplo: a la pregunta de c\u00f3mo le iba en el \u00faltimo vag\u00f3n del Metro a altas horas de la noche, sonr\u00ede, hace una pausa y contesta: <q>\u00a1Eh! \u00a1Qu\u00e9 pregunta! \u00a1Yo ah\u00ed no, claro que no!<\/q> Y es que ese vag\u00f3n es conocido como <em>La cajita feliz,<\/em> porque lleva de todo, dicho esto en el plano sexual. Esa parte del convoy se convirti\u00f3 en un espacio de encuentro, para el ligue, sobre todo homosexual. Ah\u00ed es donde no le ca\u00eda Pablo.<\/p>\n<\/div>\n<div class=\"col col2\">\n<p>Su mente se sumerge en los recuerdos. Uno de ellos hacia el d\u00eda en que se solt\u00f3 de la mano de sus padres y se perdi\u00f3. Ten\u00eda 5 a\u00f1os de edad. De ah\u00ed hasta un centro de reclusi\u00f3n porque no hab\u00eda lugar en orfanatos. All\u00ed aprendi\u00f3 las malas ma\u00f1as, y mejor andar en la calle que encerrado. Una familia mormona se lo llev\u00f3 a Utah, Estados Unidos, pero a los 20 a\u00f1os le pidieron que se fuera porque era para ellos un canijo. A rascarse con sus propias u\u00f1as. En su andar callejero, un amigo le regal\u00f3 una grabadora, su instrumento para poner pistas de canciones. As\u00ed, d\u00eda tras d\u00eda trascurri\u00f3 toreando a los polic\u00edas en las l\u00edneas 2 y 3 del Metro. Hoy tiene, m\u00ednimo, un mill\u00f3n de pesos.<\/p>\n<p>Consider\u00f3 que ser ahora millonario no ha influido en su manera de cantar.<q>Cuando lo hac\u00eda en el Metro trabajaba cinco o seis horas; ahora canto menos, pero se me toma m\u00e1s en cuenta. Lleg\u00f3 el momento de cuidarme porque esto para m\u00ed no es una carrera, sino una oportunidad, y hay que tomarla como tal. Cuando canto a veces me salen tristezas, a veces enojo. Los temas del disco se los dedico al Creador, aunque los autores los hayan escrito con otra intenci\u00f3n. Siempre le he echado ganas, lo mismo cuando andaba en el Metro que ahora, que voy a programas de radio o televisi\u00f3n<\/q>.<\/p>\n<p>Usa bast\u00f3n porque un <em>micro<\/em> le dio un avent\u00f3n que no pidi\u00f3. <q>Todo mundo sufre problemas, tiene tristeza, pero cada quien debe vivir el hoy. Ver para atr\u00e1s no sirve de nada, y lo mismo si te la pasas metido en el futuro. \u00a1Es muy chocoso estar oyendo a la gente quejarse todo el tiempo! Si vives con los problemas te traumas. He vivido mucho tiempo en la calle y he vivido malas experiencias. Yo si a algo le tengo miedo es a la muerte. Todos nos arrepentimos de algo. Yo tengo que evitar a quienes me quieren dar esquinazo porque saben que ahora tengo dinero.<\/q><\/p>\n<p>El \u00e1lbum de Pablo est\u00e1 pr\u00f3ximo a ser disco de oro<\/p>\n<\/div>\n<\/div>\n","protected":false},"excerpt":{"rendered":"<p>La Jornada Tras ganar reality show, Pablo L\u00f3pez o Jahvel Johnson lanz\u00f3 al mercado su primer disco Ahora canto menos horas que en el Metro y se toma m\u00e1s en cuenta El contratenor recorr\u00eda las l\u00edneas 2 y 3 interpretando cl\u00e1sicos de BB King, Billy Ocean, Joe Cocker y Eric Clapton Siempre le he echado [&hellip;]<\/p>\n","protected":false},"author":249,"featured_media":11295,"comment_status":"open","ping_status":"closed","sticky":false,"template":"","format":"standard","meta":{"footnotes":""},"categories":[30,24,21,22],"tags":[],"class_list":["post-11294","post","type-post","status-publish","format-standard","has-post-thumbnail","hentry","category-arte","category-ciudad-de-mexico","category-espectaculos","category-musica"],"_links":{"self":[{"href":"https:\/\/eloficiodehistoriar.com.mx\/index.php?rest_route=\/wp\/v2\/posts\/11294","targetHints":{"allow":["GET"]}}],"collection":[{"href":"https:\/\/eloficiodehistoriar.com.mx\/index.php?rest_route=\/wp\/v2\/posts"}],"about":[{"href":"https:\/\/eloficiodehistoriar.com.mx\/index.php?rest_route=\/wp\/v2\/types\/post"}],"author":[{"embeddable":true,"href":"https:\/\/eloficiodehistoriar.com.mx\/index.php?rest_route=\/wp\/v2\/users\/249"}],"replies":[{"embeddable":true,"href":"https:\/\/eloficiodehistoriar.com.mx\/index.php?rest_route=%2Fwp%2Fv2%2Fcomments&post=11294"}],"version-history":[{"count":2,"href":"https:\/\/eloficiodehistoriar.com.mx\/index.php?rest_route=\/wp\/v2\/posts\/11294\/revisions"}],"predecessor-version":[{"id":11297,"href":"https:\/\/eloficiodehistoriar.com.mx\/index.php?rest_route=\/wp\/v2\/posts\/11294\/revisions\/11297"}],"wp:featuredmedia":[{"embeddable":true,"href":"https:\/\/eloficiodehistoriar.com.mx\/index.php?rest_route=\/wp\/v2\/media\/11295"}],"wp:attachment":[{"href":"https:\/\/eloficiodehistoriar.com.mx\/index.php?rest_route=%2Fwp%2Fv2%2Fmedia&parent=11294"}],"wp:term":[{"taxonomy":"category","embeddable":true,"href":"https:\/\/eloficiodehistoriar.com.mx\/index.php?rest_route=%2Fwp%2Fv2%2Fcategories&post=11294"},{"taxonomy":"post_tag","embeddable":true,"href":"https:\/\/eloficiodehistoriar.com.mx\/index.php?rest_route=%2Fwp%2Fv2%2Ftags&post=11294"}],"curies":[{"name":"wp","href":"https:\/\/api.w.org\/{rel}","templated":true}]}}