{"id":11302,"date":"2015-02-18T18:36:18","date_gmt":"2015-02-19T00:36:18","guid":{"rendered":"https:\/\/eloficiodehistoriar.com.mx\/?p=11302"},"modified":"2015-02-18T18:36:18","modified_gmt":"2015-02-19T00:36:18","slug":"octavio-paz-en-manos-de-la-censura-franquista","status":"publish","type":"post","link":"https:\/\/eloficiodehistoriar.com.mx\/?p=11302","title":{"rendered":"Octavio Paz en manos de la censura franquista"},"content":{"rendered":"<div class=\"ContentRight WithRightRail FullView\" data-link=\"class{:~tag.contentRightClass(Layout.IsFullView, Layout.ReadingPaneMode)}\">\n<div class=\"ContentRightInner t_mbgc t_qtc t_urtc\">\n<div id=\"inboxControl0fv-ReadMessageContainer\" class=\"v-ReadMessageContainer slideOnResize\" tabindex=\"-1\">\n<div class=\"c-ReadMessage\" data-link=\"class{readMessageClass: ~tag.Show}\">\n<div id=\"ReadMessageScrollableSection\" class=\"rmMessages ClearBoth\" tabindex=\"-1\">\n<div id=\"readMessagePartControl393f\" class=\"c-ReadMessagePart ReadMsgContainer HasLayout ClearBoth HideShadows FullPart NoHistory Read RmIc\" data-link=\"class{:~tag.getHeaderCssClass(IsConversationPart, IsRead, IsDraft, IsTrustedSender, Items.length)}\">\n<div class=\"c-ReadMessagePartBody\" data-link=\"class{getClass:IsBodyExpanded}\">\n<div class=\"readMsgBody\">\n<div id=\"bodyreadMessagePartBodyControl398f\" class=\"ExternalClass MsgBodyContainer\" data-link=\"class{:~tag.cssClasses(PlainText, IsContentFiltered)}\">\n<div dir=\"ltr\">\n<p class=\"ecxMsoNormal\">Octavio Paz en manos de la censura franquista<\/p>\n<p class=\"ecxMsoNormal\">La dictadura elabor\u00f3, entre 1950 y 1976, hasta 14 informes contra los libros del Nobel<\/p>\n<p class=\"ecxMsoNormal\">V\u00cdCTOR N\u00da\u00d1EZ JAIME<\/p>\n<p class=\"ecxMsoNormal\">Madrid<\/p>\n<p class=\"ecxMsoNormal\">Los funcionarios de la Direcci\u00f3n General de Propaganda y la Direcci\u00f3n General de Cultura Popular del Ministerio de Informaci\u00f3n y Turismo, que se ocupaban de revisar (l\u00e9ase censurar) todo lo que se publicaba en Espa\u00f1a durante la dictadura de Franco, afilaban la mirada, subrayaban, tachaban y, al final de su lectura, rellenaban siempre el mismo formulario: \u201c\u00bfAtaca al dogma? \u00bfA la moral? \u00bfA la Iglesia o a sus Ministros? \u00bfAl R\u00e9gimen y a sus instituciones? \u00bfA las personas que colaboran o han colaborado con el R\u00e9gimen? \u00bfLos pasajes censurables califican el contenido total de la obra?\u201d. Uno de los grandes afectados por aquellas preguntas y los subsiguientes cortes y supresiones de pasajes fue el escritor mexicano Octavio Paz (1914-1998).<\/p>\n<p class=\"ecxMsoNormal\">En julio de 1950, la compa\u00f1\u00eda Editora y Distribuidora Hispanoamericana S.A. (EDHASA) solicit\u00f3 el permiso para distribuir 200 ejemplares de Libertad bajo palabra de Octavio Paz, publicados en M\u00e9xico. El libro fue enviado a dos censores. El primero, Pedro de Lorenzo, dijo en su informe que en seis p\u00e1ginas hab\u00eda \u201cfrases o expresiones obscenas, otras irreverentes\u201d. El segundo, Andr\u00e9s de Lucas, apunt\u00f3 con letra angulosa: \u201cVersos oscuros y est\u00fapidos con algunas expresiones equ\u00edvocas. Creo, sin embargo que puede autorizarse por el escaso n\u00famero de lectores que leer\u00e1n estos engendros\u201d.<\/p>\n<p class=\"ecxMsoNormal\">Catorce informes de este estilo, sobre distintos libros del escritor mexicano y Premio Nobel de Literatura 1990, se exhiben hasta el pr\u00f3ximo 20 de marzo en el Archivo General de la Administraci\u00f3n, ubicado en Alcal\u00e1 de Henares (Madrid), como parte de la exposici\u00f3n Octavio Paz: Guerra, Censura y Libertad. \u201cLa muestra podr\u00eda dividirse en dos partes: la figura de Octavio Paz y el contexto de sus ideas y su obra en relaci\u00f3n con Espa\u00f1a\u201d, dice Evelia Vega, una de las comisarias, quien trabaja en el archivo dependiente del Ministerio de Educaci\u00f3n Cultura y Deporte. En la exposici\u00f3n hay, adem\u00e1s, fotograf\u00edas del autor mexicano durante su estancia en Espa\u00f1a en 1937, junto a algunos de sus colegas que asistieron al Congreso de Escritores Antifascistas de ese a\u00f1o en Valencia, como el narrador Jos\u00e9 Mancisidor, el poeta Carlos Pellicer, el m\u00fasico Silvestre Revueltas o el pintor Jos\u00e9 Ch\u00e1vez Morado. Y un reportaje gr\u00e1fico de abril de 1982, cuando Octavio Paz visit\u00f3 el Ateneo de Madrid.<\/p>\n<p class=\"ecxMsoNormal\">\u201c\u00bfAtaca al dogma? \u00bfA la moral? \u00bfA la Iglesia o a sus Ministros? \u00bfAl R\u00e9gimen y a sus instituciones? \u00bfA las personas que colaboran o han colaborado con el R\u00e9gimen? \u00bfLos pasajes censurables califican el contenido total de la obra?\u201d<\/p>\n<p class=\"ecxMsoNormal\">Dice Eduardo Ruiz Bautista, investigador de la Universidad de Alcal\u00e1, que los censores franquistas se caracterizaban por su \u201cservilismo desmedido, exceso de celo, \u00ednfulas de literato frustrado y la crasa ignorancia y competencia lectora que exhib\u00edan en muchos de sus juicios y prejuicios\u201d. Cuando en 1955 revisaron el poemario Semillas para un himno, escrito por Paz un a\u00f1o antes, Jes\u00fas Garc\u00e9s se\u00f1al\u00f3 en su informe que se trataban de \u201cpoes\u00edas de un poeta americano, creacionista sin un argumento general. Despu\u00e9s de la obra creadora el poeta hace unas traducciones de los poetas Marvell y Gerardo Nerval. Nada que objetar. Autor\u00edcese salvo superior parecer\u201d.<\/p>\n<p class=\"ecxMsoNormal\">Cuenta Jes\u00fas Ca\u00f1ete, el otro comisario de la exposici\u00f3n y director del Festival de la Palabra de la Universidad de Alcal\u00e1, que \u201cla censura ve\u00eda a Octavio Paz como alguien peligroso por haber asistido al Congreso Antifascista de Valencia. Quiz\u00e1 porque esa experiencia marc\u00f3 para siempre al autor de El laberinto de la soledad, tanto en su obra po\u00e9tica como ensay\u00edstica. Llama la atenci\u00f3n que cuando la censura no pod\u00eda evitar la publicaci\u00f3n de alg\u00fan libro, hac\u00eda todo lo posible por demorarla. El 17 de abril de 1973, C\u00edrculo de Lectores solicit\u00f3 autorizaci\u00f3n para reeditar Los signos en rotaci\u00f3n y otros ensayos, que ya hab\u00eda publicado Alianza en 1971. En esta ocasi\u00f3n el lector censor volvi\u00f3 a tachar las referencias que hab\u00eda a la Virgen en el texto dedicado a la obra de Marcel Duchamp (\u201cLa novia desnudada por sus solteros\u201d). La editorial protest\u00f3 argumentando que el libro ya se hab\u00eda editado anteriormente y que detener la impresi\u00f3n le causaba da\u00f1os econ\u00f3micos. Entonces el censor no pudo impedir su impresi\u00f3n pero s\u00ed hizo todo lo posible por retrasarla. El libro no se public\u00f3 hasta a\u00f1o y medio m\u00e1s tarde: en septiembre de 1974\u201d.<\/p>\n<p class=\"ecxMsoNormal\">En 1971, la editorial Seix Barral decidi\u00f3 publicar Las peras del Olmo, un compendio de ensayos del Premio Cervantes 1981. La censura pidi\u00f3 que se suprimiera el texto titulado Aniversario Espa\u00f1ol. Y as\u00ed se hizo en su primera edici\u00f3n. La censura, sin embargo, no se conformar\u00eda con trocear los libros de Paz. En 1975 se impidi\u00f3 la libre circulaci\u00f3n de la revista Plural en Espa\u00f1a y el editor Pere Gimferrer organiz\u00f3 una protesta p\u00fablica. Un a\u00f1o despu\u00e9s, cuando ya el dictador hab\u00eda muerto, la censura segu\u00eda fij\u00e1ndose en los libros de Paz. \u201cVuelta, poemario de Seix Barral, es poes\u00eda surrealista. No me ha gustado. Pero desde el punto de vista jur\u00eddico-administrativo, nada que se\u00f1alar\u201d, dice el informe fechado en aquel a\u00f1o.<\/p>\n<p class=\"ecxMsoNormal\">Este tratamiento al que fue sometida la obra de Octavio Paz en la Espa\u00f1a franquista ha despertado un inter\u00e9s mesurado entre los conocedores de la vida y obra del escritor mexicano. \u201cConocer estos documentos es algo curioso\u201d, dice el fil\u00f3sofo Fernando Savater, \u201cy son una buena an\u00e9cdota para sumarla a toda la informaci\u00f3n que ya tenemos sobre Octavio. Son interesantes, tambi\u00e9n, porque demuestran la mentalidad de esos inquisidores contempor\u00e1neos que eran los censores franquistas, cuyos criterios literarios dejaban mucho que desear. Lo s\u00e9 bien, porque me toc\u00f3 vivir la censura en todo lo que escrib\u00ed hasta los 28 o 30 a\u00f1os, la edad que ten\u00eda cuando yo muri\u00f3 Franco\u201d.<\/p>\n<p class=\"ecxMsoNormal\">Para Chus Visor, editor de Visor Libros, \u201clos cortes que se le hicieron a la mayor\u00eda de los libros que pasaban por la censura franquista fueron poco importantes para su publicaci\u00f3n. De lo contrario, los autores se hubieran negado a publicar. Lo que sol\u00eda hacerse era cambiar algunas palabras por eufemismos. Y eso te jod\u00eda, como autor o editor, pero eras consciente del contexto en el que viv\u00edas y pod\u00edas soportarlo\u201d. Joan Tarrida, director editorial de Galaxia Gutenberg, que en alianza con C\u00edrculo de Lectores ha publicado las obras completas de Paz en Espa\u00f1a, opina que \u201cel hecho de que ahora se conozcan estos informes no aporta gran cosa a la vida y obra del Nobel. Pero s\u00ed a la historia cultural de Espa\u00f1a. Porque demuestra c\u00f3mo se trataba a los escritores durante la dictadura\u201d.<\/p>\n<\/div>\n<\/div>\n<\/div>\n<\/div>\n<\/div>\n<\/div>\n<\/div>\n<\/div>\n<\/div>\n<div class=\"v-InboxFooterContainer\">\n<div class=\"c-PageFooter Unselectable\">\n<table class=\"uxp_ftr_control t_fbgc\" cellspacing=\"0\" cellpadding=\"0\">\n<tbody>\n<tr>\n<td class=\"uxp_ftr_left t_lnksi\">\n<ul>\n<li><span id=\"uxp_ftr_link_trademark\">\u00a9 2015 Microsoft<\/span><\/li>\n<li><a id=\"uxp_ftr_link_legal\" tabindex=\"60\" href=\"http:\/\/g.live.com\/8seskydrive\/tou\" target=\"_self\">T\u00e9rminos<\/a><\/li>\n<li><a id=\"uxp_ftr_link_privacy\" tabindex=\"60\" href=\"http:\/\/go.microsoft.com\/fwlink\/p\/?LinkId=253457\" target=\"_self\">Privacidad y cookies<\/a><\/li>\n<li data-jsv=\"#559_\"><a id=\"uxp_ftr_link_developers\" tabindex=\"60\" href=\"http:\/\/g.live.com\/8seskydrive\/dev\" target=\"_self\">Desarrolladores<\/a><\/li>\n<li data-jsv=\"\/559_#560_\"><a tabindex=\"60\" href=\"https:\/\/snt150.mail.live.com\/mail\/options.aspx?subsection=12&amp;n=1158418271\" target=\"_self\">Espa\u00f1ol<\/a><\/li>\n<\/ul>\n<\/td>\n<\/tr>\n<\/tbody>\n<\/table>\n<\/div>\n<\/div>\n<\/div>\n<p>&nbsp;<\/p>\n","protected":false},"excerpt":{"rendered":"<p>Octavio Paz en manos de la censura franquista La dictadura elabor\u00f3, entre 1950 y 1976, hasta 14 informes contra los libros del Nobel V\u00cdCTOR N\u00da\u00d1EZ JAIME Madrid Los funcionarios de la Direcci\u00f3n General de Propaganda y la Direcci\u00f3n General de Cultura Popular del Ministerio de Informaci\u00f3n y Turismo, que se ocupaban de revisar (l\u00e9ase censurar) [&hellip;]<\/p>\n","protected":false},"author":249,"featured_media":11303,"comment_status":"open","ping_status":"closed","sticky":false,"template":"","format":"standard","meta":{"footnotes":""},"categories":[1],"tags":[],"class_list":["post-11302","post","type-post","status-publish","format-standard","has-post-thumbnail","hentry","category-sin-categoria"],"_links":{"self":[{"href":"https:\/\/eloficiodehistoriar.com.mx\/index.php?rest_route=\/wp\/v2\/posts\/11302","targetHints":{"allow":["GET"]}}],"collection":[{"href":"https:\/\/eloficiodehistoriar.com.mx\/index.php?rest_route=\/wp\/v2\/posts"}],"about":[{"href":"https:\/\/eloficiodehistoriar.com.mx\/index.php?rest_route=\/wp\/v2\/types\/post"}],"author":[{"embeddable":true,"href":"https:\/\/eloficiodehistoriar.com.mx\/index.php?rest_route=\/wp\/v2\/users\/249"}],"replies":[{"embeddable":true,"href":"https:\/\/eloficiodehistoriar.com.mx\/index.php?rest_route=%2Fwp%2Fv2%2Fcomments&post=11302"}],"version-history":[{"count":1,"href":"https:\/\/eloficiodehistoriar.com.mx\/index.php?rest_route=\/wp\/v2\/posts\/11302\/revisions"}],"predecessor-version":[{"id":11304,"href":"https:\/\/eloficiodehistoriar.com.mx\/index.php?rest_route=\/wp\/v2\/posts\/11302\/revisions\/11304"}],"wp:featuredmedia":[{"embeddable":true,"href":"https:\/\/eloficiodehistoriar.com.mx\/index.php?rest_route=\/wp\/v2\/media\/11303"}],"wp:attachment":[{"href":"https:\/\/eloficiodehistoriar.com.mx\/index.php?rest_route=%2Fwp%2Fv2%2Fmedia&parent=11302"}],"wp:term":[{"taxonomy":"category","embeddable":true,"href":"https:\/\/eloficiodehistoriar.com.mx\/index.php?rest_route=%2Fwp%2Fv2%2Fcategories&post=11302"},{"taxonomy":"post_tag","embeddable":true,"href":"https:\/\/eloficiodehistoriar.com.mx\/index.php?rest_route=%2Fwp%2Fv2%2Ftags&post=11302"}],"curies":[{"name":"wp","href":"https:\/\/api.w.org\/{rel}","templated":true}]}}