{"id":11305,"date":"2015-02-18T19:34:35","date_gmt":"2015-02-19T01:34:35","guid":{"rendered":"https:\/\/eloficiodehistoriar.com.mx\/?p=11305"},"modified":"2015-02-18T19:36:08","modified_gmt":"2015-02-19T01:36:08","slug":"alemania-francia-polonia-austria-paises-bajos-republica-checa-espana-suecia-e-irlanda-estaran-presentes-en-eurojazz-2015","status":"publish","type":"post","link":"https:\/\/eloficiodehistoriar.com.mx\/?p=11305","title":{"rendered":"EuroJazz 2015"},"content":{"rendered":"<p>Alemania, Francia, Polonia, Austria, Pa\u00edses Bajos, Rep\u00fablica Checa, Espa\u00f1a, Suecia e Irlanda estar\u00e1n presentes en EuroJazz\u00a02015.<\/p>\n<p><span id=\"fbPhotoSnowliftCaption\" class=\"fbPhotosPhotoCaption\"><span class=\"hasCaption\">El festival Eurojazz 2015 se realizar\u00e1 los fines de semana del 1 al 22 de marzo en las \u00c1reas Verdes del CENART (Centro Nacional de las Artes, en Av. R\u00edo Churubusco, la entrada es libre. <\/span><\/span><\/p>\n<p>Adem\u00e1s de los conciertos, en esta edici\u00f3n se impartir\u00e1n seis clases maestras y habr\u00e1n m\u00f3dulos de los pa\u00edses participantes donde se ofrecer\u00e1 informaci\u00f3n tur\u00edstica, gastron\u00f3mica y de intercambios acad\u00e9micos.<\/p>\n<p align=\"center\">La\u00a0decimoctava edici\u00f3n del Festival EuroJazz se llevar\u00e1 a cabo del 1 al 22 de marzo en el Cenart<\/p>\n<p>Contratiempo Jazz<\/p>\n<p>Redacci\u00f3n.<\/p>\n<p>El festival se realizar\u00e1 los fines de semana <strong>del 1 al 22 de marzo de 2015<\/strong> en las \u00c1reas Verdes del Cenart. Esta decimoctava edici\u00f3n reunir\u00e1 a <strong>10 agrupaciones<\/strong>con m\u00e1s de 30 cantantes y m\u00fasicos <strong>de la escena jazz\u00edstica de la Uni\u00f3n Europea<\/strong>. Adem\u00e1s,<strong>este a\u00f1o incluir\u00e1 seis cl\u00ednicas musicales, abiertas al p\u00fablico interesado.<\/strong><\/p>\n<p>En esta decimoctava edici\u00f3n participar\u00e1n m\u00fasicos y cantantes de <strong>Alemania, Austria, Eslovaquia, Espa\u00f1a, Francia, Hungr\u00eda, Irlanda, Pa\u00edses Bajos, Polonia, Rep\u00fablica Checa, Suecia y Suiza, as\u00ed como de Cuba y M\u00e9xico<\/strong>, en los conciertos de entrada libre que se realizar\u00e1n en las \u00c1reas Verdes del Cenart en dos diferentes horarios: 13:30 y 17:00 horas.<\/p>\n<p>Doppelmoppel, R\u00e9mi Panossian Trio, Artur Dutkiewicz, The Little Band from Gingerland, Spherical Reflections, Otto Hejnic Trio, Jorge Pardo \u201cHuellas\u201d Cuarteto, Bobo Stenson, Michael Fleiner y su Septeto Internacional, as\u00ed como Tommy Halferty Trio son los grupos que integran el programa del Festival Eurojazz 2015.<\/p>\n<p>El cartel jazz\u00edstico iniciar\u00e1 el <strong>domingo 1 de marzo, a las 13:30 horas, con la banda alemana Doppelmoppel,<\/strong> conocida por su originalidad en la escena europea del jazz. La integran los hermanos Konrad y Johannes Bauer, ambos trombonistas, as\u00ed como los guitarristas Helmut \u201cJoe\u201d Sachse y Uwe Kropinski, quienes colaboran con innumerables grupos internacionales.<\/p>\n<p><strong>El mismo domingo, pero a las 17:00 horas, se presentar\u00e1 el grupo franc\u00e9s R\u00e9mi Panossian Trio<\/strong>, conformado por R\u00e9mi Panossian (piano), Maxime Delporte (contrabajo) y Fr\u00e9d\u00e9ric Petitprez (bater\u00eda), quienes desde 2009, cuando se unieron, han ofrecido m\u00e1s de 250 conciertos en Europa, Am\u00e9rica y Asia, donde han presentado una mezcla energ\u00e9tica con rock y gran lirismo mel\u00f3dico.<\/p>\n<p><strong>El s\u00e1bado 7 de marzo, a las 13:30 horas, tocar\u00e1 el pianista y compositor polaco Artur Dutkiewicz<\/strong>, quien se gradu\u00f3 con honores de la Facultad de Jazz de la Academia de M\u00fasica de Katowice, ha ganado conocidos concursos musicales y entre otros logros el haber participado en Berl\u00edn, en 2011, en el Festival Mundial de la Cultura, donde arregl\u00f3 y toc\u00f3, junto a colegas internacionales, una pieza para 30 pianos.<\/p>\n<p><strong>El mismo s\u00e1bado la jornada continuar\u00e1 a las 17:00 horas con la presentaci\u00f3n de los austriacos de The Little Band From Gingerland<\/strong>, quienes desde su aparici\u00f3n en 2011 han transformado la escena musical en su pa\u00eds.<\/p>\n<p><strong>El domingo 8 de marzo, a las 17:00 horas, el programa continua con Spherical Reflections<\/strong>, d\u00fao formado por el pianista mexicano Daniel Hidalgo Wong y el percusionista holand\u00e9s Heiko Dijker, quienes conjuntan el sutil y expresivo sonido de las teclas con la intensa y po\u00e9tica magia r\u00edtmica de la tabla de la India.<\/p>\n<p><strong>El s\u00e1bado 14, a las 13:30 horas, se presentar\u00e1 Otto Hejnic Trio<\/strong>, agrupaci\u00f3n surgida en 2012 y cuyos integrantes provienen de las Rep\u00fablicas Checa y Eslovaca. Su primer disco One fue ampliamente reconocido por la cr\u00edtica especializada, que lo consider\u00f3 \u201cuno de los eventos musicales m\u00e1s excepcionales del jazz checo-eslovaco\u201d.<\/p>\n<p><strong>El mismo 14 de marzo, a las 17:00 horas, el flamenco se fusionar\u00e1 con el jazz cuando desde Espa\u00f1a se presente Jorge Pardo \u201cHuellas\u201d Cuarteto<\/strong>, grupo liderado por el renombrado m\u00fasico madrile\u00f1o Jorge Pardo (saxof\u00f3n y flautas), quien se ha presentado al lado de figuras como Paco de Luc\u00eda, Chick Corea, Jean Luc Vallet y Camar\u00f3n de la Isla. Parte de este grupo son tambi\u00e9n Josemi Carmona (guitarra y loop station), Jos\u00e9 Manuel Ruiz \u201cBandolero\u201d\u00a0 (bater\u00eda y caj\u00f3n flamenco) y Pablo B\u00e1ez (contrabajo).<\/p>\n<p><strong>El domingo 15, a las 17:00 horas, tocar\u00e1 el turno al reconocido pianista sueco Bobo Stenson,<\/strong> quien se ha convertido en un jazzista legendario en su pa\u00eds y en una de las figuras m\u00e1s representativas del jazz contempor\u00e1neo. En 2006 fue condecorado con el Premio Europeo de Jazz \u201cM\u00fasico del A\u00f1o\u201d. Su m\u00e1s reciente \u00e1lbum, Cantando, mezcla las ra\u00edces del jazz, la m\u00fasica cubana y las formas compositivas del siglo XX.<\/p>\n<p><strong>La programaci\u00f3n del \u00faltimo fin de semana<\/strong> del Festival Eurojazz 2015 contemplar\u00e1, <strong>el s\u00e1bado 21 a las 13:30 horas, el concierto del pianista suizo Michael Fleiner y su Septeto Internacional (Francia, Suiza, Hungr\u00eda, Cuba y M\u00e9xico)<\/strong>, mientras que el<strong>domingo 22, a las 17:00 horas, el escenario ser\u00e1 para el tr\u00edo del guitarrista irland\u00e9s Tommy Halferty.<\/strong><\/p>\n<p>Michael Fleiner y su Septeto Internacional es uno de los grupos europeos m\u00e1s importantes de Latin-Jazz y m\u00fasica afrocubana del momento. Se trata de una agrupaci\u00f3n \u00fanica en su g\u00e9nero, integrada por una secci\u00f3n \u201ch\u00edbrida\u201d de alientos de madera y metales y el ritmo de las congas que se conjuga con el piano y el contrabajo.<\/p>\n<p>Tommy Halferty Trio, en tanto, est\u00e1 integrado tambi\u00e9n por el bajista Dave Redmond y el baterista Kevin Brady. Este grupo est\u00e1 considerado como uno de los m\u00e1s importantes a nivel internacional en su g\u00e9nero y su reciente material discogr\u00e1fico titulado Burkina est\u00e1 recibiendo elogios por parte de cr\u00edticos especializados en todo el mundo.<\/p>\n<p><strong>Programa de cl\u00ednicas<\/strong><\/p>\n<p>El 28 de febrero, a las 12:00 horas, Rem\u00ed Panossian Trio compartir\u00e1 sus conocimientos con el p\u00fablico interesado que asista a esta primera cl\u00ednica musical en el Aula Magna Jos\u00e9 Vasconcelos del Cenart.<\/p>\n<p>Las otras cinco cl\u00ednicas se llevar\u00e1n a cabo en el mismo lugar, a las 12:00 horas, a excepci\u00f3n de la \u00faltima, que comenzar\u00e1 a las 10:30 horas. La entrada a todas estas sesiones es libre, con cupo limitado.<\/p>\n<p>El programa de las cl\u00ednicas que se desarrollar\u00e1n en marzo es el siguiente: Doppelmoppel (lunes 2); The Little Band of Gingerland (jueves 5); Spherical Reflections (viernes 6); Artur Dutkiewicz (lunes 9) y Jorge Pardo \u201cHuellas\u201d Cuarteto (martes 17, a las 10:30 horas).<\/p>\n<p>Otra de las novedades de este Eurojazz 2015 ser\u00e1 que durante cada concierto, el pa\u00eds de donde provenga el grupo en el escenario tendr\u00e1 un m\u00f3dulo donde ofrecer\u00e1 informaci\u00f3n tur\u00edstica, gastron\u00f3mica y sobre intercambios acad\u00e9micos, lo que permitir\u00e1 a los asistentes tener mayor acercamiento con la cultura europea.<\/p>\n<p>El Festival Eurojazz 2015 se realizar\u00e1 los s\u00e1bados y domingos del 1 al 22 de marzo en las \u00c1reas Verdes del Cenart, ubicado en R\u00edo Churubusco No. 79, esquina Calzada de Tlalpan, cerca de la estaci\u00f3n del Metro General Anaya. La entrada es libre y el estacionamiento gratuito. M\u00e1s informaci\u00f3n en www.cenart.gob.mx?.<\/p>\n<p align=\"center\"><strong><img loading=\"lazy\" decoding=\"async\" src=\"http:\/\/contratiempojazz.net\/images\/11000145_780773852012265_2802215309744365861_n.jpg\" alt=\"\" width=\"665\" height=\"516\" border=\"0\" \/><\/strong><\/p>\n<p align=\"center\"><strong>Detalle de los proyectos que participar\u00e1n en el Festival Eurojazz 2015<\/strong><\/p>\n<p>Domingo 1 de marzo, 13:30 h <strong>\u00a0<\/strong><\/p>\n<p><strong>Doppelmoppel<\/strong><\/p>\n<p>Alemania<\/p>\n<p>Es una banda sin equivalente en la escena europea del <em>jazz<\/em> por su originalidad. Los hermanos Konrad y Johannes Bauer, ambos trombonistas, y los guitarristas Uwe Kropinski y Helmut \u201cJoe<em>\u201d<\/em> Sachse son considerados pioneros en la escena de la improvisaci\u00f3n moderna de la extinta Alemania Oriental. Actualmente, cada uno de ellos est\u00e1 considerado como colaborador de prestigio en innumerables grupos internacionales, grandes y peque\u00f1os.<\/p>\n<p>Konrad \u201cConny\u201d Bauer estudi\u00f3 m\u00fasica en Dresden y Berl\u00edn. A inicios de los a\u00f1os 70 fund\u00f3 varios grupos que influyeron en el desarrollo del <em>jazz<\/em> en la desaparecida Rep\u00fablica Democr\u00e1tica Alemana, entre \u00e9stos Doppelmoppel y Zentralquartett. Su manera de tocar se considera virtuosa, t\u00e9cnicamente perfecta y bien reflexionada, al tiempo que su trabajo cada vez abre nuevas formas de expresi\u00f3n.<\/p>\n<p>Johannes Bauer, en tanto, se dedica exclusivamente a la m\u00fasica improvisada desde 1979. Una colaboraci\u00f3n de muchos a\u00f1os le une con Peter Br\u00f6tzmann, Jan Rose, Fred Van Hove, Barry Guy y varios m\u00fasicos m\u00e1s de la escena internacional. Su manera de tocar es fuerte, \u00e1spera y representa un contraste atractivo con su hermano Konrad.<\/p>\n<p>Helmut \u201cJoe\u201d Sachse toc\u00f3 en diferentes proyectos con Manfred Schulze. Estudi\u00f3 en la Universidad de M\u00fasica de Weimar y desde mediados de los a\u00f1os 70 form\u00f3 sus propios grupos, paralelamente desarroll\u00f3 un estilo personal fusionando diferentes influencias del <em>jazz<\/em>,<em>rock<\/em> y la m\u00fasica improvisada contempor\u00e1nea. Ha tocado con John Marshall, George Levis, Jack Bruce, David Moss, Albert Mangelsdorff, Leo Whright entre otros.<\/p>\n<p>Uwe Kropinski comenz\u00f3 como guitarrista electr\u00f3nico en diferentes bandas de <em>rock<\/em> y luego se inclin\u00f3 por el <em>jazz,<\/em> al finalizar sus estudios en la Universidad de M\u00fasica de Berl\u00edn, en 1977.\u00a0 Estudi\u00f3 guitarra cl\u00e1sica, pero prefiri\u00f3 la guitarra ac\u00fastica, con la que lleg\u00f3 a un nivel de virtuosismo, destacado con su juego percusivo. Adem\u00e1s trabajar con Doppelmoppel, en 1981 fund\u00f3 su propio cuarteto y tambi\u00e9n ofrece recitales en solitario. Desde los a\u00f1os 90 trabaja con David Friesen en varias agrupaciones.<\/p>\n<p class=\"Default\">Domingo 1 de marzo, 17:00 h<\/p>\n<p><strong>R\u00e9mi Panossian Tr\u00edo<\/strong><\/p>\n<p class=\"Default\">Francia<\/p>\n<p>Despu\u00e9s de varias experiencias personales y comunes, R\u00e9mi Panossian (piano), Maxime Delporte (contrabajo) y Fr\u00e9d\u00e9ric Petitprez (bater\u00eda), empiezan su aventura como tr\u00edo, a finales del 2009.<\/p>\n<p>La amistad que los un\u00eda desde tiempo atr\u00e1s les permiti\u00f3 convertirse en una verdadera banda, uni\u00f3n que hace que su m\u00fasica se convierta en una mezcla energ\u00e9tica de <em>rock<\/em> y de gran lirismo mel\u00f3dico.<\/p>\n<p>En 2011, este tr\u00edo fue nominado por la radio TSF Jazz como \u201crevelaci\u00f3n del a\u00f1o\u201d por su primer disco titulado <strong><em>Add Fiction, <\/em><\/strong>el cual fue muy bien recibido por la prensa y el p\u00fablico internacional cuando se present\u00f3 en la sala de espect\u00e1culos El Olympia, la noche de \u201cYou and the Night and the Music\u201d.<\/p>\n<p>En 2013 edit\u00f3 su segundo \u00e1lbum llamado <strong><em>BBANG<\/em><\/strong>,que tambi\u00e9n fue<strong>\u00a0<\/strong>aclamado por el p\u00fablico y la prensa francesa especializada.<\/p>\n<p>En cuatro a\u00f1os de trayectoria este tr\u00edo ha ofrecido m\u00e1s de 250 conciertos en escenarios de Francia, Canad\u00e1, Alemania, Brasil, Portugal, Noruega, Suecia y Venezuela. En Asia ha realizado 7 giras con m\u00e1s de 100 conciertos.<\/p>\n<p>En octubre de 2014 el tr\u00edo grab\u00f3 su \u00e1lbum\u00a0n\u00famero tres <strong>9<em>RP3,<\/em>\u00a0<\/strong>que presentar\u00e1 por primera vez en M\u00e9xico, en el marco del festival Eurojazz.<\/p>\n<p>&nbsp;<\/p>\n<p class=\"Default\">S\u00e1bado 7 de marzo, 13:30 h<\/p>\n<p class=\"Default\"><strong>Artur Dutkiewicz<\/strong><\/p>\n<p class=\"Default\">Polonia<\/p>\n<p>Reconocido pianista polaco y compositor de <em>jazz<\/em>. Naci\u00f3 en Pincz\u00f3w (sureste de Polonia). En 1982 se gradu\u00f3 con honores de la Facultad de Jazz de la Academia de M\u00fasica de Katowice.<\/p>\n<p>Ha ganado concursos como Jazz Piano, en Kalisz; Improvisaci\u00f3n y Jazz, en Katowice; Jazz en el Oder; Jazz Jantar y fue finalista en el prestigioso concurso Thelonious Monk Internacional Competition, de Washington.<\/p>\n<p>En 1988 fue el primer m\u00fasico polaco de <em>jazz<\/em> que dio un recital en el MIDEM, en Cannes. Ha actuado con m\u00fasicos destacados de <em>jazz<\/em> y <em>blues<\/em>: Tomasz Szukalski, Tadeusz Nalepa, Zbigniew Namys?owski, Jan Ptaszyn Wr\u00f3blewski, Urszula Dudziak, Gra?yna Augu?cik, Deborah Brown, Lora Szafran, Michelle Hendrics y Carlos Johnson, entre otros.<\/p>\n<p>Se ha presentado en festivales como Jazz Jamboree (Varsovia), Festival de Jazz del Mar del Norte (La Haya), Festival de Europa Central (Par\u00eds), Festival de la Isla (Budapest), Festival Jazz Plaza (La Habana), Festival de Jazz de Glasgow, Duesseldorf Jazz Rally, Festival Mundial de la Cultura en Berl\u00edn, Festival BJ Ninegates (Beijing), El Festival de Jazz Tel Aviv y el Festival Quimera (M\u00e9xico).<\/p>\n<p>En julio de 2011 particip\u00f3 en el Festival Mundial de la Cultura, en Berl\u00edn, donde arregl\u00f3 &#8211; y toc\u00f3 junto con otros pianistas de todo el mundo- una pieza para 30 pianos. En los \u00faltimos tres a\u00f1os ha actuado en m\u00e1s de 50 pa\u00edses de Am\u00e9rica, Europa y Asia.<\/p>\n<p class=\"Default\">S\u00e1bado 7 de marzo, 17:00 h<\/p>\n<p class=\"Default\"><strong>The little Band fron Gingerland<\/strong><\/p>\n<p class=\"Default\">Austria<\/p>\n<p>Desde 2011 la escena musical austriaca no puede concebirse sin este grupo. Su \u00e1lbum-debut<strong><em>Time out Time<\/em><\/strong>(2012) obtuvo el premio \u00d61 Pasticcio y las mejores cr\u00edticas y reconocimientos por parte de la prensa especializada, que destaca su \u201cgrandiosa, original y refrescante mezcla de m\u00fasica del mundo\u201d,<em> Avantgarde-Pop y Poes\u00eda, <\/em>Matthias Wagner, Estiria.<\/p>\n<p>El a\u00f1o pasado present\u00f3 su segundo disco <strong><em>Sir Prise<\/em><\/strong>, que contin\u00faa con la fusi\u00f3n estil\u00edstica y momentos de sorpresa. El tema hom\u00f3nimo <em>Sir Prise <\/em>es considerado el protagonista del \u00e1lbum, que en general es considerado una oda a la creatividad, que en ocasiones llega exactamente justo cuando menos se le esperaba, pero que posiblemente es el que merece m\u00e1s la bienvenida y el atesoramiento.<\/p>\n<p>\u00c1ngela Tr\u00f6ndle \u2013 vocalista, piano y electr\u00f3nicos<br \/>\nSiegmar Brecher \u2013 clarinete bajo<br \/>\nClemens Sainitzer \u2013 violonchelo<br \/>\nPhilipp Kopmajer \u2013 bater\u00eda y percusiones<\/p>\n<p class=\"Default\"><strong>\u00a0<\/strong><\/p>\n<p class=\"Default\">Domingo 8 de marzo, 17:00 h<\/p>\n<p class=\"Default\"><strong>Spherical Reflections<\/strong><\/p>\n<p class=\"Default\">Holanda<\/p>\n<p class=\"Default\">Veinte dedos recorren la esfera m\u00e1gica de la m\u00fasica. Los matices y sonidos del piano y de la tabla india funden las composiciones e improvisaciones en un estallido de colores. Sutil y expresiva la ejecuci\u00f3n jazz\u00edstica de Daniel Hidalgo Wong, impulsado por la intensa y po\u00e9tica magia r\u00edtmica de Heiko Dijker. Una reuni\u00f3n de cuerdas y golpes aporta nuevas perspectivas sobre la \u00edntima conversaci\u00f3n del <em>jazz<\/em> occidental con Spherical Reflections.<\/p>\n<p>Heiko Dijker, tabla y percusiones (Holanda)<br \/>\nDaniel Hidalgo Wong, piano (M\u00e9xico)<\/p>\n<p class=\"Default\">S\u00e1bado 14 de marzo, 13:30 h<\/p>\n<p><strong>Otto Hejnic Tr\u00edo<\/strong><\/p>\n<p><strong>Rep\u00fablica Checa-Eslovaquia<\/strong><\/p>\n<p>Fundado en el 2008, el tr\u00edo de Otto Hejnic es uno de los m\u00e1s originales en la escena del <em>jazz<\/em>europeo. Su trayectoria abarca muchas presentaciones, tanto en Europa (Alemania, Austria, B\u00e9lgica, Italia, Noruega y Suecia), como en varios pa\u00edses de Asia.<\/p>\n<p>Aunque de manera individual sus integrantes tienen una larga e importante\u00a0 trayectoria musical, su debut como tr\u00edo ocurri\u00f3 en 2012 con el disco <strong><em>One<\/em><\/strong>, que fue ampliamente reconocido por la cr\u00edtica especializada, que lo consider\u00f3 como \u201cuno de los eventos musicales m\u00e1s excepcionales del <em>jazz<\/em> checo \u2013 eslovaco\u201d.<\/p>\n<p>Ondrej Kraj?\u00e1k es un reconocido pianista de <em>jazz<\/em>, egresado de la Academia de M\u00fasica en Budapest, Hungr\u00eda. Tiene un r\u00e9cord de varios discos con diversas bandas. El a\u00f1o pasado present\u00f3 su primer \u00e1lbum como pianista y es considerado como el Herbie Hancock europeo.<\/p>\n<p>Josef Fe?o se gradu\u00f3 en el Conservatorio de M\u00fasica de Je\u017eek, en Praga. Es uno de los contrabajistas m\u00e1s reconocidos de su pa\u00eds. Frecuentemente acompa\u00f1a a\u00a0 leyendas de <em>jazz-rock<\/em> checo como el pianista Emil Viklick\u00fd o Karel R?\u017ei?ka.<\/p>\n<p>Otto Hejnic es fundador y l\u00edder del tr\u00edo. Se gradu\u00f3 en Piano y Bater\u00eda en el Conservatorio de M\u00fasica de Praga y tambi\u00e9n es compositor. Obtuvo una beca del Berklee College of Music de Boston. Entre 2000 y 2005 vivi\u00f3 en Estados Unidos, donde toc\u00f3 con varios instrumentalistas reconocidos del <em>jazz <\/em>de ese pa\u00eds. Debido a su estilo muy individualizado, su universalidad musical y su originalidad es un baterista y pianista muy solicitado en Europa y en Estados Unidos. Cuenta con m\u00e1s de 30\u00a0 discos. En el 2013 realiz\u00f3 la m\u00fasica para la pel\u00edcula <em>Hotelier,<\/em>galardonada con el premio ?esk\u00fd lev (<em>El Le\u00f3n Checo<\/em>).<\/p>\n<p class=\"Default\">S\u00e1bado 14 de marzo, 17:00 h<\/p>\n<p class=\"Default\"><strong>Jorge Pardo \u201cHuellas\u201d Cuarteto<\/strong><\/p>\n<p class=\"Default\">Espa\u00f1a<\/p>\n<p>Jorge Pardo naci\u00f3 en Madrid en 1956 y es uno de los m\u00fasicos espa\u00f1oles con m\u00e1s proyecci\u00f3n internacional. Su habilidad y sabidur\u00eda musical para fusionar diversos estilos musicales, como el flamenco y el jazz, le han llevado a los escenarios m\u00e1s importantes, al lado de importantes figuras como Chick Corea, Jean Luc Vallet, Camar\u00f3n de la Isla o Paco de Luc\u00eda, entre otros, as\u00ed como de j\u00f3venes talentos de la talla de Diego Amador, Esperanza Spalding o Ni\u00f1o Josele. Cada a\u00f1o Pardo ofrece m\u00e1s de 150 conciertos en gran parte del mundo. Tiene m\u00e1s de 20 discos editados e innumerables colaboraciones. Las Grecas, junto a Jhonny Galvao, fue su primera grabaci\u00f3n profesional. Ha trabajado liderando y formando parte de muchas agrupaciones y proyectos.<\/p>\n<p>Inici\u00f3 su carrera cuando de joven comenz\u00f3 a coquetear con la m\u00fasica (guitarra), pero enseguida se vio atra\u00eddo por los instrumentos de viento. Sus referencias musicales son de infinidad de artistas y diversos estilos. Profesionalmente empez\u00f3 a tocar en los \u201cgaritos\u201d de Madrid. Diego Carrasco, Jean Luc Vallet, Manuel Soler, Peer Wyboris, David Thomas, Ricardo Miralles, Pedro Iturralde y Vlady Bas, entre otros, son referencias y maestros de su entorno.<\/p>\n<p>El homenaje a Miles Davis en Nueva York o su proyecto Huellas (2012) y su versi\u00f3n con Big Band de Huellas XL, estrenado en Etnosur (2013), son espect\u00e1culos con los que ha recorrido innumerables festivales, teatros y salas de los cinco continentes durante los m\u00e1s de 30 a\u00f1os de trayectoria profesional.<\/p>\n<p>Jorge Pardo, <em>saxo y flautas<\/em><br \/>\nJosemi Carmona, <em>guitarra y Loop Station<\/em><br \/>\nJos\u00e9 Manuel Ruiz \u201cBandolero\u201d, <em>bater\u00eda y caj\u00f3n flamenco<\/em><br \/>\nPablo B\u00e1ez, <em>contrabajo<\/em><\/p>\n<p>&nbsp;<\/p>\n<p>Domingo 15 de marzo, 17:00 h<\/p>\n<p><strong>Bobo Stenson<\/strong><\/p>\n<p><strong>Suecia<\/strong><\/p>\n<p>Bo Gustav Stenson, mejor conocido como Bobo Stenson, es un pianista de <em>jazz<\/em> que naci\u00f3 en 1944 en la ciudad de V\u00e4ster\u00e5s, Suecia. Creci\u00f3 en una familia de m\u00fasicos y a los siete a\u00f1os empez\u00f3 a estudiar piano. En la d\u00e9cada de los a\u00f1os sesenta viaj\u00f3 a Par\u00eds, donde al lado de m\u00fasicos estadounidenses y europeos toc\u00f3 en lugares de <em>jazz<\/em> como Blue-Note y Le Chat qui P\u00eache. Este fue el inicio de la historia de quien se ha convertido en un jazzista legendario de Suecia.<\/p>\n<p>En 1965 realiz\u00f3 su primera grabaci\u00f3n con la vocalista Inge Brandenburg. La d\u00e9cada de los a\u00f1os 70 fue fruct\u00edfera para Bobo Stenson. Toc\u00f3 en varios grupos y en un tr\u00edo muy popular con Arild Andersen y Jon Christensen. Junto con Jan Garbarek dirigi\u00f3 el cuarteto integrado tambi\u00e9n por Palle Danielsson y Jon Christensen, con quienes grab\u00f3 dos \u00e1lbumes: <em>Witchi-Tai-To<\/em> y <em>Dansare<\/em>.<\/p>\n<p>Stenson sigue concentrado en el desarrollo de sus proyectos suecos, en particular en el grupo Rena Rama, que une la m\u00fasica tradicional y el <em>jazz<\/em> con el sonido de \u00c1frica y Europa oriental y que se convirti\u00f3 en una de las agrupaciones m\u00e1s importantes en Suecia. Uno de los discos m\u00e1s conocidos de este conjunto es el \u00e1lbum <em>Landscapes.<\/em><\/p>\n<p>Durante varios a\u00f1os, Stenson tambi\u00e9n trabaj\u00f3 con Oriental Wind y el percusionista Okay Themiz de Turqu\u00eda. A finales de los a\u00f1os 80 se uni\u00f3 al Charles Lloyd Quartet, mientras que en 1996 se integr\u00f3 al Sexteto Tomasz Stanko. Durante este periodo sigue trabajando con su tr\u00edo integrado por el bajista Anders Jormin y el baterista Jon Christensen. Para su disco<em>Goodbye<\/em> (2005) invit\u00f3 al baterista Paul Motian.<\/p>\n<p>En 2001 recibi\u00f3 el Premio Bobby Jaspar de la Academia de Jazz de Francia. En 2005 obtuvo la Medalla Real Litteris et Artibus por sus contribuciones a la cultura y un a\u00f1o despu\u00e9s fue condecorado con Premio Europeo de Jazz al ser considerado el \u201cM\u00fasico del A\u00f1o\u201d.<\/p>\n<p>&nbsp;<\/p>\n<p>S\u00e1bado 21 de marzo, 13:30 h<\/p>\n<p><strong>Septeto Internacional<\/strong><\/p>\n<p>Francia &#8211; Suiza &#8211; Hungr\u00eda &#8211; Cuba &#8211; M\u00e9xico<\/p>\n<p>Con cuatro grabaciones que lo respaldan, adem\u00e1s de la trayectoria profesional de su director, el pianista suizo Michael Fleiner, el Septeto Internacional es uno de los grupos europeos m\u00e1s importantes de <em>Latin-Jazz<\/em> y m\u00fasica afrocubana del momento.<\/p>\n<p>Se ha presentado en foros de Suiza, Espa\u00f1a, Francia, Italia, Austria, Hungr\u00eda, Eslovaquia y Cuba. Es una agrupaci\u00f3n \u00fanica en su g\u00e9nero, integrada por una secci\u00f3n \u201ch\u00edbrida\u201d de alientos de maderas y metales, producida por la mezcla del sax alto, sax tenor y el tromb\u00f3n: el sax alto sostenido por el tenor emplazan a la legendaria trompeta de la \u201csalsa\u201d y el sonido de la secci\u00f3n es m\u00e1s suave mientras mantiene su poder con el sonido \u00fanico del tromb\u00f3n.<\/p>\n<p>Las percusiones est\u00e1n formadas por las congas, de tradici\u00f3n afroamericana en los grupos de salsa, y por la bater\u00eda, que remplaza los timbales y le da una sonoridad dentro del <em>jazz<\/em>. Los coros evocan la salsa sin imitarla. El contrabajo y el piano se unen a la secci\u00f3n r\u00edtmica para jugar sobre las melod\u00edas de \u201cmontunos\u201d y \u201ctumbados\u201d, en una perfecta amalgama que resalta la importancia de cada instrumento mientras viajan entre el <em>jazz<\/em> y la m\u00fasica afrocubana.<\/p>\n<p>El repertorio de este grupo es completamente original y se distingue de manera intencional de la salsa t\u00edpica, pero crea un v\u00ednculo \u00fanico entre la m\u00fasica instrumental y vocal; una fusi\u00f3n de m\u00fasica afrocubana, <em>Latin-Jazz<\/em> y vocal.<\/p>\n<p>A partir de 2014 se integraron Gerry L\u00f3pez y Bernhard Bamert, as\u00ed como el trompetista cubano Juan Mungu\u00eda(quien durante 15 a\u00f1os fue primera trompeta en el grupo Irakere, con Chucho Valdez).<\/p>\n<p>Juan Mungu\u00eda, trompeta (Cuba)<br \/>\nGerry L\u00f3pez, sax tenor (M\u00e9xico)<br \/>\nBernhard Bamert, tromb\u00f3n (Suiza)<br \/>\nPeter Balazs, contrabajo (Hungr\u00eda)<br \/>\nMambi Arg\u00fcelles-Puey, congas (Cuba)<br \/>\nJean-Baptiste Baldazza, bater\u00eda (Francia)<br \/>\nMichael Fleiner, piano, direcci\u00f3n y composici\u00f3n (Suiza)<br \/>\nJonas Macullo, ingeniero de sonido<\/p>\n<p>&nbsp;<\/p>\n<p>Domingo 22 de marzo, 17:00 h<\/p>\n<p><strong>Tommy Halferty Tr\u00edo<\/strong><\/p>\n<p>Irlanda<\/p>\n<p>Adem\u00e1s de Tommy Halferty en la guitarra, el tr\u00edo est\u00e1 integrado por el bajista Dave\u00a0 Redmond y el baterista Kevin Brady. Es considerado uno de los grupos importantes a nivel internacional.<\/p>\n<p>Este tr\u00edo se ha presentado en importantes festivales, as\u00ed como en algunos clubes de <em>jazz<\/em> m\u00e1s relevantes del mundo.<\/p>\n<p>Recientemente lanz\u00f3 su \u00e1lbum <em>Burkina<\/em>, el cual est\u00e1 recibiendo elogios por parte de cr\u00edticos especializados en todo el mundo.<\/p>\n","protected":false},"excerpt":{"rendered":"<p>Alemania, Francia, Polonia, Austria, Pa\u00edses Bajos, Rep\u00fablica Checa, Espa\u00f1a, Suecia e Irlanda estar\u00e1n presentes en EuroJazz\u00a02015. El festival Eurojazz 2015 se realizar\u00e1 los fines de semana del 1 al 22 de marzo en las \u00c1reas Verdes del CENART (Centro Nacional de las Artes, en Av. R\u00edo Churubusco, la entrada es libre. Adem\u00e1s de los conciertos, [&hellip;]<\/p>\n","protected":false},"author":249,"featured_media":11306,"comment_status":"open","ping_status":"closed","sticky":false,"template":"","format":"standard","meta":{"footnotes":""},"categories":[30,24,21,27,26,22,9],"tags":[],"class_list":["post-11305","post","type-post","status-publish","format-standard","has-post-thumbnail","hentry","category-arte","category-ciudad-de-mexico","category-espectaculos","category-latinoamerica","category-mundo","category-musica","category-otros-lugares"],"_links":{"self":[{"href":"https:\/\/eloficiodehistoriar.com.mx\/index.php?rest_route=\/wp\/v2\/posts\/11305","targetHints":{"allow":["GET"]}}],"collection":[{"href":"https:\/\/eloficiodehistoriar.com.mx\/index.php?rest_route=\/wp\/v2\/posts"}],"about":[{"href":"https:\/\/eloficiodehistoriar.com.mx\/index.php?rest_route=\/wp\/v2\/types\/post"}],"author":[{"embeddable":true,"href":"https:\/\/eloficiodehistoriar.com.mx\/index.php?rest_route=\/wp\/v2\/users\/249"}],"replies":[{"embeddable":true,"href":"https:\/\/eloficiodehistoriar.com.mx\/index.php?rest_route=%2Fwp%2Fv2%2Fcomments&post=11305"}],"version-history":[{"count":2,"href":"https:\/\/eloficiodehistoriar.com.mx\/index.php?rest_route=\/wp\/v2\/posts\/11305\/revisions"}],"predecessor-version":[{"id":11309,"href":"https:\/\/eloficiodehistoriar.com.mx\/index.php?rest_route=\/wp\/v2\/posts\/11305\/revisions\/11309"}],"wp:featuredmedia":[{"embeddable":true,"href":"https:\/\/eloficiodehistoriar.com.mx\/index.php?rest_route=\/wp\/v2\/media\/11306"}],"wp:attachment":[{"href":"https:\/\/eloficiodehistoriar.com.mx\/index.php?rest_route=%2Fwp%2Fv2%2Fmedia&parent=11305"}],"wp:term":[{"taxonomy":"category","embeddable":true,"href":"https:\/\/eloficiodehistoriar.com.mx\/index.php?rest_route=%2Fwp%2Fv2%2Fcategories&post=11305"},{"taxonomy":"post_tag","embeddable":true,"href":"https:\/\/eloficiodehistoriar.com.mx\/index.php?rest_route=%2Fwp%2Fv2%2Ftags&post=11305"}],"curies":[{"name":"wp","href":"https:\/\/api.w.org\/{rel}","templated":true}]}}