{"id":11319,"date":"2015-02-21T22:57:25","date_gmt":"2015-02-22T04:57:25","guid":{"rendered":"https:\/\/eloficiodehistoriar.com.mx\/?p=11319"},"modified":"2015-02-22T18:18:35","modified_gmt":"2015-02-23T00:18:35","slug":"como-una-tarea-universitaria-en-mexico-termino-postulada-a-un-oscar","status":"publish","type":"post","link":"https:\/\/eloficiodehistoriar.com.mx\/?p=11319","title":{"rendered":"C\u00f3mo una tarea universitaria en M\u00e9xico termin\u00f3 postulada a un Oscar"},"content":{"rendered":"<header class=\"entry-header\">\n<h1 class=\"entry-title\">C\u00f3mo una tarea universitaria en M\u00e9xico termin\u00f3 postulada a un Oscar<\/h1>\n<div class=\"entry-meta\">\n<p>Gabriel Serra Arg\u00fcello se convirti\u00f3 este a\u00f1o en el primer nicarag\u00fcense nominado a los premios Oscar; su cinta fue el trabajo final que present\u00f3 para el curso Taller de Documental del Centro de Capacitaci\u00f3n Cinematogr\u00e1fica (CCC) de la Ciudad de M\u00e9xico, donde complet\u00f3 su formaci\u00f3n.<\/p>\n<p><span class=\"entry-date\">FEBRERO 18, 2015<\/span><span class=\"author-name\">BBC Mundo @bbcmundo<\/span><\/p>\n<\/div>\n<\/header>\n<div class=\"entry-content\">\n<p>&nbsp;<\/p>\n<div id=\"contextly-MhdxYPVjNsJZiUcBama9c4pMDr0HUWdX\" class=\"ctx-sidebar ctx-sidebar-left ctx-sb-clearfix ctx-sidebar-default\">\n<div class=\"ctx-content-sidebar\">\n<div class=\"ctx-sb-content\">\n<div class=\"ctx-sb-link\">\n<div class=\"ctx-sb-fotmater\">\n<div class=\"ctx-sb-img\">Gabriel Serra Arg\u00fcello se convirti\u00f3 este a\u00f1o en el primer nicarag\u00fcense jam\u00e1s nominado a los premios Oscar de la Academia de las Artes y las Ciencias Cinematogr\u00e1ficas que se entregar\u00e1n en Hollywood el pr\u00f3ximo 22 de febrero.<\/div>\n<\/div>\n<\/div>\n<\/div>\n<\/div>\n<\/div>\n<p>Eso es, y no es, algo extraordinario.<\/p>\n<p>Despu\u00e9s de todo, dif\u00edcilmente se puede esperar que en un pa\u00eds donde no existe industria cinematogr\u00e1fica, y en el que casi no hay apoyo para los cineastas, abunden candidatos para los premios m\u00e1s prestigiosos del \u201cs\u00e9ptimo arte\u201d.<\/p>\n<p>Pero eso s\u00f3lo hace de la selecci\u00f3n de Serra y su obra \u201cLa Parka\u201d, postulada en la categor\u00eda de documentales cortos, algo doblemente remarcable.<\/p>\n<p>Y m\u00e1s cuando se tiene en cuenta que el proyecto empez\u00f3, muy humildemente, en un aula de clase.<\/p>\n<p>Porque la cinta nominada al Oscar fue el trabajo final de Serra para el curso Taller de Documental del Centro de Capacitaci\u00f3n Cinematogr\u00e1fica (CCC) de Ciudad de M\u00e9xico, adonde lleg\u00f3 para completar su formaci\u00f3n hace poco m\u00e1s de seis a\u00f1os.<\/p>\n<figure class=\"media-landscape full-width has-caption\"><figcaption class=\"media-caption\"><span class=\"media-caption__text\">Serra realiz\u00f3 \u201cLa Parka\u201d para la asignatura Taller de Docuemntal del Centro de Capcitaci\u00f3n Cinematogr\u00e1fica de Ciudad de M\u00e9xico, donde est\u00e1 a punto de graduarse.<\/span><\/figcaption><\/figure>\n<p>La invitaci\u00f3n a la 87 edici\u00f3n de los Oscar le lleg\u00f3 a Serra con una reflexi\u00f3n sobre la muerte en un matadero mexicano.<\/p>\n<p>\u201cEs la \u00fanica pel\u00edcula que he dirigido hasta la fecha\u201d, cuenta a BBC Mundo Serra, quien est\u00e1 a punto de graduarse en la especialidad de cinefotograf\u00eda.<\/p>\n<p>\u201cEs el retrato de un trabajador de un rastro (matadero), que se llama Efra\u00edn, al que conocen como La Parka, porque es el encargado de matar a las vacas\u201d, explica.<\/p>\n<p>\u201cVisualmente es una pel\u00edcula muy visceral, muy detallista, muy sugerente y, por momentos, un poco fuerte\u201d.<\/p>\n<p>\u201cE incluye una voz con la que (Efra\u00edn) reflexiona sobre su relaci\u00f3n con la muerte, sobre los familiares que ha perdido y c\u00f3mo esto se vincula con su oficio\u201d.<\/p>\n<h2 class=\"story-body__crosshead\">Una b\u00fasqueda visceral<\/h2>\n<p>Seg\u00fan el nicarag\u00fcense, la idea empez\u00f3 a gestarse cuando empez\u00f3 a confrontarse con las abundantes taquer\u00edas de las calles de la Ciudad de M\u00e9xico.<\/p>\n<p>\u201cMe sorprendi\u00f3. En ninguna ciudad de Latinoam\u00e9rica hab\u00eda visto tanto consumo de carne en la v\u00eda p\u00fablica\u201d.<\/p>\n<p>\u201cSe me vino a la cabeza una imagen de 25 millones de cabezas de vaca y de 25 millones de habitantes comi\u00e9ndose esas reses y empec\u00e9 a preguntarme de d\u00f3nde ven\u00eda tanta carne\u201d.<\/p>\n<p>\u201cY esto me llevo a buscar un rastro grande, estando en el rastro encontr\u00e9 a Efra\u00edn, La Parka, y con \u00e9l encontr\u00e9 la muerte\u201d, le dice a BBC Mundo.<\/p>\n<figure class=\"media-landscape full-width has-caption\"><figcaption class=\"media-caption\"><span class=\"media-caption__text\">El documental es un retrato de Efra\u00edn, mejor conocido como \u201cLa Parka\u201d, quien trabaja matando reses en un rastro de la capital mexicana, y a prtir de ah\u00ed ofrece una reflexi\u00f3n sobre la muerte.<\/span><\/figcaption><\/figure>\n<p>En total, Serra le dedic\u00f3 al proyecto unos ocho meses de trabajo: cuatro de producci\u00f3n, y otros tantos de postproducci\u00f3n, con una filmaci\u00f3n que tom\u00f3 ocho d\u00edas.<\/p>\n<p>Y todo el proceso, as\u00ed como el \u00e9xito que luego tendr\u00eda \u201cLa Parka\u201d, terminar\u00eda ayud\u00e1ndole a entender mejor su relaci\u00f3n con el denominado s\u00e9ptimo arte.<\/p>\n<p>\u201cMe encontr\u00e9 reflexionando por qu\u00e9 hago cine. Y hago cine porque creo que es una especie de encuentro con mi parte espiritual, mis intuiciones y las corazonadas que traigo\u201d.<\/p>\n<p>\u201cY me gusta este proyecto porque nace de una especie de pregunta-obsesi\u00f3n, de algo muy visceral: cada quien tiene sus propias b\u00fasquedas en su vida y para m\u00ed es un proyecto, en ese sentido, muy maduro, porque son temas y cosas que ven\u00eda abordando desde hace rato pero que ahora pude llevar a un plano mucho m\u00e1s alto\u201d.<\/p>\n<h2 class=\"story-body__crosshead\">Orgulloso pero tranquilo<\/h2>\n<p>El nicarag\u00fcense, sin embargo, reconoce que lo que funciona para \u00e9l no tiene por qu\u00e9 entenderse como una receta.<\/p>\n<p>Y tampoco parece dispuesto a dejar que el \u00e9xito se le suba a la cabeza.<\/p>\n<p>\u201cDe las cosas m\u00e1s bonitas que pasaron en este proyecto, y de las que uno siempre tiene que aprender, est\u00e1 el trabajo en equipo: como el buen trabajo en equipo y la buena comunicaci\u00f3n genera grandes cosas\u201d, le dice a BBC Mundo.<\/p>\n<p>\u201cY lo mismo con dedicarle toda la energ\u00eda a un proyecto: yo creo mucho en darle a las personas y a los proyectos el 100% de mi atenci\u00f3n, as\u00ed como tambi\u00e9n en saber escuchar, en ser muy humilde a la hora de escuchar a la gente que respetas\u201d.<\/p>\n<p>Y aunque no niega que la nominaci\u00f3n al Oscar lo llena de orgullo y satisfacci\u00f3n, tambi\u00e9n asegura que la posibilidad de ganar o perder no le quita el sue\u00f1o.<\/p>\n<p>\u2014\u2014\u2014\u2014\u2014\u2014\u2014\u2014\u2014\u2014\u2014\u2014\u2014\u2014\u2014\u2014\u2014\u2014\u2014\u2014\u2014\u2014<\/p>\n<p><strong>Los nominados al mejor corto documental<\/strong><\/p>\n<ul class=\"story-body__unordered-list\">\n<li class=\"story-body__list-item\">\u201cCrisis Hotline: Veterans Press 1?, de Ellen Goosenberg Kent y Dana Perry.<\/li>\n<li class=\"story-body__list-item\">\u201cJoanna\u201d, de Aneta Kopacz<\/li>\n<li class=\"story-body__list-item\">\u201cNuestra maldici\u00f3n\u201d (Our Curse), de Tomasz Sliwinski y Maciej Slesicki<\/li>\n<li class=\"story-body__list-item\">\u201cTierra Blanca (White Earth), de J. Christian Jensen.<\/li>\n<li class=\"story-body__list-item\">\u201cLa Parka\u201d (The Reaper), de Gabriel Serra<\/li>\n<\/ul>\n<\/div>\n","protected":false},"excerpt":{"rendered":"<p>C\u00f3mo una tarea universitaria en M\u00e9xico termin\u00f3 postulada a un Oscar Gabriel Serra Arg\u00fcello se convirti\u00f3 este a\u00f1o en el primer nicarag\u00fcense nominado a los premios Oscar; su cinta fue el trabajo final que present\u00f3 para el curso Taller de Documental del Centro de Capacitaci\u00f3n Cinematogr\u00e1fica (CCC) de la Ciudad de M\u00e9xico, donde complet\u00f3 su [&hellip;]<\/p>\n","protected":false},"author":249,"featured_media":11320,"comment_status":"open","ping_status":"closed","sticky":false,"template":"","format":"standard","meta":{"footnotes":""},"categories":[30,23,24,21,11,27,26],"tags":[],"class_list":["post-11319","post","type-post","status-publish","format-standard","has-post-thumbnail","hentry","category-arte","category-cine","category-ciudad-de-mexico","category-espectaculos","category-fotografia","category-latinoamerica","category-mundo"],"_links":{"self":[{"href":"https:\/\/eloficiodehistoriar.com.mx\/index.php?rest_route=\/wp\/v2\/posts\/11319","targetHints":{"allow":["GET"]}}],"collection":[{"href":"https:\/\/eloficiodehistoriar.com.mx\/index.php?rest_route=\/wp\/v2\/posts"}],"about":[{"href":"https:\/\/eloficiodehistoriar.com.mx\/index.php?rest_route=\/wp\/v2\/types\/post"}],"author":[{"embeddable":true,"href":"https:\/\/eloficiodehistoriar.com.mx\/index.php?rest_route=\/wp\/v2\/users\/249"}],"replies":[{"embeddable":true,"href":"https:\/\/eloficiodehistoriar.com.mx\/index.php?rest_route=%2Fwp%2Fv2%2Fcomments&post=11319"}],"version-history":[{"count":2,"href":"https:\/\/eloficiodehistoriar.com.mx\/index.php?rest_route=\/wp\/v2\/posts\/11319\/revisions"}],"predecessor-version":[{"id":11331,"href":"https:\/\/eloficiodehistoriar.com.mx\/index.php?rest_route=\/wp\/v2\/posts\/11319\/revisions\/11331"}],"wp:featuredmedia":[{"embeddable":true,"href":"https:\/\/eloficiodehistoriar.com.mx\/index.php?rest_route=\/wp\/v2\/media\/11320"}],"wp:attachment":[{"href":"https:\/\/eloficiodehistoriar.com.mx\/index.php?rest_route=%2Fwp%2Fv2%2Fmedia&parent=11319"}],"wp:term":[{"taxonomy":"category","embeddable":true,"href":"https:\/\/eloficiodehistoriar.com.mx\/index.php?rest_route=%2Fwp%2Fv2%2Fcategories&post=11319"},{"taxonomy":"post_tag","embeddable":true,"href":"https:\/\/eloficiodehistoriar.com.mx\/index.php?rest_route=%2Fwp%2Fv2%2Ftags&post=11319"}],"curies":[{"name":"wp","href":"https:\/\/api.w.org\/{rel}","templated":true}]}}