{"id":11327,"date":"2015-02-22T14:00:39","date_gmt":"2015-02-22T20:00:39","guid":{"rendered":"https:\/\/eloficiodehistoriar.com.mx\/?p=11327"},"modified":"2015-02-22T14:00:39","modified_gmt":"2015-02-22T20:00:39","slug":"se-cumplen-hoy-100-anos-del-natalicio-de-edmundo-valades","status":"publish","type":"post","link":"https:\/\/eloficiodehistoriar.com.mx\/?p=11327","title":{"rendered":"Se cumplen hoy 100 a\u00f1os del natalicio de Edmundo Valad\u00e9s"},"content":{"rendered":"<p class=\"ecxMsoNormal\">El sonorense es uno de los m\u00e1ximos autores de relatos cortos de la segunda mitad del siglo XX<\/p>\n<p class=\"ecxMsoNormal\"><b>Se cumplen hoy 100 a\u00f1os del natalicio de Edmundo Valad\u00e9s<\/b><\/p>\n<p class=\"ecxMsoNormal\">Fue uno de los primeros promotores de microficci\u00f3n en AL con su revista <b>El Cuento<\/b><\/p>\n<p class=\"ecxMsoNormal\">El autor de La muerte tiene permiso fue tambi\u00e9n editor y periodista<\/p>\n<p class=\"ecxMsoNormal\">Impuls\u00f3 a j\u00f3venes escritores en sus talleres de narrativa breve, entre ellos a Carlos Monsiv\u00e1is y Jos\u00e9 Emilio Pacheco, en los a\u00f1os 50<\/p>\n<p class=\"ecxMsoNormal\">Fabiola Palapa Quijas<\/p>\n<p class=\"ecxMsoNormal\">\u00a0La Jornada<\/p>\n<p class=\"ecxMsoNormal\">Este domingo 22 de febrero el pa\u00eds recuerda a uno de los m\u00e1ximos autores de las narraciones cortas de la segunda mitad del siglo XX: el cuentista, periodista, editor e intelectual mexicano Edmundo Valad\u00e9s (1915-1994), al cumplirse el centenario de su natalicio.<\/p>\n<p class=\"ecxMsoNormal\">Valad\u00e9s, uno de los primeros promotores de la microficci\u00f3n en Am\u00e9rica Latina mediante su revista El Cuento, naci\u00f3 en Guaymas, Sonora, en 1915; posteriormente, viaj\u00f3 a la ciudad de M\u00e9xico, donde se dedic\u00f3 al periodismo en las revistas Hoy, Am\u00e9rica, La Vida Literaria, y despu\u00e9s en los diarios Novedades, El Nacional, El D\u00eda, Exc\u00e9lsior y unom\u00e1suno.<\/p>\n<p class=\"ecxMsoNormal\">El autor de La muerte tiene permiso, Las dualidades funestas y S\u00f3lo los sue\u00f1os y los deseos son inmortales, Palomita coment\u00f3 en diversas ocasiones que escribir un cuento requer\u00eda mucho ejercicio, mucha malicia, mucha imaginaci\u00f3n, muy buen dominio del idioma y carga po\u00e9tica, y la mayor dificultad era el espacio, limitado y breve.<\/p>\n<p class=\"ecxMsoNormal\">Al frente de la revista El Cuento, Valad\u00e9s public\u00f3 textos de diversos autores del mundo y logr\u00f3 captar el inter\u00e9s de grandes escritores latinoamericanos, que la enriquecieron para convertirla en la expresi\u00f3n literaria del siglo XX.<\/p>\n<p class=\"ecxMsoNormal\">Algunas caracter\u00edsticas que exig\u00eda a los j\u00f3venes escritores eran que no excedieran los 17 renglones o tres cuartos de cuartilla y que la situaciones fueran tramadas con malicia; quer\u00eda historias vertiginosas que desembocaran en un golpe de ingenio.<\/p>\n<p class=\"ecxMsoNormal\">Con motivo del 20 aniversario luctuoso de Valad\u00e9s, la narradora Queta Navag\u00f3mez public\u00f3 en el suplemento cultural de este diario, La Jornada Semanal, el 30 de noviembre de 2014, que M\u00e9xico y la minificci\u00f3n deben mucho al maestro Edmundo, porque logr\u00f3 que este tipo de cuentos tuviera un auge extraordinario a partir de su difusi\u00f3n y la motivaci\u00f3n permanente para crearlos.<\/p>\n<p class=\"ecxMsoNormal\">La figura de Edmundo Valad\u00e9s crece a medida que conocemos su esfuerzo por dar a conocer y motivar su creaci\u00f3n (de la microficci\u00f3n) en Latinoam\u00e9rica, escribi\u00f3 Navag\u00f3mez.<\/p>\n<p class=\"ecxMsoNormal\">\n<p class=\"ecxMsoNormal\">\n<p class=\"ecxMsoNormal\">Sus ensayos sobre el cuento y la literatura mexicana le valieron a Edmundo Valad\u00e9s el Premio Nacional de Periodismo en la rama de Divulgaci\u00f3n Cultural en 1981Foto Rogelio Cu\u00e9llar<\/p>\n<p class=\"ecxMsoNormal\">Lector voraz de O. Henry, Guy de Maupassant y Ch\u00e9jov, Valad\u00e9s contribuy\u00f3 al desarrollo cultural, literario y period\u00edstico de M\u00e9xico. El escritor sonorense, galardonado con la Medalla Nezahualc\u00f3yotl en 1978 por la Sociedad General de Escritores de M\u00e9xico (Sogem), impuls\u00f3 el trabajo de varios cuentistas, entre los que figuran Jos\u00e9 Emilio Pacheco y Carlos Monsiv\u00e1is, a quienes a finales de la d\u00e9cada de los a\u00f1os 50 impart\u00eda un taller literario en su casa de la colonia Del Periodista.<\/p>\n<p class=\"ecxMsoNormal\">En 1948 Edmundo Valad\u00e9s dio a conocer su producci\u00f3n en publicaciones peri\u00f3dicas; en 1955 lanz\u00f3 su primera colecci\u00f3n de cuentos, La muerte tiene permiso, libro con m\u00e1s de 20 ediciones y que se ha convertido en un cl\u00e1sico.<\/p>\n<p class=\"ecxMsoNormal\">Tambi\u00e9n public\u00f3 Las dualidades funestas (1966) y S\u00f3lo los sue\u00f1os y los deseos son inmortales, Palomita (1980); sus cuentos forman parte de innumerables antolog\u00edas. \u00c1giles y amenos, los textos de Valad\u00e9s presentan, por lo general, un mundo generoso basado en la observaci\u00f3n aguda de distintos aspectos de la realidad. Otros, con gran precisi\u00f3n y violencia contenida, estallan s\u00fabitamente creando la especial atm\u00f3sfera de su historia.<\/p>\n<p class=\"ecxMsoNormal\">El Diccionario de Escritores Mexicanos siglo XX, publicado por la Universidad Nacional Aut\u00f3noma de M\u00e9xico y coordinado por la investigadora Aurora M. Ocampo, define a Valad\u00e9s como creador de una voz muy propia, terrenal y l\u00fadico una veces, reflexivo y melanc\u00f3lico otras, el sustrato del escritor de carne y hueso est\u00e1 detr\u00e1s de todos los personajes de sus cuentos, los cuales, como dec\u00eda Cort\u00e1zar, manifiestan esa tensi\u00f3n y ese fuego que todo buen cuento debe tener desde las primeras palabras.<\/p>\n<p class=\"ecxMsoNormal\">Edmundo Valad\u00e9s dedic\u00f3 la mayor parte de su tiempo a difundir obras ajenas y a tender puentes hacia otras literaturas; presidi\u00f3 talleres de narrativa breve y fue un excelente cr\u00edtico literario; sus ensayos sobre el cuento y la literatura mexicana le valieron el Premio Nacional de Periodismo en la rama de Divulgaci\u00f3n Cultural en 1981. Fue uno de los principales cuentistas de nuestro pa\u00eds.<\/p>\n","protected":false},"excerpt":{"rendered":"<p>El sonorense es uno de los m\u00e1ximos autores de relatos cortos de la segunda mitad del siglo XX Se cumplen hoy 100 a\u00f1os del natalicio de Edmundo Valad\u00e9s Fue uno de los primeros promotores de microficci\u00f3n en AL con su revista El Cuento El autor de La muerte tiene permiso fue tambi\u00e9n editor y periodista [&hellip;]<\/p>\n","protected":false},"author":249,"featured_media":11328,"comment_status":"open","ping_status":"closed","sticky":false,"template":"","format":"standard","meta":{"footnotes":""},"categories":[1],"tags":[],"class_list":["post-11327","post","type-post","status-publish","format-standard","has-post-thumbnail","hentry","category-sin-categoria"],"_links":{"self":[{"href":"https:\/\/eloficiodehistoriar.com.mx\/index.php?rest_route=\/wp\/v2\/posts\/11327","targetHints":{"allow":["GET"]}}],"collection":[{"href":"https:\/\/eloficiodehistoriar.com.mx\/index.php?rest_route=\/wp\/v2\/posts"}],"about":[{"href":"https:\/\/eloficiodehistoriar.com.mx\/index.php?rest_route=\/wp\/v2\/types\/post"}],"author":[{"embeddable":true,"href":"https:\/\/eloficiodehistoriar.com.mx\/index.php?rest_route=\/wp\/v2\/users\/249"}],"replies":[{"embeddable":true,"href":"https:\/\/eloficiodehistoriar.com.mx\/index.php?rest_route=%2Fwp%2Fv2%2Fcomments&post=11327"}],"version-history":[{"count":1,"href":"https:\/\/eloficiodehistoriar.com.mx\/index.php?rest_route=\/wp\/v2\/posts\/11327\/revisions"}],"predecessor-version":[{"id":11329,"href":"https:\/\/eloficiodehistoriar.com.mx\/index.php?rest_route=\/wp\/v2\/posts\/11327\/revisions\/11329"}],"wp:featuredmedia":[{"embeddable":true,"href":"https:\/\/eloficiodehistoriar.com.mx\/index.php?rest_route=\/wp\/v2\/media\/11328"}],"wp:attachment":[{"href":"https:\/\/eloficiodehistoriar.com.mx\/index.php?rest_route=%2Fwp%2Fv2%2Fmedia&parent=11327"}],"wp:term":[{"taxonomy":"category","embeddable":true,"href":"https:\/\/eloficiodehistoriar.com.mx\/index.php?rest_route=%2Fwp%2Fv2%2Fcategories&post=11327"},{"taxonomy":"post_tag","embeddable":true,"href":"https:\/\/eloficiodehistoriar.com.mx\/index.php?rest_route=%2Fwp%2Fv2%2Ftags&post=11327"}],"curies":[{"name":"wp","href":"https:\/\/api.w.org\/{rel}","templated":true}]}}