{"id":11338,"date":"2015-02-27T09:31:35","date_gmt":"2015-02-27T15:31:35","guid":{"rendered":"https:\/\/eloficiodehistoriar.com.mx\/?p=11338"},"modified":"2015-02-27T09:34:19","modified_gmt":"2015-02-27T15:34:19","slug":"palabras-vacias-en-la-nieve","status":"publish","type":"post","link":"https:\/\/eloficiodehistoriar.com.mx\/?p=11338","title":{"rendered":"Palabras vac\u00edas en la nieve"},"content":{"rendered":"<div class=\"ecxencabezado ecxopinion\">\n<div class=\"hgroup\">\n<h1 id=\"ecxtitulo_noticia\" style=\"text-align: justify;\">Palabras vac\u00edas en la nieve<\/h1>\n<\/div>\n<div class=\"ecxenlaces\" style=\"text-align: justify;\"><\/div>\n<\/div>\n<div class=\"ecxfirma_comentarios ecxestirar\" style=\"text-align: justify;\"><span class=\"ecxfirma\"><span class=\"ecxautor\"><a title=\"Ver todas las noticias de Carlos Boyero\" href=\"http:\/\/elpais.com\/autor\/carlos_boyero\/a\/\" target=\"_blank\" rel=\"author\">CARLOS BOYERO<\/a><\/span><\/span><\/div>\n<div class=\"ecxcolumna_texto\">\n<div id=\"ecxcuerpo_noticia\" class=\"ecxcuerpo_noticia\">\n<p style=\"text-align: justify;\"><strong>FUERZA MAYOR<\/strong><\/p>\n<p style=\"text-align: justify;\"><b>Direcci\u00f3n:\u00a0Ruben \u00d6stlund.<\/b><\/p>\n<p style=\"text-align: justify;\"><b>Int\u00e9rpretes:\u00a0Johannes Bah Kuhnke, Lisa Loven Kongsli, Calara Wettergren, Vincent Wettergren.<\/b><\/p>\n<p style=\"text-align: justify;\"><b>La perspectiva de pasar dos horas en un cine aceptablemente\u00a0<em>calefactado,<\/em>\u00a0con butacas c\u00f3modas y espacio generoso entre las filas para poder mover las piernas, contemplando paisajes nevados y disfrutando del poder de evocaci\u00f3n que estos poseen, de entrada, me resultaba apetecible. Y si en la pantalla me estuvieran contando historias tan po\u00e9ticas como las de Nanuk, el esquimal y Los dientes del diablo el gozo ser\u00eda absoluto. O envolverme en medio de esa blancura l\u00edrica o terror\u00edfica con una intriga habitada por monstruos humanos o diab\u00f3licos. Por ejemplo: me relamo al pensar en una noche de invierno duro viendo\u00a0<em>Misery, Fargo, El enigma de otro mundo, La cosa&#8230;<\/em><\/b><\/p>\n<p style=\"text-align: justify;\"><b>Aclarado mi amor por ese escenario blanco, exijo que en \u00e9l ocurran cosas que me provoquen inquietud, miedo, emoci\u00f3n, esas sensaciones tan gratas, y que me preocupen las dichas o desdichas que atraviesan los personajes.<\/b><\/p>\n<p style=\"text-align: justify;\"><b>De Fuerza mayor sab\u00eda que era una pel\u00edcula sueca, que hab\u00eda obtenido premios nacionales e internacionales y cuantiosos piropos en los festivales de cine (lo segundo casi siempre me pone en guardia o me hace temblar), que su argumento iba de intriga psicol\u00f3gica y que toda ella se desarrollaba en una estaci\u00f3n de esqu\u00ed en los Alpes. La protagonizan un matrimonio joven y aparentemente mod\u00e9lico y sus dos ni\u00f1os, dispuestos a relajarse desliz\u00e1ndose en familia por las pistas durante su estancia de cinco d\u00edas en un hotel de lujo.<\/b><\/p>\n<p style=\"text-align: justify;\"><b>Aparecen r\u00f3tulos marcando los d\u00edas. Y en el primero me mosqueo un poco con la actitud del marido, aunque no tanto l\u00f3gicamente como su estupefacta esposa. Resulta que un pl\u00e1cido desayuno en la terraza del hotel, en medio de una geograf\u00eda espectacular, se ve interrumpido por un alud de nieve presuntamente inofensivo, pero terror\u00edfico a medida que se acerca. Y el t\u00edo pilla su m\u00f3vil y se larga en plan centella, abandonando a su suerte a la mujer y a las criaturas. Pasa el peligro. El fulano retorna.<\/b><\/p>\n<p style=\"text-align: justify;\"><b>Me cuenta un l\u00facido amigo que si los personajes fueran latinos lo m\u00e1s probable es que la dama le atizara un bolsazo en la cabeza a su irresponsable o cobarde marido y hasta luego cocodrilo. Pero como son n\u00f3rdicos y civilizados, creen que la siniestra movida se resuelve hablando. Y no paran de hablar. No solo entre ellos sino tambi\u00e9n con los nuevos amigos que van haciendo en el hotel y con los que comparten su secreto. Ni el matrimonio en crisis, ni los angustiados hijos, ni las parejas que comparten su intimidad, logran que me interesen m\u00ednimamente su personalidad y sus dram\u00e1ticas circunstancias. Y mi tedio est\u00e1 suplicando que pasen los cinco tormentosos d\u00edas, porque se me hacen interminables. Por supuesto, les deseo fervientemente que vuelvan a ser felices y a comer perdices.<\/b><\/p>\n<\/div>\n<\/div>\n","protected":false},"excerpt":{"rendered":"<p>Palabras vac\u00edas en la nieve CARLOS BOYERO FUERZA MAYOR Direcci\u00f3n:\u00a0Ruben \u00d6stlund. Int\u00e9rpretes:\u00a0Johannes Bah Kuhnke, Lisa Loven Kongsli, Calara Wettergren, Vincent Wettergren. La perspectiva de pasar dos horas en un cine aceptablemente\u00a0calefactado,\u00a0con butacas c\u00f3modas y espacio generoso entre las filas para poder mover las piernas, contemplando paisajes nevados y disfrutando del poder de evocaci\u00f3n que estos [&hellip;]<\/p>\n","protected":false},"author":249,"featured_media":11340,"comment_status":"open","ping_status":"closed","sticky":false,"template":"","format":"standard","meta":{"footnotes":""},"categories":[26],"tags":[],"class_list":["post-11338","post","type-post","status-publish","format-standard","has-post-thumbnail","hentry","category-mundo"],"_links":{"self":[{"href":"https:\/\/eloficiodehistoriar.com.mx\/index.php?rest_route=\/wp\/v2\/posts\/11338","targetHints":{"allow":["GET"]}}],"collection":[{"href":"https:\/\/eloficiodehistoriar.com.mx\/index.php?rest_route=\/wp\/v2\/posts"}],"about":[{"href":"https:\/\/eloficiodehistoriar.com.mx\/index.php?rest_route=\/wp\/v2\/types\/post"}],"author":[{"embeddable":true,"href":"https:\/\/eloficiodehistoriar.com.mx\/index.php?rest_route=\/wp\/v2\/users\/249"}],"replies":[{"embeddable":true,"href":"https:\/\/eloficiodehistoriar.com.mx\/index.php?rest_route=%2Fwp%2Fv2%2Fcomments&post=11338"}],"version-history":[{"count":1,"href":"https:\/\/eloficiodehistoriar.com.mx\/index.php?rest_route=\/wp\/v2\/posts\/11338\/revisions"}],"predecessor-version":[{"id":11339,"href":"https:\/\/eloficiodehistoriar.com.mx\/index.php?rest_route=\/wp\/v2\/posts\/11338\/revisions\/11339"}],"wp:featuredmedia":[{"embeddable":true,"href":"https:\/\/eloficiodehistoriar.com.mx\/index.php?rest_route=\/wp\/v2\/media\/11340"}],"wp:attachment":[{"href":"https:\/\/eloficiodehistoriar.com.mx\/index.php?rest_route=%2Fwp%2Fv2%2Fmedia&parent=11338"}],"wp:term":[{"taxonomy":"category","embeddable":true,"href":"https:\/\/eloficiodehistoriar.com.mx\/index.php?rest_route=%2Fwp%2Fv2%2Fcategories&post=11338"},{"taxonomy":"post_tag","embeddable":true,"href":"https:\/\/eloficiodehistoriar.com.mx\/index.php?rest_route=%2Fwp%2Fv2%2Ftags&post=11338"}],"curies":[{"name":"wp","href":"https:\/\/api.w.org\/{rel}","templated":true}]}}