{"id":11369,"date":"2015-03-29T13:59:00","date_gmt":"2015-03-29T19:59:00","guid":{"rendered":"https:\/\/eloficiodehistoriar.com.mx\/?p=11369"},"modified":"2015-03-29T13:59:00","modified_gmt":"2015-03-29T19:59:00","slug":"los-juaninos","status":"publish","type":"post","link":"https:\/\/eloficiodehistoriar.com.mx\/?p=11369","title":{"rendered":"Los juaninos"},"content":{"rendered":"<p class=\"ecxMsoNormal\">Los juaninos<\/p>\n<p class=\"ecxMsoNormal\">\u00c1ngeles Gonz\u00e1lez Gamio<\/p>\n<p class=\"ecxMsoNormal\">Alo largo de m\u00e1s de dos siglos, la menci\u00f3n de los juaninos, como se nombraba a los frailes que pertenec\u00edan a la orden de San Juan de Dios, era sin\u00f3nimo de bondad y auxilio. Hoy que se conmemora el santo titular vamos a recordar la noble labor que desempe\u00f1aron en la ciudad de M\u00e9xico. Su misi\u00f3n era atender a los enfermos m\u00e1s despose\u00eddos, por lo que su labor se magnificaba cuando la capital era asolada por las epidemias. Una de las m\u00e1s terribles fue la que ocurri\u00f3 entre 1736 y 1738, periodo en que llegaron a recibir hasta 885 apestados diariamente. Esta situaci\u00f3n sobrepas\u00f3 el cupo del hospital, lo que llev\u00f3 a los monjes a ceder sus celdas.<\/p>\n<p class=\"ecxMsoNormal\">La orden lleg\u00f3 a la capital de la Nueva Espa\u00f1a a principios del siglo XVII, y se le concedi\u00f3 un vasto predio a un costado de la Alameda Central. Ah\u00ed construyeron un hospital con su templo adjunto, en la plaza conocida como la Santa Veracruz, por la iglesia que ya exist\u00eda en el extremo opuesto. Estas edificaciones fueron rehechas en el siglo XVIII, cuando la orden ya contaba con gran reconocimiento social, lo que le generaba sustanciosos donativos.<\/p>\n<p class=\"ecxMsoNormal\">Ello le permito edificar un enorme y bello edificio con su templo adjunto. El hospital contaba con dos patios, el principal de grandes y arm\u00f3nicas proporciones, conserva la fuente original decorada con azulejos.<\/p>\n<p class=\"ecxMsoNormal\">Al suprimirse por decreto de las cortes espa\u00f1olas las \u00f3rdenes hospitalarias, los religiosos se vieron obligados a abandonar la instituci\u00f3n, misma de la que se hicieron cargo despu\u00e9s de la Independencia las hermanas de la caridad, y finalmente pas\u00f3 a manos del gobierno que lo convirti\u00f3 en el t\u00e9trico Hospital de la Mujer, que funcion\u00f3 hasta mediados del siglo XX.<\/p>\n<p class=\"ecxMsoNormal\">El templo permaneci\u00f3 abierto al culto; luce una preciosa portada abocinada y dos torres con colorida decoraci\u00f3n. El interior perdi\u00f3 los retablos barrocos que lo adornaban, cuando se puso de moda el estilo neocl\u00e1sico que a\u00fan conserva.<\/p>\n<p class=\"ecxMsoNormal\">El soberbio edificio que alberg\u00f3 el hospital estuvo a\u00f1os en el abandono; afortunadamente hace m\u00e1s de dos d\u00e9cadas se restaur\u00f3 y adapt\u00f3 para albergar el Museo de Artes Aplicadas Franz Mayer.<\/p>\n<p class=\"ecxMsoNormal\">Ya hemos comentado que se form\u00f3 con las extraordinarias colecciones de artes decorativas, que generosamente cedi\u00f3 al pueblo de M\u00e9xico el empresario de origen alem\u00e1n Franz Mayer.<\/p>\n<p class=\"ecxMsoNormal\">Otros encantos del inmueble, adem\u00e1s de su ubicaci\u00f3n en una preciosa plaza, es que se encuentra enfrente de la Alameda Central, nuestro primer parque p\u00fablico que data del siglo XVI. En tantas centurias de vida ha tenido una ampliaci\u00f3n y m\u00faltiples arreglos y remodelaciones.<\/p>\n<p class=\"ecxMsoNormal\">La m\u00e1s reciente se realiz\u00f3 en 2012; fue muy extensa y costosa: 245 millones de pesos. Se sacaron los vendedores ambulantes que la ten\u00edan invadida, se coloc\u00f3 un nuevo pavimento de m\u00e1rmol en los andadores, se instal\u00f3 un sistema de riego, iluminaci\u00f3n peatonal, nueva jardiner\u00eda y se rehabilitaron las fuentes. Estos trabajos mantuvieron cerrada la Alameda durante ocho meses. Inaugur\u00f3 las publicitadas obras el entonces jefe de Gobierno, Marcelo Ebrard.<\/p>\n<p class=\"ecxMsoNormal\">Ahora, a poco m\u00e1s de dos a\u00f1os, los prados comienzan a secarse y se ven apelmazados; pareciera que no se utiliza el sistema de riego que se instal\u00f3. La jardiner\u00eda se ve descuidada. Eso parece ser lo cotidiano en nuestra ciudad, se realizan costosas obras que se inauguran con gran relumbr\u00f3n y ah\u00ed queda la cosa, no se les da mantenimiento y el dinero gastado se va al hoyo.<\/p>\n<p class=\"ecxMsoNormal\">Durante buena parte del virreinato hab\u00eda el cargo de alamedero, que era una persona que ten\u00eda la funci\u00f3n de mantener el lugar en buen estado e inclusive ten\u00eda ah\u00ed una casita en que viv\u00eda y guardaba las herramientas.<\/p>\n<p class=\"ecxMsoNormal\">Y para apreciar la Alameda de lejos, desde donde no se advierte el descuido, vamos al Caf\u00e9 de Bellas Artes, que tiene una grata terraza y sabrosa comida. Puede comenzar con el timbal de nopales, compartir unas chalupitas de salpic\u00f3n y de plato fuerte el pollo en chirmole o la baguette de roast beef hecho en casa.<\/p>\n<p class=\"ecxMsoNormal\">De postre el panque de queso y lim\u00f3n con semillas de amapola.<\/p>\n<p class=\"ecxMsoNormal\">\n<p class=\"ecxMsoNormal\">gonzalezgamio@gmail.com<\/p>\n","protected":false},"excerpt":{"rendered":"<p>Los juaninos \u00c1ngeles Gonz\u00e1lez Gamio Alo largo de m\u00e1s de dos siglos, la menci\u00f3n de los juaninos, como se nombraba a los frailes que pertenec\u00edan a la orden de San Juan de Dios, era sin\u00f3nimo de bondad y auxilio. Hoy que se conmemora el santo titular vamos a recordar la noble labor que desempe\u00f1aron en [&hellip;]<\/p>\n","protected":false},"author":249,"featured_media":11370,"comment_status":"open","ping_status":"closed","sticky":false,"template":"","format":"standard","meta":{"footnotes":""},"categories":[1],"tags":[],"class_list":["post-11369","post","type-post","status-publish","format-standard","has-post-thumbnail","hentry","category-sin-categoria"],"_links":{"self":[{"href":"https:\/\/eloficiodehistoriar.com.mx\/index.php?rest_route=\/wp\/v2\/posts\/11369","targetHints":{"allow":["GET"]}}],"collection":[{"href":"https:\/\/eloficiodehistoriar.com.mx\/index.php?rest_route=\/wp\/v2\/posts"}],"about":[{"href":"https:\/\/eloficiodehistoriar.com.mx\/index.php?rest_route=\/wp\/v2\/types\/post"}],"author":[{"embeddable":true,"href":"https:\/\/eloficiodehistoriar.com.mx\/index.php?rest_route=\/wp\/v2\/users\/249"}],"replies":[{"embeddable":true,"href":"https:\/\/eloficiodehistoriar.com.mx\/index.php?rest_route=%2Fwp%2Fv2%2Fcomments&post=11369"}],"version-history":[{"count":1,"href":"https:\/\/eloficiodehistoriar.com.mx\/index.php?rest_route=\/wp\/v2\/posts\/11369\/revisions"}],"predecessor-version":[{"id":11371,"href":"https:\/\/eloficiodehistoriar.com.mx\/index.php?rest_route=\/wp\/v2\/posts\/11369\/revisions\/11371"}],"wp:featuredmedia":[{"embeddable":true,"href":"https:\/\/eloficiodehistoriar.com.mx\/index.php?rest_route=\/wp\/v2\/media\/11370"}],"wp:attachment":[{"href":"https:\/\/eloficiodehistoriar.com.mx\/index.php?rest_route=%2Fwp%2Fv2%2Fmedia&parent=11369"}],"wp:term":[{"taxonomy":"category","embeddable":true,"href":"https:\/\/eloficiodehistoriar.com.mx\/index.php?rest_route=%2Fwp%2Fv2%2Fcategories&post=11369"},{"taxonomy":"post_tag","embeddable":true,"href":"https:\/\/eloficiodehistoriar.com.mx\/index.php?rest_route=%2Fwp%2Fv2%2Ftags&post=11369"}],"curies":[{"name":"wp","href":"https:\/\/api.w.org\/{rel}","templated":true}]}}