{"id":11373,"date":"2015-03-30T00:29:54","date_gmt":"2015-03-30T06:29:54","guid":{"rendered":"https:\/\/eloficiodehistoriar.com.mx\/?p=11373"},"modified":"2015-03-30T00:29:54","modified_gmt":"2015-03-30T06:29:54","slug":"teresa-de-avila-la-mejor-mujer-de-la-historia","status":"publish","type":"post","link":"https:\/\/eloficiodehistoriar.com.mx\/?p=11373","title":{"rendered":"Teresa de \u00c1vila: La Mejor Mujer de la Historia"},"content":{"rendered":"<div class=\"AppContainer\">\n<div id=\"c_base\" class=\"c_base\">\n<div id=\"c_content\" class=\"c_main\">\n<div id=\"pageContent\">\n<div id=\"pageInbox\" class=\"v-Page\">\n<div id=\"inboxControl0f\">\n<div class=\"containsYSizerBar\">\n<div class=\"ContentRight WithRightRail FullView\">\n<div class=\"ContentRightInner t_mbgc t_qtc t_urtc\">\n<div id=\"inboxControl0fv-ReadMessageContainer\" class=\"v-ReadMessageContainer slideOnResize\">\n<div class=\"c-ReadMessage\">\n<div id=\"ReadMessageScrollableSection\" class=\"rmMessages ClearBoth\">\n<div id=\"readMessagePartControl401f\" class=\"c-ReadMessagePart ReadMsgContainer HasLayout ClearBoth HideShadows FullPart NoHistory Read RmIc\">\n<div class=\"c-ReadMessagePartBody\">\n<div class=\"readMsgBody\">\n<div id=\"bodyreadMessagePartBodyControl406f\" class=\"ExternalClass MsgBodyContainer\">\n<div dir=\"ltr\">\n<p class=\"ecxMsoNormal\" align=\"center\"><b>La mejor mujer de la historia<\/b><\/p>\n<p class=\"ecxMsoNormal\" align=\"center\"><b>V Centenario del Nacimiento de Santa Teresa de Jes\u00fas<\/b><\/p>\n<p class=\"ecxMsoNormal\">Siendo Santa Teresa de \u00c1vila relativamente inculta, dialogaba con miembros de la realeza, personajes ilustres, miembros eclesi\u00e1sticos y santos de su \u00e9poca para darles consejos, recibir ayuda, y llevar a cabo lo que se hab\u00eda propuesto.<\/p>\n<p class=\"ecxMsoNormal\">Cierto d\u00eda dijo: \u00ab<b>Teresa sin la gracia de Dios es una pobre mujer; con la gracia de Dios, una fuerza; con la gracia de Dios y mucho dinero, una potencia\u00bb.<\/b><\/p>\n<p class=\"ecxMsoNormal\">Santa Teresa, la gran escritora m\u00edstica, <b>parti\u00f3 a la Casa del Padre un 4 de octubre de 1582<\/b> y la enterraron al d\u00eda siguiente, el 15 de octubre.<\/p>\n<p class=\"ecxMsoNormal\">Esto se debe a que en ese d\u00eda empez\u00f3 a regir el cambio del calendario, cuando el Papa a\u00f1adi\u00f3 10 d\u00edas al almanaque para corregir un error de c\u00e1lculo en el mismo que llevaba arrastr\u00e1ndose ya por a\u00f1os.<\/p>\n<p class=\"ecxMsoNormal\">Oraci\u00f3n para el V Centenario del Nacimiento de Santa Teresa de Jes\u00fas<\/p>\n<p class=\"ecxMsoNormal\"><b><i>Dios, Padre nuestro,<\/i><\/b><\/p>\n<p class=\"ecxMsoNormal\"><b><i>te alabamos y te bendecimos,<\/i><\/b><\/p>\n<p class=\"ecxMsoNormal\"><b><i>porque nos concedes la gracia de celebrar<\/i><\/b><\/p>\n<p class=\"ecxMsoNormal\"><b><i>el V centenario del nacimiento<\/i><\/b><\/p>\n<p class=\"ecxMsoNormal\"><b><i>de Santa Teresa de Jes\u00fas.<\/i><\/b><\/p>\n<p class=\"ecxMsoNormal\"><b><i>Se\u00f1or Jesucristo, \u00abamigo verdadero\u00bb,<\/i><\/b><\/p>\n<p class=\"ecxMsoNormal\"><b><i>ay\u00fadanos a crecer en tu amistad,<\/i><\/b><\/p>\n<p class=\"ecxMsoNormal\"><b><i>para que, como Teresa, hija de la Iglesia,<\/i><\/b><\/p>\n<p class=\"ecxMsoNormal\"><b><i>demos testimonio de tu alegr\u00eda ante el mundo,<\/i><\/b><\/p>\n<p class=\"ecxMsoNormal\"><b><i>atentos a las necesidades<\/i><\/b><\/p>\n<p class=\"ecxMsoNormal\"><b><i>de la Humanidad.<\/i><\/b><\/p>\n<p class=\"ecxMsoNormal\"><b><i>Esp\u00edritu Santo,<\/i><\/b><\/p>\n<p class=\"ecxMsoNormal\"><b><i>ay\u00fadanos a avanzar,<\/i><\/b><\/p>\n<p class=\"ecxMsoNormal\"><b><i>\u00abcon limpia conciencia y humildad\u00bb,<\/i><\/b><\/p>\n<p class=\"ecxMsoNormal\"><b><i>en el camino de la vida interior,<\/i><\/b><\/p>\n<p class=\"ecxMsoNormal\"><b><i>cimentados en la verdad,<\/i><\/b><\/p>\n<p class=\"ecxMsoNormal\"><b><i>con renovado desprendimiento,<\/i><\/b><\/p>\n<p class=\"ecxMsoNormal\"><b><i>y amor fraterno incondicional.<\/i><\/b><\/p>\n<p class=\"ecxMsoNormal\"><b><i>Como Teresa de Jes\u00fas,<\/i><\/b><\/p>\n<p class=\"ecxMsoNormal\"><b><i>maestra de espiritualidad,<\/i><\/b><\/p>\n<p class=\"ecxMsoNormal\"><b><i>ens\u00e9\u00f1anos a orar de todo coraz\u00f3n:<\/i><\/b><\/p>\n<p class=\"ecxMsoNormal\"><b><i>\u00abVuestra soy, Se\u00f1or, para Vos nac\u00ed<\/i><\/b><\/p>\n<p class=\"ecxMsoNormal\"><b><i>\u00bfqu\u00e9 mand\u00e1is hacer de mi? Am\u00e9n.<\/i><\/b><\/p>\n<p class=\"ecxMsoNormal\"><b><i>\u00a0<\/i><\/b><\/p>\n<p class=\"ecxMsoNormal\"><b>Santa Teresa de Jes\u00fas fue una \u00abcomunicadora incansable del Evangelio\u00bb que \u00abno se limit\u00f3 a ser una espectadora de la realidad que la rodeaba\u00bb. As\u00ed ha descrito el Papa Francisco a la santa en una carta dirigida al general del Carmelo Descalzo, Saverio Cannistr\u00e1, y que \u00e9ste ha le\u00eddo hoy, en el 500 aniversario de su nacimiento en \u00c1vila.<\/b><\/p>\n<p class=\"ecxMsoNormal\"><b>En la misiva, le\u00edda por Cannistr\u00e1 al final de la misa celebrada en el convento-casa natal de la Santa en la capital abulense, el Papa, que confirm\u00f3 que no visitar\u00eda Espa\u00f1a este 2015, ha destacado de la impulsora de la reforma teresiana su dimensi\u00f3n \u00abmisionera y eclesial\u00bb, dos caracter\u00edsticas que, a su juicio, han distinguido tambi\u00e9n a la Orden del Carmelo Descalzo.<\/b><\/p>\n<p class=\"ecxMsoNormal\"><b>Tambi\u00e9n ha subrayado el Pont\u00edfice ese \u00abcimiento\u00bb sobre el que asent\u00f3 sus conventos, con \u00abfraternidad\u00bb y \u00abhumildad\u00bb.<\/b><\/p>\n<p class=\"ecxMsoNormal\"><b>No ha sido el \u00fanico mensaje del Papa Francisco en el d\u00eda en el que se cumplen los 500 a\u00f1os del nacimiento de la santa andariega, ya que el obispo de \u00c1vila, Jes\u00fas Garc\u00eda Burillo, tambi\u00e9n ha le\u00eddo, en el transcurso de la misma misa y ante unas 350 personas en el interior del templo y otras 550 que han seguido la Eucarist\u00eda desde el exterior, otra misiva suya.<\/b><\/p>\n<p class=\"ecxMsoNormal\"><b>En ella, el Papa repasa los valores de la reformadora del Carmelo y sus andanzas no s\u00f3lo en \u00c1vila sino en \u00abotros lugares que conservan su memoria\u00bb y \u00abpor los que pas\u00f3 con sus sandalias desgastadas\u00bb.<\/b><\/p>\n<p class=\"ecxMsoNormal\"><b>Tras reconocer el Pont\u00edfice que su coraz\u00f3n est\u00e1 \u00abhoy en \u00c1vila\u00bb, ha desgranado los consejos que, de vivir en estos d\u00edas la santa, dar\u00eda a religiosos, sacerdotes, laicos, familias y j\u00f3venes. A estos \u00faltimos, ha lanzado un mensaje especial, para que tengan el \u00abvalor para huir de la mediocridad y la tibieza\u00bb, albergando en su alma \u00abgrandes deseos, nobles aspiraciones dignas de las mejoras causas\u00bb.<\/b><\/p>\n<p class=\"ecxMsoNormal\"><b>\u00abQue el ejemplo de la santa infunda valent\u00eda a las nuevas generaciones, para que no se les arrugue el \u00e1nima y el \u00e1nimo\u00bb, ha dicho, parafraseando el \u00abCamino de Perfecci\u00f3n\u00bb de Santa Teresa.<\/b><\/p>\n<p class=\"ecxMsoNormal\"><b>\u00a0<\/b><\/p>\n<p class=\"ecxMsoNormal\"><b>En este sentido, antes de comenzar la celebraci\u00f3n Eucar\u00edstica, el superior general del Carmelo Descalzo ha subrayado, en declaraciones a los medios, que Teresa aporta la luz de la que ella goza para \u00abiluminar\u00bb los caminos que \u00aba veces pasan por momentos de oscuridad\u00bb, tanto \u00aba nivel exterior como interior\u00bb.<\/b><\/p>\n<p class=\"ecxMsoNormal\"><b>Tambi\u00e9n la santa aporta, a su juicio, calor, porque los corazones se sienten \u00abmuchas veces solos y no queridos\u00bb, lo que lleva a \u00abperder el sentido de la esperanza y la perspectiva de futuro\u00bb.<\/b><\/p>\n<p class=\"ecxMsoNormal\"><b>El obispo de \u00c1vila, Jes\u00fas Garc\u00eda Burillo, ha subrayado que en esta jornada se debe dar \u00abgracias a Dios\u00bb, porque \u00abha hecho el gran regalo de Teresa de Jes\u00fas a la Iglesia y a toda la humanidad\u00bb, por los valores \u00abno s\u00f3lo eclesiales sino humanos\u00bb de la santa y como \u00abmujer, emprendedora, escritora o economista\u00bb, que pueden dar soluci\u00f3n a los \u00abproblemas que tiene en este momento la sociedad\u00bb.<\/b><\/p>\n<p class=\"ecxMsoNormal\"><b>\u00abSi tuvi\u00e9ramos un poquito m\u00e1s de fraternidad, austeridad y servicio a los dem\u00e1s seguramente las cosas nos ir\u00edan mejor\u00bb, ha a\u00f1adido.<\/b><\/p>\n<p class=\"ecxMsoNormal\"><b>Por su parte, la consejera de Cultura y Turismo de la Junta, Alicia Garc\u00eda destacado que hoy es el \u00abd\u00eda m\u00e1s importante\u00bb del V Centenario y que la santa es \u00abel mejor patrimonio de \u00c1vila, junto a su muralla\u00bb, y adem\u00e1s, en su opini\u00f3n, \u00abla mejor mujer de la historia\u00bb.<\/b><\/p>\n<\/div>\n<\/div>\n<\/div>\n<\/div>\n<\/div>\n<\/div>\n<\/div>\n<\/div>\n<\/div>\n<div class=\"v-InboxFooterContainer\">\n<div class=\"c-PageFooter Unselectable\"><\/div>\n<\/div>\n<\/div>\n<div class=\"reauthenticationDiv\"><\/div>\n<\/div>\n<\/div>\n<\/div>\n<\/div>\n<\/div>\n<\/div>\n<div id=\"m_whm\"><\/div>\n<div id=\"m_mm\"><\/div>\n<\/div>\n<p>&nbsp;<\/p>\n","protected":false},"excerpt":{"rendered":"<p>La mejor mujer de la historia V Centenario del Nacimiento de Santa Teresa de Jes\u00fas Siendo Santa Teresa de \u00c1vila relativamente inculta, dialogaba con miembros de la realeza, personajes ilustres, miembros eclesi\u00e1sticos y santos de su \u00e9poca para darles consejos, recibir ayuda, y llevar a cabo lo que se hab\u00eda propuesto. Cierto d\u00eda dijo: \u00abTeresa [&hellip;]<\/p>\n","protected":false},"author":249,"featured_media":11374,"comment_status":"open","ping_status":"closed","sticky":false,"template":"","format":"standard","meta":{"footnotes":""},"categories":[30,10,12,28,26],"tags":[],"class_list":["post-11373","post","type-post","status-publish","format-standard","has-post-thumbnail","hentry","category-arte","category-historia","category-libros","category-literatura","category-mundo"],"_links":{"self":[{"href":"https:\/\/eloficiodehistoriar.com.mx\/index.php?rest_route=\/wp\/v2\/posts\/11373","targetHints":{"allow":["GET"]}}],"collection":[{"href":"https:\/\/eloficiodehistoriar.com.mx\/index.php?rest_route=\/wp\/v2\/posts"}],"about":[{"href":"https:\/\/eloficiodehistoriar.com.mx\/index.php?rest_route=\/wp\/v2\/types\/post"}],"author":[{"embeddable":true,"href":"https:\/\/eloficiodehistoriar.com.mx\/index.php?rest_route=\/wp\/v2\/users\/249"}],"replies":[{"embeddable":true,"href":"https:\/\/eloficiodehistoriar.com.mx\/index.php?rest_route=%2Fwp%2Fv2%2Fcomments&post=11373"}],"version-history":[{"count":1,"href":"https:\/\/eloficiodehistoriar.com.mx\/index.php?rest_route=\/wp\/v2\/posts\/11373\/revisions"}],"predecessor-version":[{"id":11375,"href":"https:\/\/eloficiodehistoriar.com.mx\/index.php?rest_route=\/wp\/v2\/posts\/11373\/revisions\/11375"}],"wp:featuredmedia":[{"embeddable":true,"href":"https:\/\/eloficiodehistoriar.com.mx\/index.php?rest_route=\/wp\/v2\/media\/11374"}],"wp:attachment":[{"href":"https:\/\/eloficiodehistoriar.com.mx\/index.php?rest_route=%2Fwp%2Fv2%2Fmedia&parent=11373"}],"wp:term":[{"taxonomy":"category","embeddable":true,"href":"https:\/\/eloficiodehistoriar.com.mx\/index.php?rest_route=%2Fwp%2Fv2%2Fcategories&post=11373"},{"taxonomy":"post_tag","embeddable":true,"href":"https:\/\/eloficiodehistoriar.com.mx\/index.php?rest_route=%2Fwp%2Fv2%2Ftags&post=11373"}],"curies":[{"name":"wp","href":"https:\/\/api.w.org\/{rel}","templated":true}]}}