{"id":11376,"date":"2015-03-30T00:35:44","date_gmt":"2015-03-30T06:35:44","guid":{"rendered":"https:\/\/eloficiodehistoriar.com.mx\/?p=11376"},"modified":"2015-04-04T22:15:21","modified_gmt":"2015-04-05T04:15:21","slug":"eviven-a-chavela-vargas-en-el-homenaje-rendido-por-sus-mujeres","status":"publish","type":"post","link":"https:\/\/eloficiodehistoriar.com.mx\/?p=11376","title":{"rendered":"Reviven a Chavela Vargas en el Homenaje rendido por sus Mujeres"},"content":{"rendered":"<div class=\"AppContainer\">\n<div id=\"c_base\" class=\"c_base\">\n<div id=\"c_content\" class=\"c_main\">\n<div id=\"pageContent\">\n<div id=\"pageInbox\" class=\"v-Page\">\n<div id=\"inboxControl0f\">\n<div class=\"containsYSizerBar\">\n<div class=\"ContentRight WithRightRail FullView\">\n<div class=\"ContentRightInner t_mbgc t_qtc t_urtc\">\n<div id=\"inboxControl0fv-ReadMessageContainer\" class=\"v-ReadMessageContainer slideOnResize\">\n<div class=\"c-ReadMessage\">\n<div id=\"ReadMessageScrollableSection\" class=\"rmMessages ClearBoth\">\n<div id=\"readMessagePartControl408f\" class=\"c-ReadMessagePart ReadMsgContainer HasLayout ClearBoth HideShadows FullPart NoHistory Read RmIc\">\n<div class=\"c-ReadMessagePartBody\">\n<div class=\"readMsgBody\">\n<div id=\"bodyreadMessagePartBodyControl413f\" class=\"ExternalClass MsgBodyContainer\">\n<div dir=\"ltr\">\n<p class=\"ecxMsoNormal\" align=\"center\"><b>Reviven a Chavela Vargas en el homenaje rendido por sus mujeres<\/b><\/p>\n<p class=\"ecxMsoNormal\"><b>Ofelia Medina, con su poder histri\u00f3nico, hizo aparecer en el escenario a La Macorina<\/b><\/p>\n<p class=\"ecxMsoNormal\"><b>Eugenia Le\u00f3n, Tania Libertad, Regina Orozco y Mar\u00eda Le\u00f3n participaron en el acto<\/b><\/p>\n<p class=\"ecxMsoNormal\"><b>Las int\u00e9rpretes repetir\u00e1n el concierto el pr\u00f3ximo s\u00e1bado en Huixquilucan<\/b><\/p>\n<p class=\"ecxMsoNormal\"><b>Chavela Vargas regres\u00f3 al escenario gracias a la fiel interpretaci\u00f3n de la actriz Ofelia Medina, durante el homenaje realizado en el Centro Cultural Mexiquense<\/b><\/p>\n<p class=\"ecxMsoNormal\"><b>Durante el homenaje realizado en el Centro Cultural Mexiquense, asistieron las otras mujeres de La Macorina: Regina Orozco, Eugenia Le\u00f3n, Tania Libertad y Mar\u00eda Le\u00f3n<\/b><\/p>\n<p class=\"ecxMsoNormal\">Arturo Cruz B\u00e1rcenas<\/p>\n<p class=\"ecxMsoNormal\">La Jornada<\/p>\n<p class=\"ecxMsoNormal\">Texcoco, M\u00e9x.<\/p>\n<p class=\"ecxMsoNormal\">Eugenia Le\u00f3n, Tania Libertad, Regina Orozco, Mar\u00eda Le\u00f3n y Ofelia Medina rindieron homenaje a la que llaman la chamana, el pasado s\u00e1bado, en el Centro Cultural Mexiquense, durante el Festival Vive tu M\u00fasica en Grande, con el concierto Chavela y sus mujeres.<\/p>\n<p class=\"ecxMsoNormal\">Ofelia Medina entr\u00f3 al escenario y ante miles de personas transmut\u00f3 su ser en Chavela. El poder histri\u00f3nico de Ofelia hizo que por momentos se creyera que enfrente del escenario estaba La Macorina, con todo y sus lentes oscuros. \u00a1Ah\u00ed estaba Chavela Vargas!<\/p>\n<p class=\"ecxMsoNormal\">La tambi\u00e9n asociada con Mar\u00eda Tepozteca fue descrita como la creadora de un modo de cantar la m\u00fasica tradicional mexicana, la vern\u00e1cula, arr\u00e1ncandole su esencia brav\u00eda y desgarradora, esa que extrae el dolor m\u00e1s profundo, que no se quiere, pero se desea, que no se desea, pero se quiere. Extrajo de las composiciones de Jos\u00e9 Alfredo el lado oscuro y la resurrecci\u00f3n brillante.<\/p>\n<p class=\"ecxMsoNormal\">Regina Orozo no apareci\u00f3; irrumpi\u00f3. Alta, de dimensiones corp\u00f3reas boterianas, vest\u00eda de negro, con un gran escote que despert\u00f3 los deseos de algunos de los presentes. A su estatura sum\u00f3 un peinado que la hac\u00eda lucir con zancos. Algunos texcocanos comentaban discretos sobre su aspecto; otros gritaban: \u00a1grandotas, aunque me peguen!, y el sentimiento sincero de que ante ella s\u00f3lo se sentir\u00eda verg\u00fcenza. Verdaderos golpes en el coraz\u00f3n, heridas que no cicatrizan, sangraron otra vez con su versi\u00f3n de Cielo rojo. Su falsete es educado y parpadeaba para solaz del p\u00fablico.<\/p>\n<p class=\"ecxMsoNormal\">Como en una carrera de relevos toc\u00f3 su turno a Mar\u00eda Le\u00f3n, vocalista de Playa Limbo, quien hizo su esfuerzo para pasar del pop a lo vern\u00e1culo. Hay que reconocerle su valor para alternar con voces como las de Eugenia Le\u00f3n y Tania Libertad.<\/p>\n<p class=\"ecxMsoNormal\">Arrib\u00f3 Tania, quien se abri\u00f3 paso entre la oscuridad de la noche con cl\u00e1sicas como Gracias a la vida, la eterna creaci\u00f3n de Violeta Parra. Al final de su paso por este mundo, Chavela dec\u00eda que ya no pod\u00eda beber su tequila, que se estaba secando. Pero no hac\u00eda iris. Se renuncia, y ya.<\/p>\n<p class=\"ecxMsoNormal\">Cucurrucuc\u00fa, paloma, provoc\u00f3 aplausos por la emoci\u00f3n. Los gritos a la mexicana, al modo de Pedro Infante en La oveja negra, se sucedieron por todos lados. Las mujeres se dejaron abrazar por sus parejas. Les ayud\u00f3 la pieza de Tom\u00e1s M\u00e9ndez.<\/p>\n<p class=\"ecxMsoNormal\">Tania Libertad se puso rom\u00e1ntica con frases de Joaqu\u00edn Sabina. Para que el p\u00fablico de atr\u00e1s no perdiera detalle se pod\u00eda seguir el concierto en varias pantallas.<\/p>\n<p class=\"ecxMsoNormal\">Dijo que har\u00eda d\u00fao con Eugenia Le\u00f3n, quien fue recibida con alboroto. Se echaron de su ronco y afinado pecho El \u00faltimo trago, josealfredesco y chavelesco.<\/p>\n<p class=\"ecxMsoNormal\">De verdad, abstemios aparte, al o\u00edrlas dan ganas de meterse un alipuz. Como pocas, en Texcoco se escuchaban dos voces de ese tama\u00f1o. Es tierra de gusto grupero. Para que amarrara el sentimiento siguieron con la po\u00e9tica de Cruz de olvido, con la que Chavela hac\u00eda que el alma volviera al cuerpo. La vida es una barca&#8230; \u00bfQui\u00e9n lo dijo? Calder\u00f3n de la mierda.<\/p>\n<p class=\"ecxMsoNormal\">Visiblemente subjetivada, Eugenia Le\u00f3n dijo a los texcocanos que los quer\u00eda mucho. Ella interpret\u00f3 La bruja, con la que subray\u00f3 que andaba en pretenciones de chuparme a usted. Algunas parejas bailaron, otras le hicieron al cuento. Rosino Serrano, director musical, toc\u00f3 el piano y dej\u00f3 entrever V\u00e1monos, de Jos\u00e9 Alfredo, que en pocas palabras refiere cuando ella le dice a \u00e9l que ya no la haga de tos, porque ella ya decidi\u00f3 estar con \u00e9l. La versi\u00f3n de Eugenia Le\u00f3n est\u00e1 ca\u00f1ona.<\/p>\n<p class=\"ecxMsoNormal\">Con Mar\u00eda Le\u00f3n, Eugenia cant\u00f3 poco a poco me voy acercando a ti&#8230;<\/p>\n<p class=\"ecxMsoNormal\">En las pantallas se vio a Chavela, quien habl\u00f3 y subray\u00f3 que era una mujer como todas. La imagen se congel\u00f3 cuando ella junt\u00f3 las manos, como rezando.<\/p>\n<p class=\"ecxMsoNormal\">Todas sus mujeres ocuparon el escenario: Eugenia, Tania, Regina, Mar\u00eda y Ofelia, para cantar al un\u00edsono La llorona, Volver, volver; No soy de aqu\u00ed, ni soy de all\u00e1; Se me olvid\u00f3 otra vez; No volver\u00e9, que Regina llev\u00f3 a un nivel h\u00edper; No me me amenaces, brav\u00eda con Eugenia; \u00c9chame a m\u00ed la culpa, de Ferrus, y, por supuesto, La Macorina&#8230; Ponme la mano aqu\u00ed&#8230;, ponme la mano aqu\u00ed&#8230;, acompa\u00f1adas por el Mariachi Gama Mil. As\u00ed culmin\u00f3 un recuerdo m\u00e1s de Chavela.<\/p>\n<p class=\"ecxMsoNormal\">La Megabizocho, a quien ahora le a\u00f1adieron otro adjetivo: H\u00edper Megabizcocho, coment\u00f3 que ella no tuvo la suerte de conocer personalmente a Chavela, pero s\u00ed admiraba y admira su manera de cantar.<\/p>\n<p class=\"ecxMsoNormal\">En el camerino, al final del concierto, Regina era la reina y un s\u00e9quito la atend\u00eda. Cantar con estas mujeres es una experiencia que el p\u00fablico debe ver, recomend\u00f3.<\/p>\n<p class=\"ecxMsoNormal\">M\u00e1s o menos el mismo repertorio lo repetir\u00e1n las mismas artistas el s\u00e1bado que entra en Huixquilucan.<\/p>\n<\/div>\n<\/div>\n<\/div>\n<\/div>\n<\/div>\n<\/div>\n<\/div>\n<\/div>\n<\/div>\n<\/div>\n<\/div>\n<\/div>\n<\/div>\n<\/div>\n<\/div>\n<\/div>\n<\/div>\n","protected":false},"excerpt":{"rendered":"<p>Reviven a Chavela Vargas en el homenaje rendido por sus mujeres Ofelia Medina, con su poder histri\u00f3nico, hizo aparecer en el escenario a La Macorina Eugenia Le\u00f3n, Tania Libertad, Regina Orozco y Mar\u00eda Le\u00f3n participaron en el acto Las int\u00e9rpretes repetir\u00e1n el concierto el pr\u00f3ximo s\u00e1bado en Huixquilucan Chavela Vargas regres\u00f3 al escenario gracias a [&hellip;]<\/p>\n","protected":false},"author":249,"featured_media":11418,"comment_status":"open","ping_status":"closed","sticky":false,"template":"","format":"standard","meta":{"footnotes":""},"categories":[30,24,21,10,26,22,9],"tags":[],"class_list":["post-11376","post","type-post","status-publish","format-standard","has-post-thumbnail","hentry","category-arte","category-ciudad-de-mexico","category-espectaculos","category-historia","category-mundo","category-musica","category-otros-lugares"],"_links":{"self":[{"href":"https:\/\/eloficiodehistoriar.com.mx\/index.php?rest_route=\/wp\/v2\/posts\/11376","targetHints":{"allow":["GET"]}}],"collection":[{"href":"https:\/\/eloficiodehistoriar.com.mx\/index.php?rest_route=\/wp\/v2\/posts"}],"about":[{"href":"https:\/\/eloficiodehistoriar.com.mx\/index.php?rest_route=\/wp\/v2\/types\/post"}],"author":[{"embeddable":true,"href":"https:\/\/eloficiodehistoriar.com.mx\/index.php?rest_route=\/wp\/v2\/users\/249"}],"replies":[{"embeddable":true,"href":"https:\/\/eloficiodehistoriar.com.mx\/index.php?rest_route=%2Fwp%2Fv2%2Fcomments&post=11376"}],"version-history":[{"count":3,"href":"https:\/\/eloficiodehistoriar.com.mx\/index.php?rest_route=\/wp\/v2\/posts\/11376\/revisions"}],"predecessor-version":[{"id":11419,"href":"https:\/\/eloficiodehistoriar.com.mx\/index.php?rest_route=\/wp\/v2\/posts\/11376\/revisions\/11419"}],"wp:featuredmedia":[{"embeddable":true,"href":"https:\/\/eloficiodehistoriar.com.mx\/index.php?rest_route=\/wp\/v2\/media\/11418"}],"wp:attachment":[{"href":"https:\/\/eloficiodehistoriar.com.mx\/index.php?rest_route=%2Fwp%2Fv2%2Fmedia&parent=11376"}],"wp:term":[{"taxonomy":"category","embeddable":true,"href":"https:\/\/eloficiodehistoriar.com.mx\/index.php?rest_route=%2Fwp%2Fv2%2Fcategories&post=11376"},{"taxonomy":"post_tag","embeddable":true,"href":"https:\/\/eloficiodehistoriar.com.mx\/index.php?rest_route=%2Fwp%2Fv2%2Ftags&post=11376"}],"curies":[{"name":"wp","href":"https:\/\/api.w.org\/{rel}","templated":true}]}}