{"id":11380,"date":"2015-03-30T21:00:38","date_gmt":"2015-03-31T03:00:38","guid":{"rendered":"https:\/\/eloficiodehistoriar.com.mx\/?p=11380"},"modified":"2015-03-30T21:00:38","modified_gmt":"2015-03-31T03:00:38","slug":"cueva-en-israel-pudo-ser-la-morada-de-jesucristo","status":"publish","type":"post","link":"https:\/\/eloficiodehistoriar.com.mx\/?p=11380","title":{"rendered":"Cueva en Israel pudo ser la morada de Jesucristo"},"content":{"rendered":"<p class=\"ecxMsoNormal\" align=\"center\"><b>Cueva en Israel pudo ser la morada de Jesucristo<\/b><\/p>\n<p class=\"ecxMsoNormal\"><b>M\u00c9XICO, D.F<\/b><\/p>\n<p class=\"ecxMsoNormal\"><b>EL UNIVERSAL<\/b><\/p>\n<p class=\"ecxMsoNormal\"><b>Arque\u00f3logos brit\u00e1nicos de la Universidad de Reading aseguran haber hallado una cueva en Nazaret donde supuestamente vivi\u00f3 Jesucristo.<\/b><\/p>\n<p class=\"ecxMsoNormal\"><b>La revista \u201cBiblical Archaeology Review\u201d public\u00f3 que la vivienda, descubierta en 1880 debajo de una iglesia pero explorada hasta 2006, data del siglo I.<\/b><\/p>\n<p class=\"ecxMsoNormal\"><b>El sustento, a\u00fan sin comprobaci\u00f3n cient\u00edfica, yace en que gobernantes del Imperio Bizantino ordenaron la edificaci\u00f3n de la iglesia para proteger el sitio donde, presuntamente, Mar\u00eda y Jos\u00e9 criaron a su hijo, quien a posteriori se convirti\u00f3, de acuerdo con la Biblia, en el l\u00edder espiritual del cristianismo.<\/b><\/p>\n<p class=\"ecxMsoNormal\"><b>En el sitio se identificaron restos de la inscripci\u00f3n \u201cVII De Sanctis Locus\u201d, un texto peregrino del a\u00f1o 670 d.C. que abona a la suposici\u00f3n.<\/b><\/p>\n<p class=\"ecxMsoNormal\"><b>De acuerdo con Ken Dark, director del proyecto, la excavaci\u00f3n revel\u00f3 una \u201ccasa patio\u201d que fue tallada en la roca natural y complementada con muros de piedra construidos.<\/b><\/p>\n<p class=\"ecxMsoNormal\"><b>Muchas de las caracter\u00edsticas originales de la residencia permanecen intactas, incluyendo puertas y ventanas.<\/b><\/p>\n<p class=\"ecxMsoNormal\"><b>En el sitio tambi\u00e9n se identificaron tumbas y una cisterna.<\/b><\/p>\n<p class=\"ecxMsoNormal\"><b>El investigador mantiene distancia respecto a que se trate de la casa de Jesucristo.<\/b><\/p>\n<p class=\"ecxMsoNormal\"><b>\u201cNo hay ninguna raz\u00f3n arqueol\u00f3gica para afirmar esto\u201d, asegura, \u201caunque la identificaci\u00f3n no debe descartarse\u201d, concluye.<\/b><\/p>\n<p class=\"ecxMsoNormal\"><b>El profesor dio a conocer que el sitio fue abandonado en alg\u00fan momento del primer siglo.<\/b><\/p>\n<p class=\"ecxMsoNormal\"><b>Luego de la edificaci\u00f3n de la iglesia, los muros fueron venerados por los cruzados, aquellos hombres acaudalados favorecidos por el Papa cuyo objetivo primordial era dirigir las cruzadas con el af\u00e1n de recuperar Tierra Santa de la ocupaci\u00f3n musulmana.<\/b><\/p>\n<p class=\"ecxMsoNormal\"><b>En el sitio tambi\u00e9n se han hallado objetos casi intactos como lo son ollas de cocina y vasos de piedra caliza.<\/b><\/p>\n","protected":false},"excerpt":{"rendered":"<p>Cueva en Israel pudo ser la morada de Jesucristo M\u00c9XICO, D.F EL UNIVERSAL Arque\u00f3logos brit\u00e1nicos de la Universidad de Reading aseguran haber hallado una cueva en Nazaret donde supuestamente vivi\u00f3 Jesucristo. La revista \u201cBiblical Archaeology Review\u201d public\u00f3 que la vivienda, descubierta en 1880 debajo de una iglesia pero explorada hasta 2006, data del siglo I. [&hellip;]<\/p>\n","protected":false},"author":249,"featured_media":11381,"comment_status":"open","ping_status":"closed","sticky":false,"template":"","format":"standard","meta":{"footnotes":""},"categories":[1],"tags":[],"class_list":["post-11380","post","type-post","status-publish","format-standard","has-post-thumbnail","hentry","category-sin-categoria"],"_links":{"self":[{"href":"https:\/\/eloficiodehistoriar.com.mx\/index.php?rest_route=\/wp\/v2\/posts\/11380","targetHints":{"allow":["GET"]}}],"collection":[{"href":"https:\/\/eloficiodehistoriar.com.mx\/index.php?rest_route=\/wp\/v2\/posts"}],"about":[{"href":"https:\/\/eloficiodehistoriar.com.mx\/index.php?rest_route=\/wp\/v2\/types\/post"}],"author":[{"embeddable":true,"href":"https:\/\/eloficiodehistoriar.com.mx\/index.php?rest_route=\/wp\/v2\/users\/249"}],"replies":[{"embeddable":true,"href":"https:\/\/eloficiodehistoriar.com.mx\/index.php?rest_route=%2Fwp%2Fv2%2Fcomments&post=11380"}],"version-history":[{"count":1,"href":"https:\/\/eloficiodehistoriar.com.mx\/index.php?rest_route=\/wp\/v2\/posts\/11380\/revisions"}],"predecessor-version":[{"id":11382,"href":"https:\/\/eloficiodehistoriar.com.mx\/index.php?rest_route=\/wp\/v2\/posts\/11380\/revisions\/11382"}],"wp:featuredmedia":[{"embeddable":true,"href":"https:\/\/eloficiodehistoriar.com.mx\/index.php?rest_route=\/wp\/v2\/media\/11381"}],"wp:attachment":[{"href":"https:\/\/eloficiodehistoriar.com.mx\/index.php?rest_route=%2Fwp%2Fv2%2Fmedia&parent=11380"}],"wp:term":[{"taxonomy":"category","embeddable":true,"href":"https:\/\/eloficiodehistoriar.com.mx\/index.php?rest_route=%2Fwp%2Fv2%2Fcategories&post=11380"},{"taxonomy":"post_tag","embeddable":true,"href":"https:\/\/eloficiodehistoriar.com.mx\/index.php?rest_route=%2Fwp%2Fv2%2Ftags&post=11380"}],"curies":[{"name":"wp","href":"https:\/\/api.w.org\/{rel}","templated":true}]}}