{"id":11383,"date":"2015-03-30T21:02:49","date_gmt":"2015-03-31T03:02:49","guid":{"rendered":"https:\/\/eloficiodehistoriar.com.mx\/?p=11383"},"modified":"2015-03-30T21:02:49","modified_gmt":"2015-03-31T03:02:49","slug":"isidoro-ocampo-merece-un-sitio-en-la-historia-del-arte-mexicano","status":"publish","type":"post","link":"https:\/\/eloficiodehistoriar.com.mx\/?p=11383","title":{"rendered":"Isidoro Ocampo merece un sitio en la historia del arte mexicano"},"content":{"rendered":"<div class=\"ContentRight WithRightRail FullView\" data-link=\"class{:~tag.contentRightClass(Layout.IsFullView, Layout.ReadingPaneMode)}\">\n<div class=\"ContentRightInner t_mbgc t_qtc t_urtc\">\n<div id=\"inboxControl0fv-ReadMessageContainer\" class=\"v-ReadMessageContainer slideOnResize\" tabindex=\"-1\">\n<div class=\"c-ReadMessage\" data-link=\"class{readMessageClass: ~tag.Show}\">\n<div id=\"ReadMessageScrollableSection\" class=\"rmMessages ClearBoth\" tabindex=\"-1\">\n<div id=\"readMessagePartControl425f\" class=\"c-ReadMessagePart ReadMsgContainer HasLayout ClearBoth HideShadows FullPart NoHistory Read RmIc\" data-link=\"class{:~tag.getHeaderCssClass(IsConversationPart, IsRead, IsDraft, IsTrustedSender, Items.length)}\">\n<div class=\"c-ReadMessagePartBody\" data-link=\"class{getClass:IsBodyExpanded}\">\n<div class=\"readMsgBody\">\n<div id=\"bodyreadMessagePartBodyControl430f\" class=\"ExternalClass MsgBodyContainer\" data-link=\"class{:~tag.cssClasses(PlainText, IsContentFiltered)}\">\n<div dir=\"ltr\">\n<p class=\"ecxMsoNormal\" align=\"center\"><b>Isidoro Ocampo merece un sitio en la historia del arte mexicano<\/b><\/p>\n<p class=\"ecxMsoNormal\">El Munae exhibe una retrospectiva del artista veracruzano, que abarca de 1929 a 1980<\/p>\n<p class=\"ecxMsoNormal\">El pintor, dibujante y grabador, testigo de la posrevoluci\u00f3n, debe ser revalorado, dijo la curadora Laura Gonz\u00e1lez Matute<\/p>\n<p class=\"ecxMsoNormal\">En m\u00e1s de 200 obras se recorren sus facetas, t\u00e9cnicas y temas sociales, que plasm\u00f3 con sensibilidad cr\u00edtica, como la indigencia, el desempleo, la miseria y el desamparo<\/p>\n<p class=\"ecxMsoNormal\">Retrata en toda su obra al mexicano indigente, al de las calles, al desprotegido, al desempleado; incluso plasm\u00f3 personajes de espalda, en clara alusi\u00f3n a c\u00f3mo se ignora el problema evidentemente retratado, explic\u00f3 la experta en entrevista<\/p>\n<p class=\"ecxMsoNormal\">Ana M\u00f3nica Rodr\u00edguez<\/p>\n<p class=\"ecxMsoNormal\">\u00a0La Jornada<\/p>\n<p class=\"ecxMsoNormal\">La sobresaliente obra de Isidoro Ocampo (1910-1983), considerado artista fundamental en la gr\u00e1fica mexicana del siglo XX, puede ser admirada en la exposici\u00f3n retrospectiva que rinde homenaje al veracruzano, la cual abarca su periodo creativo entre 1929 a 1980.<\/p>\n<p class=\"ecxMsoNormal\">La muestra Isidoro Ocampo: artista y testigo del M\u00e9xico posrevolucionario, con la curadur\u00eda de Laura Gonz\u00e1lez Matute, que se exhibe en el Museo Nacional de la Estampa (Munae), consta de m\u00e1s de 200 obras que develan las m\u00faltiples facetas y cr\u00edticas mordaces del pintor en torno a diversas tem\u00e1ticas sociales.<\/p>\n<p class=\"ecxMsoNormal\">El prol\u00edfico artista, quien no ha sido valorado, explic\u00f3 Gonz\u00e1lez Matute, aborda problemas complejos, pero tambi\u00e9n gusta de plasmar el lado divertido de la vida.<\/p>\n<p class=\"ecxMsoNormal\">Isidoro Ocampo, sigui\u00f3 la curadora, es un pintor y dibujante muy importante, a quien es necesario que se revalore para que ocupe un lugar en la historia del arte mexicano, adem\u00e1s de que sean reconocidas todas sus facetas as\u00ed como las m\u00faltiples t\u00e9cnicas a las que recurre en sus creaciones.<\/p>\n<p class=\"ecxMsoNormal\">Procesos definitorios<\/p>\n<p class=\"ecxMsoNormal\">El legado de Isidoro Ocampo advierte su posici\u00f3n cr\u00edtica ante los contradictorios procesos de modernizaci\u00f3n, los cuales definieron el orden ideol\u00f3gico, pol\u00edtico, social y cultural del M\u00e9xico de la posrevoluci\u00f3n. Isidoro Ocampo fue, por tanto, testigo y protagonista comprometido con su tiempo.<\/p>\n<p class=\"ecxMsoNormal\">El n\u00facleo tem\u00e1tico de la muestra recorre t\u00f3picos que aluden a los parias, el desempleo, las situaciones cotidianas de la calle, en el transporte, en las cantinas y a los oficios (alfareros o afiladores), as\u00ed como a met\u00e1foras del dolor de mujeres e ind\u00edgenas, representadas con m\u00e1scaras y minotauros.<\/p>\n<p class=\"ecxMsoNormal\">l artista, de amplia sensibilidad cr\u00edtica, explic\u00f3 Gonz\u00e1lez Matute, retrata en toda su obra al mexicano indigente, al de las calles, al desprotegido, al desempleado; incluso, Ocampo plasm\u00f3 personajes de espalda, en clara alusi\u00f3n a c\u00f3mo se ignora el problema evidentemente retratado.<\/p>\n<p class=\"ecxMsoNormal\">El lado cr\u00edtico es inherente al pintor, quien observa al hombre en soledad, la tragedia del desamparo, la miseria y lo que ha padecido el ind\u00edgena.<\/p>\n<p class=\"ecxMsoNormal\">Otra de sus facetas, continu\u00f3 la curadora, es esa amable de mostrar aquello que sucede en la calle con personajes como el faquir, los payasos y la fiesta del mexicano.<\/p>\n<p class=\"ecxMsoNormal\">Sobre la obra que realiz\u00f3 con el tema de las ciudades, subray\u00f3, es muy actual, porque pese a que la plasm\u00f3 en los a\u00f1os 30 del siglo pasado, nos muestra el tr\u00e1fico, el abigarramiento de gente en la calle, los aguaceros, y personas apretujadas en los camiones, con rostros cansados y agobiados por la vida.<\/p>\n<p class=\"ecxMsoNormal\">Tambi\u00e9n retrat\u00f3 a las mujeres en todas sus facetas: a la que vende tortillas o a la que ofrece tamales, elotes o zapatos viejos. La mujer que plasma no aparece en sugestivas poses ni atractivos atav\u00edos, sino en la desolaci\u00f3n, la tristeza y con el rostro dram\u00e1tico, de total pesadumbre.<\/p>\n<p class=\"ecxMsoNormal\">La muestra, de la Colecci\u00f3n Ernesto Arnoux, incluye grabados, carteles, acuarelas, \u00f3leos y gouaches, los cuales develan el trabajo del pintor sobre el lienzo y el papel. Tambi\u00e9n se incluyeron libretas de apuntes y algunos documentos de \u00e9poca.<\/p>\n<p class=\"ecxMsoNormal\">Isidoro Ocampo realiz\u00f3 estudios de artes pl\u00e1sticas en la Academia de San Carlos, donde asisti\u00f3 a las clases de destacados maestros del grabado y la estampa, como Francisco D\u00edaz de Le\u00f3n, Carlos Alvarado Lang y Emilio Amero, con quienes perfeccion\u00f3 sus t\u00e9cnicas de grabado en madera, metal y litograf\u00eda, en ese orden.<\/p>\n<p class=\"ecxMsoNormal\">Tambi\u00e9n particip\u00f3 en varios de los gremios art\u00edsticos m\u00e1s importantes de M\u00e9xico, como la Liga de Escritores y Artistas Revolucionarios, el Taller de Gr\u00e1fica Popular y la Sociedad Mexicana de Grabadores; tambi\u00e9n fue integrante del Sal\u00f3n de la Pl\u00e1stica Mexicana.<\/p>\n<p class=\"ecxMsoNormal\">La exposici\u00f3n Isidoro Ocampo: artista y testigo del M\u00e9xico posrevolucionario se exhibe en el Museo Nacional de la Estampa, ubicado en avenida Hidalgo.<\/p>\n<\/div>\n<\/div>\n<\/div>\n<\/div>\n<\/div>\n<\/div>\n<\/div>\n<\/div>\n<\/div>\n<div class=\"v-InboxFooterContainer\">\n<div class=\"c-PageFooter Unselectable\">\n<table class=\"uxp_ftr_control t_fbgc\" cellspacing=\"0\" cellpadding=\"0\">\n<tbody>\n<tr>\n<td class=\"uxp_ftr_left t_lnksi\">\n<ul>\n<li><span id=\"uxp_ftr_link_trademark\">\u00a9 2015 Microsoft<\/span><\/li>\n<li><a id=\"uxp_ftr_link_legal\" tabindex=\"60\" href=\"http:\/\/g.live.com\/8seskydrive\/tou\" target=\"_self\">T\u00e9rminos<\/a><\/li>\n<li><a id=\"uxp_ftr_link_privacy\" tabindex=\"60\" href=\"http:\/\/go.microsoft.com\/fwlink\/p\/?LinkId=253457\" target=\"_self\">Privacidad y cookies<\/a><\/li>\n<li data-jsv=\"#559_\"><a id=\"uxp_ftr_link_developers\" tabindex=\"60\" href=\"http:\/\/g.live.com\/8seskydrive\/dev\" target=\"_self\">Desarrolladores<\/a><\/li>\n<li data-jsv=\"\/559_#560_\"><a tabindex=\"60\" href=\"https:\/\/snt150.mail.live.com\/mail\/options.aspx?subsection=12&amp;n=1545342083\" target=\"_self\">Espa\u00f1ol<\/a><\/li>\n<\/ul>\n<\/td>\n<\/tr>\n<\/tbody>\n<\/table>\n<\/div>\n<\/div>\n<\/div>\n<p>&nbsp;<\/p>\n","protected":false},"excerpt":{"rendered":"<p>Isidoro Ocampo merece un sitio en la historia del arte mexicano El Munae exhibe una retrospectiva del artista veracruzano, que abarca de 1929 a 1980 El pintor, dibujante y grabador, testigo de la posrevoluci\u00f3n, debe ser revalorado, dijo la curadora Laura Gonz\u00e1lez Matute En m\u00e1s de 200 obras se recorren sus facetas, t\u00e9cnicas y temas [&hellip;]<\/p>\n","protected":false},"author":249,"featured_media":11384,"comment_status":"open","ping_status":"closed","sticky":false,"template":"","format":"standard","meta":{"footnotes":""},"categories":[26],"tags":[],"class_list":["post-11383","post","type-post","status-publish","format-standard","has-post-thumbnail","hentry","category-mundo"],"_links":{"self":[{"href":"https:\/\/eloficiodehistoriar.com.mx\/index.php?rest_route=\/wp\/v2\/posts\/11383","targetHints":{"allow":["GET"]}}],"collection":[{"href":"https:\/\/eloficiodehistoriar.com.mx\/index.php?rest_route=\/wp\/v2\/posts"}],"about":[{"href":"https:\/\/eloficiodehistoriar.com.mx\/index.php?rest_route=\/wp\/v2\/types\/post"}],"author":[{"embeddable":true,"href":"https:\/\/eloficiodehistoriar.com.mx\/index.php?rest_route=\/wp\/v2\/users\/249"}],"replies":[{"embeddable":true,"href":"https:\/\/eloficiodehistoriar.com.mx\/index.php?rest_route=%2Fwp%2Fv2%2Fcomments&post=11383"}],"version-history":[{"count":1,"href":"https:\/\/eloficiodehistoriar.com.mx\/index.php?rest_route=\/wp\/v2\/posts\/11383\/revisions"}],"predecessor-version":[{"id":11385,"href":"https:\/\/eloficiodehistoriar.com.mx\/index.php?rest_route=\/wp\/v2\/posts\/11383\/revisions\/11385"}],"wp:featuredmedia":[{"embeddable":true,"href":"https:\/\/eloficiodehistoriar.com.mx\/index.php?rest_route=\/wp\/v2\/media\/11384"}],"wp:attachment":[{"href":"https:\/\/eloficiodehistoriar.com.mx\/index.php?rest_route=%2Fwp%2Fv2%2Fmedia&parent=11383"}],"wp:term":[{"taxonomy":"category","embeddable":true,"href":"https:\/\/eloficiodehistoriar.com.mx\/index.php?rest_route=%2Fwp%2Fv2%2Fcategories&post=11383"},{"taxonomy":"post_tag","embeddable":true,"href":"https:\/\/eloficiodehistoriar.com.mx\/index.php?rest_route=%2Fwp%2Fv2%2Ftags&post=11383"}],"curies":[{"name":"wp","href":"https:\/\/api.w.org\/{rel}","templated":true}]}}