{"id":11496,"date":"2015-05-04T23:04:02","date_gmt":"2015-05-05T05:04:02","guid":{"rendered":"https:\/\/eloficiodehistoriar.com.mx\/?p=11496"},"modified":"2015-05-04T23:04:02","modified_gmt":"2015-05-05T05:04:02","slug":"justicia-mayor-novela-historica-que-exalta-la-gran-vitalidad-indigena","status":"publish","type":"post","link":"https:\/\/eloficiodehistoriar.com.mx\/?p=11496","title":{"rendered":"Justicia mayor, novela hist\u00f3rica que exalta la gran vitalidad ind\u00edgena"},"content":{"rendered":"<div class=\"AppContainer\">\n<div id=\"c_base\" class=\"c_base\">\n<div id=\"c_content\" class=\"c_main\">\n<div id=\"pageContent\">\n<div id=\"pageInbox\" class=\"v-Page\">\n<div id=\"inboxControl0f\">\n<div class=\"containsYSizerBar\">\n<div class=\"ContentRight WithRightRail FullView\">\n<div class=\"ContentRightInner t_mbgc t_qtc t_urtc\">\n<div id=\"inboxControl0fv-ReadMessageContainer\" class=\"v-ReadMessageContainer slideOnResize\">\n<div class=\"c-ReadMessage\">\n<div id=\"ReadMessageScrollableSection\" class=\"rmMessages ClearBoth\">\n<div id=\"readMessagePartControl376f\" class=\"c-ReadMessagePart ReadMsgContainer HasLayout ClearBoth HideShadows FullPart NoHistory Read RmIc\">\n<div class=\"c-ReadMessagePartBody\">\n<div class=\"readMsgBody\">\n<div id=\"bodyreadMessagePartBodyControl381f\" class=\"ExternalClass MsgBodyContainer\">\n<div dir=\"ltr\">\n<p class=\"ecxMsoNormal\">Justicia mayor, novela hist\u00f3rica que exalta la gran vitalidad ind\u00edgena<\/p>\n<p class=\"ecxMsoNormal\">Libro de Agust\u00edn Ramos que aborda una rebeli\u00f3n otom\u00ed a finales del siglo XVIII<\/p>\n<p class=\"ecxMsoNormal\">Se adaptan, son flexibles, poseen inteligencia emocional, por eso permanecen; mucha de la resistencia que hay actualmente obedece a una herencia de los tlaxcaltecas y de los aztecas, afirma<\/p>\n<p class=\"ecxMsoNormal\">Reyes Mart\u00ednez Torrijos<\/p>\n<p class=\"ecxMsoNormal\">La Jornada<\/p>\n<p class=\"ecxMsoNormal\">La vitalidad ind\u00edgena actual, luego de la destrucci\u00f3n de lo m\u00e1s grandioso del pueblo precolombino, se explica por su capacidad de ser muy flexibles y una gran inteligencia emocional, dice el narrador Agust\u00edn Ramos, a prop\u00f3sito de su reci\u00e9n publicada novela hist\u00f3rica Justicia mayor.<\/p>\n<p class=\"ecxMsoNormal\">\n<p class=\"ecxMsoNormal\">El libro, editado por Penguin Random House, aborda una rebeli\u00f3n otom\u00ed en las sierras de Tutotepec, a finales de siglo XVIII, en el actual estado de Hidalgo. Este desaf\u00edo a los fundamentos de la dominaci\u00f3n espa\u00f1ola, la religi\u00f3n y las leyes, fue aplacado por el capit\u00e1n Pedro Jos\u00e9 de Leoz, secretario de la C\u00e1mara del Secreto de la Santa Inquisici\u00f3n y alcalde mayor de Tulancingo, conocido como el justicia mayor.<\/p>\n<p class=\"ecxMsoNormal\">\n<p class=\"ecxMsoNormal\">De Leoz es un hombre ambicioso que quiere, como la gran mayor\u00eda de los espa\u00f1oles pobres que vienen a M\u00e9xico, hacer fortuna. Por otro lado est\u00e1n los ind\u00edgenas. Y los que \u00e9l trata son los m\u00e1s desprestigiados por la historia de ese momento (&#8230;) Fray Bernardino de Sahag\u00fan habla de los otom\u00edes, tratados y nombrados como b\u00e1rbaros por los aztecas, menciona Ramos en charla con La Jornada.<\/p>\n<p class=\"ecxMsoNormal\">\n<p class=\"ecxMsoNormal\">Esa etnia se enfrenta con la representaci\u00f3n de un gran poder que ha destruido los \u00eddolos, la religi\u00f3n, los reinos y todo lo grandioso que ten\u00eda el M\u00e9xico precolombino, y demuestra mucha capacidad, si no de civilizarse, s\u00ed de ser muy flexible para entrar a pelear con las reglas de juego del opresor, lo cual tambi\u00e9n demuestra gran inteligencia emocional.<\/p>\n<p class=\"ecxMsoNormal\">\n<p class=\"ecxMsoNormal\">Para el tambi\u00e9n ensayista, la capacidad de inventiva y de adaptarse a las situaciones m\u00e1s duras y extremas explica la gran vitalidad ind\u00edgena.<\/p>\n<p class=\"ecxMsoNormal\">\n<p class=\"ecxMsoNormal\">Resistencia silenciosa o civilizada<\/p>\n<p class=\"ecxMsoNormal\">\n<p class=\"ecxMsoNormal\">El colaborador de La Jornada Semanal menciona que las formas de rebeli\u00f3n de un ind\u00edgena \u201ca veces son el silencio u otras muy civilizadas, como la de los otom\u00edes de retirarse al desierto y cultivar la pobreza, porque ah\u00ed nadie los va a codiciar: ni los aztecas, ni los mayas, ni los michoacanos, ni los narcos, ni el PRI, ni el PAN, ni el PRD.<\/p>\n<p class=\"ecxMsoNormal\">\n<p class=\"ecxMsoNormal\">Foto<\/p>\n<p class=\"ecxMsoNormal\">Agust\u00edn Ramos es ensayista y colaborador de La Jornada SemanalFoto Mar\u00eda Luisa Severiano<\/p>\n<p class=\"ecxMsoNormal\">Opresi\u00f3n e injusticia<\/p>\n<p class=\"ecxMsoNormal\">\n<p class=\"ecxMsoNormal\">El ind\u00edgena se adapta al tiempo, por eso vive, permanece y es vigente. Mucha de la resistencia que hay actualmente obedece no s\u00f3lo a los factores de terror o muerte que estamos viviendo, una reacci\u00f3n nuestra de sentido com\u00fan, sino que tambi\u00e9n obedece a una herencia ind\u00edgena, sin tratar de idealizarla, porque tiene sus asegunes: estamos hablando de los tlaxcaltecas y de los aztecas. Opresi\u00f3n e injusticia hab\u00edan.<\/p>\n<p class=\"ecxMsoNormal\">\n<p class=\"ecxMsoNormal\">Por otro lado, contin\u00faa Ramos: \u201c\u00bfc\u00f3mo es posible que siga habiendo Inquisici\u00f3n, que siga habiendo el dogma: \u2018al rey no se le ataca\u2019? Ahora no lo nombra dios, sino el voto popular, que es tan incierto como dios y a veces tan arbitrario por quien lo maneja. No tengo nada contra el Instituto Nacional Electoral, pero bien bien no me cae\u201d.<\/p>\n<p class=\"ecxMsoNormal\">\n<p class=\"ecxMsoNormal\">El autor dedica su novela a los escritores Fernando del Paso, por su \u201cempe\u00f1o en abundar eruditamente en la historia con formidable capacidad de placer en la letra; a Vicente Le\u00f1ero por ser un gran buscador de la realidad y de c\u00f3mo decirla; a Jorge Aguilar Mora, por lo que ha averiguado de las luchas de cultura, de g\u00e9neros y de visiones en la Revoluci\u00f3n mexicana, y a Jos\u00e9 Agust\u00edn, por ser quien me inici\u00f3 en el placer de la literatura, de la lectura y de la vida.<\/p>\n<p class=\"ecxMsoNormal\">\n<\/div>\n<\/div>\n<\/div>\n<\/div>\n<\/div>\n<\/div>\n<\/div>\n<\/div>\n<\/div>\n<\/div>\n<\/div>\n<\/div>\n<\/div>\n<\/div>\n<\/div>\n<\/div>\n<\/div>\n","protected":false},"excerpt":{"rendered":"<p>Justicia mayor, novela hist\u00f3rica que exalta la gran vitalidad ind\u00edgena Libro de Agust\u00edn Ramos que aborda una rebeli\u00f3n otom\u00ed a finales del siglo XVIII Se adaptan, son flexibles, poseen inteligencia emocional, por eso permanecen; mucha de la resistencia que hay actualmente obedece a una herencia de los tlaxcaltecas y de los aztecas, afirma Reyes Mart\u00ednez [&hellip;]<\/p>\n","protected":false},"author":249,"featured_media":11497,"comment_status":"open","ping_status":"closed","sticky":false,"template":"","format":"standard","meta":{"footnotes":""},"categories":[30,24,10,12,28,9],"tags":[],"class_list":["post-11496","post","type-post","status-publish","format-standard","has-post-thumbnail","hentry","category-arte","category-ciudad-de-mexico","category-historia","category-libros","category-literatura","category-otros-lugares"],"_links":{"self":[{"href":"https:\/\/eloficiodehistoriar.com.mx\/index.php?rest_route=\/wp\/v2\/posts\/11496","targetHints":{"allow":["GET"]}}],"collection":[{"href":"https:\/\/eloficiodehistoriar.com.mx\/index.php?rest_route=\/wp\/v2\/posts"}],"about":[{"href":"https:\/\/eloficiodehistoriar.com.mx\/index.php?rest_route=\/wp\/v2\/types\/post"}],"author":[{"embeddable":true,"href":"https:\/\/eloficiodehistoriar.com.mx\/index.php?rest_route=\/wp\/v2\/users\/249"}],"replies":[{"embeddable":true,"href":"https:\/\/eloficiodehistoriar.com.mx\/index.php?rest_route=%2Fwp%2Fv2%2Fcomments&post=11496"}],"version-history":[{"count":1,"href":"https:\/\/eloficiodehistoriar.com.mx\/index.php?rest_route=\/wp\/v2\/posts\/11496\/revisions"}],"predecessor-version":[{"id":11498,"href":"https:\/\/eloficiodehistoriar.com.mx\/index.php?rest_route=\/wp\/v2\/posts\/11496\/revisions\/11498"}],"wp:featuredmedia":[{"embeddable":true,"href":"https:\/\/eloficiodehistoriar.com.mx\/index.php?rest_route=\/wp\/v2\/media\/11497"}],"wp:attachment":[{"href":"https:\/\/eloficiodehistoriar.com.mx\/index.php?rest_route=%2Fwp%2Fv2%2Fmedia&parent=11496"}],"wp:term":[{"taxonomy":"category","embeddable":true,"href":"https:\/\/eloficiodehistoriar.com.mx\/index.php?rest_route=%2Fwp%2Fv2%2Fcategories&post=11496"},{"taxonomy":"post_tag","embeddable":true,"href":"https:\/\/eloficiodehistoriar.com.mx\/index.php?rest_route=%2Fwp%2Fv2%2Ftags&post=11496"}],"curies":[{"name":"wp","href":"https:\/\/api.w.org\/{rel}","templated":true}]}}