{"id":11528,"date":"2015-05-18T18:48:02","date_gmt":"2015-05-19T00:48:02","guid":{"rendered":"https:\/\/eloficiodehistoriar.com.mx\/?p=11528"},"modified":"2015-05-18T18:48:47","modified_gmt":"2015-05-19T00:48:47","slug":"recorrido-por-la-historia-de-la-catedral-de-mexico","status":"publish","type":"post","link":"https:\/\/eloficiodehistoriar.com.mx\/?p=11528","title":{"rendered":"Recorrido por la Historia de la Catedral de M\u00e9xico"},"content":{"rendered":"<div class=\"AppContainer\">\n<div id=\"c_base\" class=\"c_base\">\n<div id=\"c_content\" class=\"c_main\">\n<div id=\"pageContent\">\n<div id=\"pageInbox\" class=\"v-Page\">\n<div id=\"inboxControl0f\">\n<div class=\"containsYSizerBar\">\n<div class=\"ContentRight WithRightRail FullView\">\n<div class=\"ContentRightInner t_mbgc t_qtc t_urtc\">\n<div id=\"inboxControl0fv-ReadMessageContainer\" class=\"v-ReadMessageContainer slideOnResize\">\n<div class=\"c-ReadMessage\">\n<div id=\"ReadMessageScrollableSection\" class=\"rmMessages ClearBoth\">\n<div id=\"readMessagePartControl408f\" class=\"c-ReadMessagePart ReadMsgContainer HasLayout ClearBoth HideShadows FullPart NoHistory Read RmIc\">\n<div class=\"c-ReadMessagePartBody\">\n<div class=\"readMsgBody\">\n<div id=\"bodyreadMessagePartBodyControl413f\" class=\"ExternalClass MsgBodyContainer\">\n<div dir=\"ltr\">\n<p class=\"ecxMsoNormal\">Recorrido por la historia de la Catedral de M\u00e9xico<\/p>\n<p class=\"ecxMsoNormal\">M\u00f3nica Mateos-Vega<\/p>\n<p class=\"ecxMsoNormal\">\u00a0La Jornada<\/p>\n<p class=\"ecxMsoNormal\">El libro La Catedral de M\u00e9xico, publicado por la Fundaci\u00f3n BBVA Bancomer, es el trabajo m\u00e1s completo y actualizado desde 1948 sobre tan importante edificio de la capital del pa\u00eds.<\/p>\n<p class=\"ecxMsoNormal\">Se trata de un recorrido por la historia de la construcci\u00f3n del templo, as\u00ed como por las diversas intervenciones y restauraciones efectuadas desde el siglo XIX hasta nuestros d\u00edas, de la mano de 25 expertos, entre ellos Xavier Cort\u00e9s Rocha, Eduardo Matos Moctezuma y Martha Fern\u00e1ndez, quien durante la presentaci\u00f3n del ejemplar, la noche del mi\u00e9rcoles lo calific\u00f3 de excepcional.<\/p>\n<p class=\"ecxMsoNormal\">Ese acto se realiz\u00f3 en el recinto religioso con la presencia del cardenal Norberto Rivera Carrera, quien record\u00f3 que el libro llevaba cocin\u00e1ndose muchos a\u00f1os.<\/p>\n<p class=\"ecxMsoNormal\">Durante ese tiempo, por desgracia fallecieron los arquitectos Agust\u00edn Salgado, Luis Ortiz Macedo, Carlos Flores Marini y el historiador Guillermo Tovar de Teresa, con quienes iniciamos esta aventura, apunt\u00f3 Fern\u00e1ndez.<\/p>\n<p class=\"ecxMsoNormal\">Milagro de la ingenier\u00eda nacional<\/p>\n<p class=\"ecxMsoNormal\">El presidente del Consejo Nacional para la Cultura y las Artes, Rafael Tovar, comparti\u00f3 una an\u00e9cdota de su infancia en la que, dijo, naci\u00f3 en su hermano Guillermo la pasi\u00f3n por el arte virreinal.<\/p>\n<p class=\"ecxMsoNormal\">\u201cDe ni\u00f1os nos tra\u00edan a visitar la Catedral. Una ma\u00f1ana, en un noticiario en la radio se anunci\u00f3 que hab\u00eda sufrido un incendio. Era 1967. Guillermo, quien ten\u00eda 10 a\u00f1os, se escandaliz\u00f3, y cuando escuch\u00f3 que hab\u00edan sido afectados el Altar del Perd\u00f3n, los \u00f3rganos y varios de los sitiales del coro, se qued\u00f3 muy emocionado. Ese mismo d\u00eda nos trajo mi padre y pudimos ver de lejos los destrozos.<\/p>\n<p class=\"ecxMsoNormal\">Foto<\/p>\n<p class=\"ecxMsoNormal\">Portada del libro La Catedral de M\u00e9xico, publicado por la Fundaci\u00f3n BBVA Bancomer, el cual fue presentado la noche del mi\u00e9rcoles en el hist\u00f3rico edificio, con cuya construcci\u00f3n surgi\u00f3 una nueva cultura de la que somos herederos, explic\u00f3 la historiadora Martha Fern\u00e1ndez<\/p>\n<p class=\"ecxMsoNormal\">\u201cEstoy seguro que eso defini\u00f3 en Guillermo su vocaci\u00f3n como historiador del arte virreinal y gran erudito de la Catedral Metropolitana. Uno de los regalos que recibi\u00f3 al a\u00f1o siguiente fue La Catedral Metropolitana, libro de Manuel Toussaint. Cuarenta y siete a\u00f1os despu\u00e9s acudo a la presentaci\u00f3n del que, estoy seguro, ser\u00e1 el libro para los lectores de los pr\u00f3ximos 50 a\u00f1os, como fue el de Toussaint, que en los a\u00f1os 60 era la obra cumbre para el an\u00e1lisis y conocimiento de este recinto.\u201d<\/p>\n<p class=\"ecxMsoNormal\">La historiadora Martha Fern\u00e1ndez explic\u00f3 que Vicente Quirarte abre el libro La Catedral de M\u00e9xico con un pr\u00f3logo \u201cen el que nos habla del templo como protagonista de pinturas, litograf\u00edas y cine entre los siglos XIX y XXI; Ren\u00e9 Avil\u00e9s Fabila cierra con una s\u00edntesis literaria de su contenido y narra la forma violenta con la que se sustituyen los templos de Tenochtitl\u00e1n por esta magn\u00edfica catedral.<\/p>\n<p class=\"ecxMsoNormal\">Ese texto nos lleva a leer el cap\u00edtulo de Matos Moctezuma sobre la gran Tenochtitl\u00e1n y los vestigios prehisp\u00e1nicos que se encuentran debajo de la Catedral, as\u00ed como los rescates arqueol\u00f3gicos de las \u00e9pocas prehisp\u00e1nica y virreinal que se han efectuado, testimonios de que no todo se perdi\u00f3, pues al final surgi\u00f3 una nueva cultura de la que somos herederos y su historia comienza, precisamente, cuando se edific\u00f3 la primitiva catedral de M\u00e9xico.<\/p>\n<p class=\"ecxMsoNormal\">Con fotograf\u00edas de Javier Hinojosa, m\u00e1s de 500 p\u00e1ginas relatan la intervenci\u00f3n arquitect\u00f3nica m\u00e1s cr\u00edtica: la cimentaci\u00f3n del edificio para nivelarlo y evitar el hundimiento diferencial, considerado un milagro de la ingenier\u00eda mexicana, reconocido en el mundo.<\/p>\n<\/div>\n<\/div>\n<\/div>\n<\/div>\n<\/div>\n<\/div>\n<\/div>\n<\/div>\n<\/div>\n<\/div>\n<\/div>\n<\/div>\n<\/div>\n<\/div>\n<\/div>\n<\/div>\n<\/div>\n","protected":false},"excerpt":{"rendered":"<p>Recorrido por la historia de la Catedral de M\u00e9xico M\u00f3nica Mateos-Vega \u00a0La Jornada El libro La Catedral de M\u00e9xico, publicado por la Fundaci\u00f3n BBVA Bancomer, es el trabajo m\u00e1s completo y actualizado desde 1948 sobre tan importante edificio de la capital del pa\u00eds. Se trata de un recorrido por la historia de la construcci\u00f3n del [&hellip;]<\/p>\n","protected":false},"author":249,"featured_media":11529,"comment_status":"open","ping_status":"closed","sticky":false,"template":"","format":"standard","meta":{"footnotes":""},"categories":[30,24,11,10,27],"tags":[],"class_list":["post-11528","post","type-post","status-publish","format-standard","has-post-thumbnail","hentry","category-arte","category-ciudad-de-mexico","category-fotografia","category-historia","category-latinoamerica"],"_links":{"self":[{"href":"https:\/\/eloficiodehistoriar.com.mx\/index.php?rest_route=\/wp\/v2\/posts\/11528","targetHints":{"allow":["GET"]}}],"collection":[{"href":"https:\/\/eloficiodehistoriar.com.mx\/index.php?rest_route=\/wp\/v2\/posts"}],"about":[{"href":"https:\/\/eloficiodehistoriar.com.mx\/index.php?rest_route=\/wp\/v2\/types\/post"}],"author":[{"embeddable":true,"href":"https:\/\/eloficiodehistoriar.com.mx\/index.php?rest_route=\/wp\/v2\/users\/249"}],"replies":[{"embeddable":true,"href":"https:\/\/eloficiodehistoriar.com.mx\/index.php?rest_route=%2Fwp%2Fv2%2Fcomments&post=11528"}],"version-history":[{"count":2,"href":"https:\/\/eloficiodehistoriar.com.mx\/index.php?rest_route=\/wp\/v2\/posts\/11528\/revisions"}],"predecessor-version":[{"id":11531,"href":"https:\/\/eloficiodehistoriar.com.mx\/index.php?rest_route=\/wp\/v2\/posts\/11528\/revisions\/11531"}],"wp:featuredmedia":[{"embeddable":true,"href":"https:\/\/eloficiodehistoriar.com.mx\/index.php?rest_route=\/wp\/v2\/media\/11529"}],"wp:attachment":[{"href":"https:\/\/eloficiodehistoriar.com.mx\/index.php?rest_route=%2Fwp%2Fv2%2Fmedia&parent=11528"}],"wp:term":[{"taxonomy":"category","embeddable":true,"href":"https:\/\/eloficiodehistoriar.com.mx\/index.php?rest_route=%2Fwp%2Fv2%2Fcategories&post=11528"},{"taxonomy":"post_tag","embeddable":true,"href":"https:\/\/eloficiodehistoriar.com.mx\/index.php?rest_route=%2Fwp%2Fv2%2Ftags&post=11528"}],"curies":[{"name":"wp","href":"https:\/\/api.w.org\/{rel}","templated":true}]}}