{"id":11532,"date":"2015-05-18T18:52:09","date_gmt":"2015-05-19T00:52:09","guid":{"rendered":"https:\/\/eloficiodehistoriar.com.mx\/?p=11532"},"modified":"2015-05-18T18:52:09","modified_gmt":"2015-05-19T00:52:09","slug":"el-decir-de-las-piedras","status":"publish","type":"post","link":"https:\/\/eloficiodehistoriar.com.mx\/?p=11532","title":{"rendered":"El Decir De Las Piedras"},"content":{"rendered":"<div class=\"AppContainer\">\n<div id=\"c_base\" class=\"c_base\">\n<div id=\"c_content\" class=\"c_main\">\n<div id=\"pageContent\">\n<div id=\"pageInbox\" class=\"v-Page\">\n<div id=\"inboxControl0f\">\n<div class=\"containsYSizerBar\">\n<div class=\"ContentRight WithRightRail FullView\">\n<div class=\"ContentRightInner t_mbgc t_qtc t_urtc\">\n<div id=\"inboxControl0fv-ReadMessageContainer\" class=\"v-ReadMessageContainer slideOnResize\">\n<div class=\"c-ReadMessage\">\n<div id=\"ReadMessageScrollableSection\" class=\"rmMessages ClearBoth\">\n<div id=\"readMessagePartControl415f\" class=\"c-ReadMessagePart ReadMsgContainer HasLayout ClearBoth HideShadows FullPart NoHistory Read RmIc\">\n<div class=\"c-ReadMessagePartBody\">\n<div class=\"readMsgBody\">\n<div id=\"bodyreadMessagePartBodyControl420f\" class=\"ExternalClass MsgBodyContainer\">\n<div dir=\"ltr\">\n<p class=\"ecxMsoNormal\">El Decir De Las Piedras<\/p>\n<p class=\"ecxMsoNormal\">La Jornada<\/p>\n<p class=\"ecxMsoNormal\">En una ceremonia en el Museo Nacional de Antropolog\u00eda e Historia, el arque\u00f3logo Eduardo Matos Moctezuma, iniciador del Proyecto Templo Mayor, ingres\u00f3 formalmente a la Academia Mexicana de la Lengua con el discurso \u201cEl decir de las piedras\u201d, en el cual habl\u00f3 de tres monumentales esculturas de la civilizaci\u00f3n mexica: el Calendario Azteca o Piedra del Sol, la Coyolxauhqui y Tlaltecuhtli.<\/p>\n<p class=\"ecxMsoNormal\">\n<p class=\"ecxMsoNormal\">Nacido en la Ciudad de M\u00e9xico el 11 de diciembre de 1940, el investigador del INAH, maestro en Ciencias Antropol\u00f3gicas con especialidad en Arqueolog\u00eda por parte de la Escuela Nacional de Antropolog\u00eda e Historia (ENAH) y la UNAM, fue elegido como miembro de la Academia en la sesi\u00f3n plenaria del jueves 26 de junio pasado.<\/p>\n<p class=\"ecxMsoNormal\">\n<p class=\"ecxMsoNormal\">Fue propuesto por los acad\u00e9micos Miguel Le\u00f3n-Portilla, quien respondi\u00f3 esta noche su discurso, Concepci\u00f3n Company y Fernando Serrano Migall\u00f3n. Es desde ahora el sexto ocupante de la silla XV ocupada anteriormente por Jos\u00e9 Mar\u00eda Vigil, Balbino D\u00e1valos, Agust\u00edn Arag\u00f3n, Daniel Huacuja y Jos\u00e9 G. Moreno de Alba, quien falleci\u00f3 el 2 de agosto de 2013.<\/p>\n<p class=\"ecxMsoNormal\">\n<p class=\"ecxMsoNormal\">Cuando anunci\u00f3 la elecci\u00f3n, por unanimidad, de Matos Moctezuma la Academia Mexicana de la Lengua (AML), se afirm\u00f3 en un comunicado que esta instituci\u00f3n \u201cse enriquece con un miembro cuya labor se puede comparar al de la filolog\u00eda en cuanto al desciframiento de una cultura a trav\u00e9s del lenguaje, en este caso, de la arqueolog\u00eda\u201d.<\/p>\n<p class=\"ecxMsoNormal\">\n<p class=\"ecxMsoNormal\">Tras recordar que Matos Moctezuma es tambi\u00e9n miembro honorario del Archeological Institute of America, destac\u00f3 la Academia:<\/p>\n<p class=\"ecxMsoNormal\">\n<p class=\"ecxMsoNormal\">\u201cHa datado los inicios de la arqueolog\u00eda mexicana hacia 1790, con los hallazgos de la Coatlicue y la Piedra del Sol. Una de sus aportaciones m\u00e1s significativas se enmarcan en la coordinaci\u00f3n en 1978 del Proyecto Templo Mayor, cuando se emprendieron las tareas de excavaci\u00f3n arqueol\u00f3gica de este recinto sagrado de la antigua Tenochtitlan, mismo que contin\u00faa vigente, adem\u00e1s de su trabajo en Comalcalco, Tepeapulco, Bonampak, Cholula, Coacalco y Tlatelolco y coordin\u00f3 los proyectos Tula y Teotihuacan.\u201d<\/p>\n<p class=\"ecxMsoNormal\">\n<p class=\"ecxMsoNormal\">Si bien cabe recordar que su labor en Teotihuacan fue duramente cuestionada a mediados de los noventa del siglo pasado, pues durante ese lapso se construy\u00f3 la plaza comercial Jaguares, lo que ocasion\u00f3 que tanto la directora del INAH, Mar\u00eda Teresa Franco, como Matos Moctezuma, fuerandenunciados ante la Comisi\u00f3n de Cultura de la C\u00e1mara de Diputados.<\/p>\n<p class=\"ecxMsoNormal\">\n<p class=\"ecxMsoNormal\">Respecto del tema elegido por el arque\u00f3logo para su discurso de ingreso, se debe mencionar que \u00e9ste ya fue abordado en el libro Escultura monumental mexica,escrito junto con su colega Leonardo L\u00f3pez Luj\u00e1n y publicado por el Fondo de Cultura Econ\u00f3mica, tambi\u00e9n responsable del Proyecto Templo Mayor.<\/p>\n<p class=\"ecxMsoNormal\">\n<p class=\"ecxMsoNormal\">Los monumentales monolitos hallados en las excavaciones del Templo Mayor son para ambos especialistas \u201cobras del mismo pueblo, el mexica. Todos pertenecen a la producci\u00f3n escult\u00f3rica mayor del llamado periodo imperial, es decir, son piezas de grandes dimensiones que fueron talladas en rocas volc\u00e1nicas dentro de un lapso que no supera los cincuenta a\u00f1os entre la m\u00e1s temprana y la m\u00e1s tard\u00eda. Todos, adem\u00e1s, fueron descubiertos en lo que fue el coraz\u00f3n de la antigua Tenochtitlan, ya en el interior de su recinto ceremonial, ya en la plaza del mercado principal, hoy ocupada por el Z\u00f3calo de la Ciudad de M\u00e9xico\u201d.<\/p>\n<p class=\"ecxMsoNormal\">\n<p class=\"ecxMsoNormal\">En la ceremonia estuvieron presentes el poeta Jaime Labastida, presidente de la Academia Mexicana de la Lengua, y el escritor Gonzalo Celorio, integrante de la misma.<\/p>\n<\/div>\n<\/div>\n<\/div>\n<\/div>\n<\/div>\n<\/div>\n<\/div>\n<\/div>\n<\/div>\n<\/div>\n<\/div>\n<\/div>\n<\/div>\n<\/div>\n<\/div>\n<\/div>\n<\/div>\n","protected":false},"excerpt":{"rendered":"<p>El Decir De Las Piedras La Jornada En una ceremonia en el Museo Nacional de Antropolog\u00eda e Historia, el arque\u00f3logo Eduardo Matos Moctezuma, iniciador del Proyecto Templo Mayor, ingres\u00f3 formalmente a la Academia Mexicana de la Lengua con el discurso \u201cEl decir de las piedras\u201d, en el cual habl\u00f3 de tres monumentales esculturas de la [&hellip;]<\/p>\n","protected":false},"author":249,"featured_media":11533,"comment_status":"open","ping_status":"closed","sticky":false,"template":"","format":"standard","meta":{"footnotes":""},"categories":[24,10],"tags":[],"class_list":["post-11532","post","type-post","status-publish","format-standard","has-post-thumbnail","hentry","category-ciudad-de-mexico","category-historia"],"_links":{"self":[{"href":"https:\/\/eloficiodehistoriar.com.mx\/index.php?rest_route=\/wp\/v2\/posts\/11532","targetHints":{"allow":["GET"]}}],"collection":[{"href":"https:\/\/eloficiodehistoriar.com.mx\/index.php?rest_route=\/wp\/v2\/posts"}],"about":[{"href":"https:\/\/eloficiodehistoriar.com.mx\/index.php?rest_route=\/wp\/v2\/types\/post"}],"author":[{"embeddable":true,"href":"https:\/\/eloficiodehistoriar.com.mx\/index.php?rest_route=\/wp\/v2\/users\/249"}],"replies":[{"embeddable":true,"href":"https:\/\/eloficiodehistoriar.com.mx\/index.php?rest_route=%2Fwp%2Fv2%2Fcomments&post=11532"}],"version-history":[{"count":1,"href":"https:\/\/eloficiodehistoriar.com.mx\/index.php?rest_route=\/wp\/v2\/posts\/11532\/revisions"}],"predecessor-version":[{"id":11534,"href":"https:\/\/eloficiodehistoriar.com.mx\/index.php?rest_route=\/wp\/v2\/posts\/11532\/revisions\/11534"}],"wp:featuredmedia":[{"embeddable":true,"href":"https:\/\/eloficiodehistoriar.com.mx\/index.php?rest_route=\/wp\/v2\/media\/11533"}],"wp:attachment":[{"href":"https:\/\/eloficiodehistoriar.com.mx\/index.php?rest_route=%2Fwp%2Fv2%2Fmedia&parent=11532"}],"wp:term":[{"taxonomy":"category","embeddable":true,"href":"https:\/\/eloficiodehistoriar.com.mx\/index.php?rest_route=%2Fwp%2Fv2%2Fcategories&post=11532"},{"taxonomy":"post_tag","embeddable":true,"href":"https:\/\/eloficiodehistoriar.com.mx\/index.php?rest_route=%2Fwp%2Fv2%2Ftags&post=11532"}],"curies":[{"name":"wp","href":"https:\/\/api.w.org\/{rel}","templated":true}]}}