{"id":11548,"date":"2015-05-31T11:03:17","date_gmt":"2015-05-31T17:03:17","guid":{"rendered":"https:\/\/eloficiodehistoriar.com.mx\/?p=11548"},"modified":"2015-05-31T11:03:17","modified_gmt":"2015-05-31T17:03:17","slug":"murio-el-organista-felipe-ramirez-ramirez","status":"publish","type":"post","link":"https:\/\/eloficiodehistoriar.com.mx\/?p=11548","title":{"rendered":"Muri\u00f3 el organista Felipe Ram\u00edrez Ram\u00edrez."},"content":{"rendered":"<p class=\"ecxMsoNormal\"><strong>Muri\u00f3 el organista Felipe Ram\u00edrez Ram\u00edrez.<\/strong><\/p>\n<p class=\"ecxMsoNormal\">Busqu\u00e9 en las p\u00e1ginas culturales de los diarios de la ciudad alguna nota sobre el reciente fallecimiento del notable organista mexicano Felipe Ram\u00edrez Ram\u00edrez.<\/p>\n<p class=\"ecxMsoNormal\">No encontr\u00e9 nada.<\/p>\n<p class=\"ecxMsoNormal\">Se ve que la m\u00fasica de \u00f3rgano ya no entusiasma a los j\u00f3venes cronistas musicales.<\/p>\n<p class=\"ecxMsoNormal\">Tal vez se trate de un descuido o se deba, en buena medida, al constante deseo de pasar inadvertido que rigi\u00f3 la vida y la actividad de nuestro organista m\u00e1s original, erudito, talentoso y agobiado por los problemas, las soledades, las violencias y las tristezas que la vida tiene a bien obsequiarnos casi cotidianamente.<\/p>\n<p class=\"ecxMsoNormal\">A veces nos le escapamos y le ganamos un minuto a la tristeza, pero Felipe, a \u00faltimas fechas, ya no encontraba esas escapatorias.<\/p>\n<p class=\"ecxMsoNormal\">Un asalto en un taxi de esta enfurecida y monstruosa capital, lo hundi\u00f3 en el p\u00e1nico y en la perplejidad.<\/p>\n<p class=\"ecxMsoNormal\">Se encerr\u00f3 en su casa, descolg\u00f3 el tel\u00e9fono y acab\u00f3 por irse a un asilo donde acrecent\u00f3 su miedo, hasta el extremo de no querer salir a la calle.<\/p>\n<p class=\"ecxMsoNormal\">Solo Alberto y Amparo Torres (Alberto es nieto de don Jacinto Torres, constructor de \u00f3rganos en distintas zonas del centro del pa\u00eds) lo acompa\u00f1aron en sus \u00faltimos a\u00f1os.<\/p>\n<p class=\"ecxMsoNormal\">Quer\u00e9taro quer\u00eda homenajearlo, pero ya no pudo dejar su escondite.<\/p>\n<p class=\"ecxMsoNormal\">Ah\u00ed muri\u00f3 hace tres d\u00edas y las p\u00e1ginas culturales de los diarios guardaron silencio. Est\u00e1 bien as\u00ed. Eso es lo que Felipe quer\u00eda.<\/p>\n<p class=\"ecxMsoNormal\">Se cerraron los dos enormes instrumentos de la Catedral Metropolitana y Felipe ya no pudo reabrirlos.<\/p>\n<p class=\"ecxMsoNormal\">El pr\u00f3ximo r\u00e9quiem, sea para quien sea, ser\u00e1 para Felipe.<\/p>\n<p class=\"ecxMsoNormal\">Para informar a los lectores y especialmente a los queretanos que son tan olvidadizos, transcribo un testimonio de Salvador Novo sobre nuestro organista mayor.<\/p>\n<p class=\"ecxMsoNormal\">En 1966, siendo este bazarista rector de la Universidad Aut\u00f3noma de Quer\u00e9taro, celebramos el Festival Nacional de las Artes e invitamos a Novo, Pellicer, Monsiv\u00e1is y Becerra para que dieran conferencias y recitales.<\/p>\n<p class=\"ecxMsoNormal\">Todos aceptaron y el festival tuvo un \u00e9xito clamoroso.<\/p>\n<p class=\"ecxMsoNormal\">A los cuatro les entusiasm\u00f3 el proyecto universitario tan avanzado en materia de derechos humanos y de libertad acad\u00e9mica que unos meses m\u00e1s tarde fue liquidado por feroces neocristeros que, al grito de \u201c\u00a1viva Cristo Rey\u201d, y \u201cabajo los comunistas!\u201d, nos asaltaron, apedrearon y quemaron biblioteca y laboratorios.<\/p>\n<p class=\"ecxMsoNormal\">En fin, esa es arena de otro costal, como el Patel\u00edn, regresemos a nuestros borregos. As\u00ed dice en su rese\u00f1a el maestro Novo: <i>\u201cEl siguiente n\u00famero del festival esa misma noche iba a ser un concierto de \u00f3rgano en el templo de San Agust\u00edn que yo hab\u00eda visitado por la tarde. El rector se ofreci\u00f3 a recogerme en el hotel a las 8:45 y as\u00ed fue en efecto, pero la iglesia estaba llena cuando llegamos. El \u00f3rgano no empez\u00f3 a infundir su magia sino hasta las 9:30.<\/i><\/p>\n<p class=\"ecxMsoNormal\">Lo tocaba all\u00e1 arriba Felipe Ram\u00edrez r., nacido en Quer\u00e9taro el 26 de mayo de 1939 \u2013\u00a1b\u00e1rbaro, tan joven as\u00ed\u2013. A los 7 a\u00f1os empez\u00f3 a estudiar piano. El muy ilustre can\u00f3nigo Lic. Cirilo Conejo Rold\u00e1n lo inici\u00f3 en el \u00f3rgano, coral, armon\u00eda y contrapunto.<\/p>\n<p class=\"ecxMsoNormal\">En 1956 se gradu\u00f3 de organista en la Escuela de M\u00fasica Sacra de esta ciudad y fue nombrado organista titular de la Catedral.<\/p>\n<p class=\"ecxMsoNormal\">De ah\u00ed, becado, fue a Ratisbona por cinco a\u00f1os y anduvo de gira por G\u00e9nova, Tur\u00edn, Pisa, Venecia y Bolonia.<\/p>\n<p class=\"ecxMsoNormal\">En 1963 se gradu\u00f3 en canto gregoriano; ha tocado el \u00f3rgano con distinci\u00f3n en Holanda, Alemania, Inglaterra y Francia, estren\u00f3 el \u00f3rgano de Grafenwoehr y ha actuado para la televisi\u00f3n italiana, B\u00e1bara y Alemana.<\/p>\n<p class=\"ecxMsoNormal\">\u201dTal es, en s\u00edntesis, lo que de este distinguido director de la Escuela de M\u00fasica de la Universidad Aut\u00f3noma de Quer\u00e9taro le\u00edamos en el programa mientras escuch\u00e1bamos al muy selecto encargado a los fuelles de un \u00f3rgano local no tan bueno.<\/p>\n<p class=\"ecxMsoNormal\">Lo que ten\u00eda de interesante y de novedoso era que de este Paul Hindemith del que los concurrentes conocen lo que les ha tocado Herrera de la Fuente, Felipe Ram\u00edrez tocara una sonata, despu\u00e9s del J. Bach inicial y antes de la lucida \u2018improvisaci\u00f3n\u2019 cuyo tema dio, a solicitud del organista, el sabio rector; y que luego tocara otras dos obras de m\u00fasicos nacidos este siglo: Olivier Messiaen (1908) y Karl Holler (1907).\u201d<\/p>\n<p class=\"ecxMsoNormal\">As\u00ed descubri\u00f3 Novo a Felipe Ram\u00edrez en 1967. Ya les hablar\u00e9 en la segunda parte de esta columna sobre las muchas peripecias que acompa\u00f1aron la vida de este gran m\u00fasico.<\/p>\n<p class=\"ecxMsoNormal\">Por lo pronto me callo y que hablen las notas de uno de los r\u00e9quiems escritos por el padre Conejo, maestro y mentor de Maese Felipe.<\/p>\n<p class=\"ecxMsoNormal\">Que hable la m\u00fasica, grave, profunda, melanc\u00f3lica y alegre de uno de los \u00f3rganos de la Catedral Metropolitana.<\/p>\n<p class=\"ecxMsoNormal\">Tal vez no sea necesario un int\u00e9rprete, pues los \u00f3rganos de la catedral se saben de memoria muchas de las obras que Felipe, organista titular durante varios a\u00f1os, interpretaba en las noches, apenas acababa el oficio de tinieblas.<\/p>\n<p class=\"ecxMsoNormal\">\n<p class=\"ecxMsoNormal\">jornadasem@jornada.com.mx<\/p>\n<p class=\"ecxMsoNormal\">\n","protected":false},"excerpt":{"rendered":"<p>Muri\u00f3 el organista Felipe Ram\u00edrez Ram\u00edrez. Busqu\u00e9 en las p\u00e1ginas culturales de los diarios de la ciudad alguna nota sobre el reciente fallecimiento del notable organista mexicano Felipe Ram\u00edrez Ram\u00edrez. No encontr\u00e9 nada. Se ve que la m\u00fasica de \u00f3rgano ya no entusiasma a los j\u00f3venes cronistas musicales. Tal vez se trate de un descuido [&hellip;]<\/p>\n","protected":false},"author":249,"featured_media":11549,"comment_status":"open","ping_status":"closed","sticky":false,"template":"","format":"standard","meta":{"footnotes":""},"categories":[1],"tags":[],"class_list":["post-11548","post","type-post","status-publish","format-standard","has-post-thumbnail","hentry","category-sin-categoria"],"_links":{"self":[{"href":"https:\/\/eloficiodehistoriar.com.mx\/index.php?rest_route=\/wp\/v2\/posts\/11548","targetHints":{"allow":["GET"]}}],"collection":[{"href":"https:\/\/eloficiodehistoriar.com.mx\/index.php?rest_route=\/wp\/v2\/posts"}],"about":[{"href":"https:\/\/eloficiodehistoriar.com.mx\/index.php?rest_route=\/wp\/v2\/types\/post"}],"author":[{"embeddable":true,"href":"https:\/\/eloficiodehistoriar.com.mx\/index.php?rest_route=\/wp\/v2\/users\/249"}],"replies":[{"embeddable":true,"href":"https:\/\/eloficiodehistoriar.com.mx\/index.php?rest_route=%2Fwp%2Fv2%2Fcomments&post=11548"}],"version-history":[{"count":1,"href":"https:\/\/eloficiodehistoriar.com.mx\/index.php?rest_route=\/wp\/v2\/posts\/11548\/revisions"}],"predecessor-version":[{"id":11550,"href":"https:\/\/eloficiodehistoriar.com.mx\/index.php?rest_route=\/wp\/v2\/posts\/11548\/revisions\/11550"}],"wp:featuredmedia":[{"embeddable":true,"href":"https:\/\/eloficiodehistoriar.com.mx\/index.php?rest_route=\/wp\/v2\/media\/11549"}],"wp:attachment":[{"href":"https:\/\/eloficiodehistoriar.com.mx\/index.php?rest_route=%2Fwp%2Fv2%2Fmedia&parent=11548"}],"wp:term":[{"taxonomy":"category","embeddable":true,"href":"https:\/\/eloficiodehistoriar.com.mx\/index.php?rest_route=%2Fwp%2Fv2%2Fcategories&post=11548"},{"taxonomy":"post_tag","embeddable":true,"href":"https:\/\/eloficiodehistoriar.com.mx\/index.php?rest_route=%2Fwp%2Fv2%2Ftags&post=11548"}],"curies":[{"name":"wp","href":"https:\/\/api.w.org\/{rel}","templated":true}]}}