{"id":11560,"date":"2015-05-31T23:06:43","date_gmt":"2015-06-01T05:06:43","guid":{"rendered":"https:\/\/eloficiodehistoriar.com.mx\/?p=11560"},"modified":"2015-05-31T23:06:43","modified_gmt":"2015-06-01T05:06:43","slug":"del-infierno-al-cielo-750-aniversario-de-dante-alighieri","status":"publish","type":"post","link":"https:\/\/eloficiodehistoriar.com.mx\/?p=11560","title":{"rendered":"Del infierno al cielo: 750 aniversario de Dante Alighieri"},"content":{"rendered":"<h1 class=\"la-jornada-nitf-title\">Del infierno al cielo: 750 aniversario de Dante Alighieri<\/h1>\n<h2 class=\"la-jornada-nitf-subtitle\"><\/h2>\n<div>\n<div class=\"la-jornada-nitf-Byline\">Por Dpa<\/div>\n<div class=\"la-jornada-nitf-Byline\">La Jornada<\/div>\n<div align=\"right\"><\/div>\n<\/div>\n<header class=\"header\">\n<div id=\"ViewContetsNitf\">\n<div id=\"article-carousel\" class=\"article-carousel carousel slide\">\n<div class=\"carousel-inner\">\n<div class=\"item active\">\n<div class=\"item-wrapper\"><img loading=\"lazy\" decoding=\"async\" title=\"dore.jpg\" src=\"http:\/\/www.jornada.unam.mx\/ultimas\/2015\/05\/29\/del-infierno-al-cielo-750-aniversario-del-nacimiento-de-dante-alighieri-7295.html\/dore.jpg-232.html\/@@images\/bbeda88f-4d7b-46d7-9bc1-5133f5437945.jpeg\" alt=\"dore.jpg\" width=\"620\" height=\"502\" \/><\/p>\n<div id=\"cap_1da611a094994811b58cf57f1e151bfe\" class=\"carousel-caption\">\n<p>Virgilio calma a Cerbero, que resguarda la entrada al tercer c\u00edrculo del Infierno, donde Dante ve a los envidiosos. Ilustraci\u00f3n de Gustavo Dor\u00e9<\/p>\n<\/div>\n<\/div>\n<\/div>\n<\/div>\n<\/div>\n<div class=\"la-jornada-nitf-content\">\n<p><i>Roma<\/i>. En vida ya era toda una leyenda. Cuando Dante Alighieri caminaba de mayor por las calles de Ravenna, la gente cuchicheaba. \u00abEse estuvo en el infierno\u00bb, dec\u00edan. El poeta hab\u00eda descrito el \u00abinfierno\u00bb hasta el \u00faltimo detalle y no es que sus coet\u00e1neos distinguiesen del todo entre poes\u00eda y verdad.<\/p>\n<p>Tras su muerte en 1321 en la misma ciudad, la fama de Dante sigui\u00f3 creciendo. Con los versos de la<i> Divina comedia<\/i> este poeta instruido no s\u00f3lo esboz\u00f3 una imagen pl\u00e1stica del cielo, el infierno y el purgatorio, sino que adem\u00e1s supo entrelazar el conocimiento en ciencias naturales y en filosof\u00eda de la \u00e9poca con una historia de amor.<\/p>\n<p>Esta es tal vez una de las razones por las que, aunque han transcurrido 750 a\u00f1os de su nacimiento, que se cumplen ahora, el poeta sigue siendo recordado y en su pa\u00eds, Italia, celebrado. Sobre todo en su ciudad natal, Florencia, que maliciosamente lo desterr\u00f3.<\/p>\n<p>Se desconoce la fecha exacta de su nacimiento, pero cuando han pasado 750 ese detalle no es vital. El hombre cuyo rostro figura en las monedas de dos euros italianas dijo que hab\u00eda nacido bajo el signo de G\u00e9minis.<\/p>\n<p>Teniendo en cuenta las reformas del calendario, el poeta podr\u00eda haber nacido entre mediados de mayo y mediados de junio. Las conmemoraciones oficiales comenzaron sin embargo a mediados de mayo, cuando el cineasta distinguido con el Oscar Roberto Benigni (<i>La vida es bella<\/i>) ley\u00f3 en el senado en Roma parte de <i>Para\u00edso<\/i>, de la <i>Divina comedia.<\/i> El Ministerio de Cultura ha organizado unos 200 eventos en todo el pa\u00eds, desde conferencias y lectura a exposiciones, conciertos, espect\u00e1culos de danza, teatro e instalaciones de v\u00eddeo.<\/p>\n<p>Dante vino al mundo en 1265, una \u00e9poca de movimiento. Florencia era una ciudad que crec\u00eda muy r\u00e1pido, era la m\u00e1s grande y m\u00e1s rica de Italia, pero continuamente estaba envuelta en sangrientos combates entre los partidarios del emperador y los de Papa.<\/p>\n<p>Dante, que tambi\u00e9n tuvo experiencia como soldado y pol\u00edtico, en alg\u00fan momento debi\u00f3 de ponerse del lado equivocado, pues en 1302 fue desterrado de Florencia y condenado a muerte en ausencia. Su ciudad natal no lo volvi\u00f3 a ver jam\u00e1s. Durante muchos a\u00f1os vivi\u00f3 en Verona y posteriormente en Ravenna.<\/p>\n<p>Con nueve a\u00f1os, el peque\u00f1o Dante se enamor\u00f3 de Beatrice Portinari, un a\u00f1o menor. La vio apenas unas pocas veces y ambos se casaron con otras personas. Con su esposa Gemma tuvo cuatro hijos, pero tras la muerte temprana de Beatrice en 1290 comenz\u00f3 a enaltecerla en sus poemas hasta el punto de ensalzarla a la divinidad en la <i>Comedia<\/i>.<\/p>\n<p>All\u00ed es donde encuentra a Beatrice en su paso por el para\u00edso y ella es quien le gu\u00eda hasta el cielo.<\/p>\n<p>Como joven bardo Dante se decant\u00f3 por <i>dolce stile nuovo<\/i>, el \u00abdulce estilo nuevo\u00bb. Su poema <i>Vita Nuova <\/i>(vida nueva), de 1292, versa por primera vez sobre Beatrice. En su obra filos\u00f3fica<i> De Monarchia<\/i> (<i>La monarqu\u00eda<\/i>) tom\u00f3 partido por el emperador y no por el Papa en la lucha de poder que manten\u00edan y en <i>Il Convivio<\/i> justific\u00f3 por qu\u00e9 escrib\u00eda su poes\u00eda en italiano y no en lat\u00edn. Quer\u00eda, dijo, que todos lo pudiesen entender. Y entre los dialectos italianos se decidi\u00f3 por el toscano, influyendo as\u00ed en gran manera en la evoluci\u00f3n del idioma italiano.<\/p>\n<p>En la <i>Divina Comedia<\/i> su poes\u00eda alcanza la perfecci\u00f3n. A d\u00eda de hoy sigue siendo fascinante la precisi\u00f3n con la que fue compuesta la obra y c\u00f3mo Dante supo condensar la sabidur\u00eda de la \u00e9poca. Para muchos de sus pr\u00f3jimos, este hombre culto al parecer no fue siempre de trato f\u00e1cil. El cronista Giovanni Villani dijo de \u00e9l que era \u00abbastante presuntuoso y altivo\u00bb, y \u00abpoco amable en el trato\u00bb. Sin embargo Boccaccio lo describe como \u00abloco de amor hasta bien entrado en a\u00f1os\u00bb.<\/p>\n<p>En su descripci\u00f3n del infierno, donde hordas de diablos martirizan a los pecadores, Dante despliega una espeluznante fantas\u00eda, de ah\u00ed el adjetivo \u00abdantesco\u00bb. Adem\u00e1s se toma la licencia po\u00e9tica de decidir a qui\u00e9n env\u00eda a ese suplicio, como por ejemplo, muchos de sus enemigos florentinos. Pero tambi\u00e9n envi\u00f3 al infierno a cinco de los seis papas que \u00e9l conoci\u00f3. Para \u00e9l el peor de todos fue Bonifacio VIII (1294-1303), a quien responsabiliz\u00f3 de la guerra civil en Florencia.<\/p>\n<p>Pero desde lo m\u00e1s profundo del infierno, la <i>Comedia<\/i> pasa a la luz celestial y la Iglesia oficial se ha reconciliado desde hace tiempo con el cr\u00edtico poeta. El papa Francisco dijo de \u00e9l que era el \u00abpoeta de la esperanza\u00bb y destac\u00f3 su \u00abactualidad y su grandeza no solo art\u00edstica, sino tambi\u00e9n teol\u00f3gica y cultural\u00bb.<\/p>\n<\/div>\n<\/div>\n<\/header>\n","protected":false},"excerpt":{"rendered":"<p>Del infierno al cielo: 750 aniversario de Dante Alighieri Por Dpa La Jornada Virgilio calma a Cerbero, que resguarda la entrada al tercer c\u00edrculo del Infierno, donde Dante ve a los envidiosos. Ilustraci\u00f3n de Gustavo Dor\u00e9 Roma. En vida ya era toda una leyenda. Cuando Dante Alighieri caminaba de mayor por las calles de Ravenna, [&hellip;]<\/p>\n","protected":false},"author":249,"featured_media":11561,"comment_status":"open","ping_status":"closed","sticky":false,"template":"","format":"standard","meta":{"footnotes":""},"categories":[30,10,12,28,26],"tags":[],"class_list":["post-11560","post","type-post","status-publish","format-standard","has-post-thumbnail","hentry","category-arte","category-historia","category-libros","category-literatura","category-mundo"],"_links":{"self":[{"href":"https:\/\/eloficiodehistoriar.com.mx\/index.php?rest_route=\/wp\/v2\/posts\/11560","targetHints":{"allow":["GET"]}}],"collection":[{"href":"https:\/\/eloficiodehistoriar.com.mx\/index.php?rest_route=\/wp\/v2\/posts"}],"about":[{"href":"https:\/\/eloficiodehistoriar.com.mx\/index.php?rest_route=\/wp\/v2\/types\/post"}],"author":[{"embeddable":true,"href":"https:\/\/eloficiodehistoriar.com.mx\/index.php?rest_route=\/wp\/v2\/users\/249"}],"replies":[{"embeddable":true,"href":"https:\/\/eloficiodehistoriar.com.mx\/index.php?rest_route=%2Fwp%2Fv2%2Fcomments&post=11560"}],"version-history":[{"count":1,"href":"https:\/\/eloficiodehistoriar.com.mx\/index.php?rest_route=\/wp\/v2\/posts\/11560\/revisions"}],"predecessor-version":[{"id":11562,"href":"https:\/\/eloficiodehistoriar.com.mx\/index.php?rest_route=\/wp\/v2\/posts\/11560\/revisions\/11562"}],"wp:featuredmedia":[{"embeddable":true,"href":"https:\/\/eloficiodehistoriar.com.mx\/index.php?rest_route=\/wp\/v2\/media\/11561"}],"wp:attachment":[{"href":"https:\/\/eloficiodehistoriar.com.mx\/index.php?rest_route=%2Fwp%2Fv2%2Fmedia&parent=11560"}],"wp:term":[{"taxonomy":"category","embeddable":true,"href":"https:\/\/eloficiodehistoriar.com.mx\/index.php?rest_route=%2Fwp%2Fv2%2Fcategories&post=11560"},{"taxonomy":"post_tag","embeddable":true,"href":"https:\/\/eloficiodehistoriar.com.mx\/index.php?rest_route=%2Fwp%2Fv2%2Ftags&post=11560"}],"curies":[{"name":"wp","href":"https:\/\/api.w.org\/{rel}","templated":true}]}}