{"id":11575,"date":"2015-06-05T11:59:30","date_gmt":"2015-06-05T17:59:30","guid":{"rendered":"https:\/\/eloficiodehistoriar.com.mx\/?p=11575"},"modified":"2015-06-05T11:59:30","modified_gmt":"2015-06-05T17:59:30","slug":"sara-maria-danius-especialista-en-proust-flaubert-y-joyce","status":"publish","type":"post","link":"https:\/\/eloficiodehistoriar.com.mx\/?p=11575","title":{"rendered":"Sara Mar\u00eda Danius, Especialista en Proust, Flaubert y Joyce"},"content":{"rendered":"<div class=\"AppContainer\">\n<div id=\"c_base\" class=\"c_base\">\n<div id=\"c_content\" class=\"c_main\">\n<div id=\"pageContent\">\n<div id=\"pageInbox\" class=\"v-Page\">\n<div id=\"inboxControl0f\">\n<div class=\"containsYSizerBar\">\n<div class=\"ContentRight WithRightRail FullView\">\n<div class=\"ContentRightInner t_mbgc t_qtc t_urtc\">\n<div id=\"inboxControl0fv-ReadMessageContainer\" class=\"v-ReadMessageContainer slideOnResize\">\n<div class=\"c-ReadMessage\">\n<div id=\"ReadMessageScrollableSection\" class=\"rmMessages ClearBoth\">\n<div id=\"readMessagePartControl812f\" class=\"c-ReadMessagePart ReadMsgContainer HasLayout ClearBoth HideShadows FullPart NoHistory Read RmIc\">\n<div class=\"c-ReadMessagePartBody\">\n<div class=\"readMsgBody\">\n<div id=\"bodyreadMessagePartBodyControl817f\" class=\"ExternalClass MsgBodyContainer\">\n<div dir=\"ltr\">\n<p class=\"ecxMsoNormal\">Sara Mar\u00eda Danius, Especialista en Proust, Flaubert y Joyce<\/p>\n<p class=\"ecxMsoNormal\">De la Redacci\u00f3n<\/p>\n<p class=\"ecxMsoNormal\">\u00a0La Jornada<\/p>\n<p class=\"ecxMsoNormal\">La primera mujer en convertirse en secretaria permanente de la Academia Sueca, Sara Mar\u00eda Danius, naci\u00f3 el 5 de abril 1962, en T\u00e4by, municipalidad en la provincia de Estocolmo, Suecia.<\/p>\n<p class=\"ecxMsoNormal\">Es especialista en la obra de Marcel Proust, Gustave Flaubert y James Joyce. Profesora de est\u00e9tica en la Universidad S\u00f6dert\u00f6rn y docente de literatura en la Universidad de Uppsala.<\/p>\n<p class=\"ecxMsoNormal\">Danius posee una maestr\u00eda en teor\u00eda cr\u00edtica por la Universidad de Nottingham, Inglaterra (1989); en 1997 obtuvo un posgrado en la Universidad de Duke, Estados Unidos, y en 1999 un doctorado en la Universidad de Uppsala. Sus investigaciones giran en torno a la relaci\u00f3n entre literatura y sociedad. Trabaj\u00f3 de cr\u00edtica literaria para el diario sueco Dagens Nyheter y desde 2010 es colegiada de la Real Academia Sueca de las Letras. En marzo de 2013, Sara Danius fue elegida para ser parte de la Academia Sueca, sucediendo a Knut Ahnlund en silla 7.<\/p>\n<p class=\"ecxMsoNormal\">Danius ha escrito sobre muchos temas. Tiene un libro en el que aborda el arte de cristal en los a\u00f1os 90 y en 2006 public\u00f3 otro sobre cer\u00e1mica sueca contempor\u00e1nea.<\/p>\n<p class=\"ecxMsoNormal\">Inter\u00e9s por James Joyce<\/p>\n<p class=\"ecxMsoNormal\">Durante una estancia en Berl\u00edn, Sara Danius conoci\u00f3 al actor y escritor alem\u00e1n Hanns Zischler, con quien descubri\u00f3 el inter\u00e9s com\u00fan por James Joyce.<\/p>\n<p class=\"ecxMsoNormal\">Juntos decidieron escribir un libro acerca de un episodio olvidado en la vida del autor de Ulises: la estancia del escritor dublin\u00e9s en Croacia, entre 1904 y 1905, donde fue un \u00e1vido consumidor de los nuevos medios de comunicaci\u00f3n de entonces, como el cine, actividad que influy\u00f3 en su obra, seg\u00fan la especialista sueca.<\/p>\n<\/div>\n<\/div>\n<\/div>\n<\/div>\n<\/div>\n<\/div>\n<\/div>\n<\/div>\n<\/div>\n<\/div>\n<\/div>\n<\/div>\n<\/div>\n<\/div>\n<\/div>\n<\/div>\n<\/div>\n","protected":false},"excerpt":{"rendered":"<p>Sara Mar\u00eda Danius, Especialista en Proust, Flaubert y Joyce De la Redacci\u00f3n \u00a0La Jornada La primera mujer en convertirse en secretaria permanente de la Academia Sueca, Sara Mar\u00eda Danius, naci\u00f3 el 5 de abril 1962, en T\u00e4by, municipalidad en la provincia de Estocolmo, Suecia. Es especialista en la obra de Marcel Proust, Gustave Flaubert y [&hellip;]<\/p>\n","protected":false},"author":249,"featured_media":11576,"comment_status":"open","ping_status":"closed","sticky":false,"template":"","format":"standard","meta":{"footnotes":""},"categories":[30],"tags":[],"class_list":["post-11575","post","type-post","status-publish","format-standard","has-post-thumbnail","hentry","category-arte"],"_links":{"self":[{"href":"https:\/\/eloficiodehistoriar.com.mx\/index.php?rest_route=\/wp\/v2\/posts\/11575","targetHints":{"allow":["GET"]}}],"collection":[{"href":"https:\/\/eloficiodehistoriar.com.mx\/index.php?rest_route=\/wp\/v2\/posts"}],"about":[{"href":"https:\/\/eloficiodehistoriar.com.mx\/index.php?rest_route=\/wp\/v2\/types\/post"}],"author":[{"embeddable":true,"href":"https:\/\/eloficiodehistoriar.com.mx\/index.php?rest_route=\/wp\/v2\/users\/249"}],"replies":[{"embeddable":true,"href":"https:\/\/eloficiodehistoriar.com.mx\/index.php?rest_route=%2Fwp%2Fv2%2Fcomments&post=11575"}],"version-history":[{"count":1,"href":"https:\/\/eloficiodehistoriar.com.mx\/index.php?rest_route=\/wp\/v2\/posts\/11575\/revisions"}],"predecessor-version":[{"id":11577,"href":"https:\/\/eloficiodehistoriar.com.mx\/index.php?rest_route=\/wp\/v2\/posts\/11575\/revisions\/11577"}],"wp:featuredmedia":[{"embeddable":true,"href":"https:\/\/eloficiodehistoriar.com.mx\/index.php?rest_route=\/wp\/v2\/media\/11576"}],"wp:attachment":[{"href":"https:\/\/eloficiodehistoriar.com.mx\/index.php?rest_route=%2Fwp%2Fv2%2Fmedia&parent=11575"}],"wp:term":[{"taxonomy":"category","embeddable":true,"href":"https:\/\/eloficiodehistoriar.com.mx\/index.php?rest_route=%2Fwp%2Fv2%2Fcategories&post=11575"},{"taxonomy":"post_tag","embeddable":true,"href":"https:\/\/eloficiodehistoriar.com.mx\/index.php?rest_route=%2Fwp%2Fv2%2Ftags&post=11575"}],"curies":[{"name":"wp","href":"https:\/\/api.w.org\/{rel}","templated":true}]}}