{"id":11590,"date":"2015-06-14T00:55:22","date_gmt":"2015-06-14T06:55:22","guid":{"rendered":"https:\/\/eloficiodehistoriar.com.mx\/?p=11590"},"modified":"2015-06-14T00:55:52","modified_gmt":"2015-06-14T06:55:52","slug":"murio-james-last-el-gran-director-de-orquesta","status":"publish","type":"post","link":"https:\/\/eloficiodehistoriar.com.mx\/?p=11590","title":{"rendered":"Muri\u00f3 James Last, el gran director de Orquesta"},"content":{"rendered":"<div class=\"AppContainer\">\n<div id=\"c_base\" class=\"c_base\">\n<div id=\"c_content\" class=\"c_main\">\n<div id=\"pageContent\">\n<div id=\"pageInbox\" class=\"v-Page\">\n<div id=\"inboxControl0f\">\n<div class=\"containsYSizerBar\">\n<div class=\"ContentRight WithRightRail FullView\">\n<div class=\"ContentRightInner t_mbgc t_qtc t_urtc\">\n<div id=\"inboxControl0fv-ReadMessageContainer\" class=\"v-ReadMessageContainer slideOnResize\">\n<div class=\"c-ReadMessage\">\n<div id=\"ReadMessageScrollableSection\" class=\"rmMessages ClearBoth\">\n<div id=\"readMessagePartControl755f\" class=\"c-ReadMessagePart ReadMsgContainer HasLayout ClearBoth HideShadows FullPart NoHistory Read RmIc\">\n<div class=\"c-ReadMessagePartBody\">\n<div class=\"readMsgBody\">\n<div id=\"bodyreadMessagePartBodyControl760f\" class=\"ExternalClass MsgBodyContainer\">\n<div dir=\"ltr\">\n<p>La Jornada.<\/p>\n<p><i>Berl\u00edn.\u00a0<\/i><\/p>\n<p>James Last, director de orquesta que vendi\u00f3 decenas de millones de discos a lo largo de medio siglo de carrera, falleci\u00f3. Ten\u00eda 86 a\u00f1os.<\/p>\n<p>Last muri\u00f3 el martes en su casa de Palm Beach, Florida, rodeado de su familia, dijo la compa\u00f1\u00eda que lo representaba, Semmel Concerts, en su cibersitio.<\/p>\n<p>El m\u00fasico, cuyo verdadero nombre era Hans Last, naci\u00f3 en 1929 y fue un pionero del llamado \u00absonido feliz\u00bb que conquist\u00f3 a una gran audiencia en su nativa Alemania y el extranjero.<\/p>\n<p>Conocido por sus amigos como\u00a0<i>Hansi<\/i>, compuso, arregl\u00f3 y produjo cientos de piezas de swing, jazz, pop, m\u00fasica cl\u00e1sica y otros estilos.<\/p>\n<p>Su gira de despedida incluy\u00f3 un concierto en el Royal Albert Hall de Londres el pasado marzo.<\/p>\n<p>Seg\u00fan el comunicado de Semmel Concerts, un servicio conmemorativo p\u00fablico se realizar\u00eda en Hamburgo, Alemania, en las pr\u00f3ximas semanas.<\/p>\n<\/div>\n<\/div>\n<\/div>\n<\/div>\n<\/div>\n<\/div>\n<\/div>\n<\/div>\n<\/div>\n<\/div>\n<\/div>\n<\/div>\n<\/div>\n<\/div>\n<\/div>\n<\/div>\n<\/div>\n","protected":false},"excerpt":{"rendered":"<p>La Jornada. Berl\u00edn.\u00a0 James Last, director de orquesta que vendi\u00f3 decenas de millones de discos a lo largo de medio siglo de carrera, falleci\u00f3. Ten\u00eda 86 a\u00f1os. Last muri\u00f3 el martes en su casa de Palm Beach, Florida, rodeado de su familia, dijo la compa\u00f1\u00eda que lo representaba, Semmel Concerts, en su cibersitio. El m\u00fasico, [&hellip;]<\/p>\n","protected":false},"author":249,"featured_media":11591,"comment_status":"open","ping_status":"closed","sticky":false,"template":"","format":"standard","meta":{"footnotes":""},"categories":[30,21,26,22],"tags":[],"class_list":["post-11590","post","type-post","status-publish","format-standard","has-post-thumbnail","hentry","category-arte","category-espectaculos","category-mundo","category-musica"],"_links":{"self":[{"href":"https:\/\/eloficiodehistoriar.com.mx\/index.php?rest_route=\/wp\/v2\/posts\/11590","targetHints":{"allow":["GET"]}}],"collection":[{"href":"https:\/\/eloficiodehistoriar.com.mx\/index.php?rest_route=\/wp\/v2\/posts"}],"about":[{"href":"https:\/\/eloficiodehistoriar.com.mx\/index.php?rest_route=\/wp\/v2\/types\/post"}],"author":[{"embeddable":true,"href":"https:\/\/eloficiodehistoriar.com.mx\/index.php?rest_route=\/wp\/v2\/users\/249"}],"replies":[{"embeddable":true,"href":"https:\/\/eloficiodehistoriar.com.mx\/index.php?rest_route=%2Fwp%2Fv2%2Fcomments&post=11590"}],"version-history":[{"count":2,"href":"https:\/\/eloficiodehistoriar.com.mx\/index.php?rest_route=\/wp\/v2\/posts\/11590\/revisions"}],"predecessor-version":[{"id":11593,"href":"https:\/\/eloficiodehistoriar.com.mx\/index.php?rest_route=\/wp\/v2\/posts\/11590\/revisions\/11593"}],"wp:featuredmedia":[{"embeddable":true,"href":"https:\/\/eloficiodehistoriar.com.mx\/index.php?rest_route=\/wp\/v2\/media\/11591"}],"wp:attachment":[{"href":"https:\/\/eloficiodehistoriar.com.mx\/index.php?rest_route=%2Fwp%2Fv2%2Fmedia&parent=11590"}],"wp:term":[{"taxonomy":"category","embeddable":true,"href":"https:\/\/eloficiodehistoriar.com.mx\/index.php?rest_route=%2Fwp%2Fv2%2Fcategories&post=11590"},{"taxonomy":"post_tag","embeddable":true,"href":"https:\/\/eloficiodehistoriar.com.mx\/index.php?rest_route=%2Fwp%2Fv2%2Ftags&post=11590"}],"curies":[{"name":"wp","href":"https:\/\/api.w.org\/{rel}","templated":true}]}}