{"id":11600,"date":"2015-06-18T10:51:49","date_gmt":"2015-06-18T16:51:49","guid":{"rendered":"https:\/\/eloficiodehistoriar.com.mx\/?p=11600"},"modified":"2015-06-18T10:51:49","modified_gmt":"2015-06-18T16:51:49","slug":"la-enciclica-ecologista-del-papa-francisco","status":"publish","type":"post","link":"https:\/\/eloficiodehistoriar.com.mx\/?p=11600","title":{"rendered":"La enc\u00edclica ecologista del papa Francisco"},"content":{"rendered":"<div class=\"ecxcabeza\">La enc\u00edclica ecologista del papa Francisco<\/div>\n<div class=\"ecxsumarios\"><\/div>\n<div class=\"ecxcredito-articulo\">Bernardo Barranco<\/div>\n<div id=\"ecxarticle-text\" class=\"ecxtext\">\n<div class=\"col ecxcol1\">\n<div class=\"ecxinicial\">En medio de pol\u00e9micas y tensiones, el papa Francisco hace p\u00fablica su enc\u00edclica<em>Alabado seas, sobre el cuidado de la casa com\u00fan<\/em>, en la que advierte los grav\u00edsimos problemas del medio ambiente y hace responsable al sistema econ\u00f3mico mundial de llevar a la humanidad al borde del colapso, por carecer de sustento \u00e9tico. La voracidad del capitalismo de mercado y del dios dinero est\u00e1n llevando a la humanidad tambi\u00e9n a la contaminaci\u00f3n del alma del ser humano y la corrosi\u00f3n de su esp\u00edritu.<\/div>\n<p>Bergoglio se arropa en el pensamiento de sus predecesores y de manera audaz recupera la cr\u00edtica de Ratzinger a la cultura del relativismo, aplicada por Francisco al sistema econ\u00f3mico y al deterioro del medio ambiente. Para Bergoglio la\u00a0<q>cultura del relativismo es la misma enfermedad que impulsa a una persona a tomar ventaja de la otra y tratarla como un mero objeto<\/q>.<\/p>\n<p>Por otra parte, el papa Francisco en este importante texto cuestiona a aquellos que argumentan que el derecho a la propiedad privada es un principio absoluto e intocable, haciendo hincapi\u00e9 en la funci\u00f3n social de cualquier forma de propiedad. Dice el Papa:\u00a0<q>La tradici\u00f3n cristiana nunca reconoci\u00f3 como absoluto o intocable el derecho a la propiedad privada y subray\u00f3 la funci\u00f3n social de cualquier forma de propiedad privada<\/q>.<\/p>\n<p>La enc\u00edclica, que lleva el t\u00edtulo<em>Alabado seas<\/em>, tiene seis cap\u00edtulos y dos oraciones finales. El lenguaje del Papa es sencillo, directo, sin excesivos tecnicismos teol\u00f3gicos ni doctrinales. Su tono es cr\u00edtico sin ser catastrofista.<\/p>\n<p>Tiene un primer cap\u00edtulo demoledor titulado Lo que est\u00e1 pasando en nuestra casa. El severo an\u00e1lisis del Papa aborda la interconexi\u00f3n entre contaminaci\u00f3n y cambio clim\u00e1tico, la mala gesti\u00f3n del agua, la p\u00e9rdida de la biodiversidad, la gran desigualdad entre regiones ricas y pobres; la debilidad de pol\u00edticas insuficientes ante la cat\u00e1strofe ecol\u00f3gica. Como era de esperarse, sus poderosos detractores lo critican \u2013desde Jeb Bush hasta la extrema derecha italiana y sectores de la curia\u2013 porque no s\u00f3lo diagnostica los problemas, sino que se\u00f1ala a los culpables.<\/p>\n<p>Francisco pretende abrir un debate; se dirige no s\u00f3lo a los creyentes, sino a todos los que pueden colaborar en invertir la tendencia de la degradaci\u00f3n del planeta.\u00a0<q>Esta enc\u00edclica est\u00e1 dirigida a todos los que puedan recibir su mensaje y crecer en la responsabilidad hacia la casa com\u00fan que Dios nos ha confiado<\/q>. Hay un intento expl\u00edcito del Papa de que el texto sea acogido y discutido por otras grandes corrientes religiosas que viven la amenaza ecol\u00f3gica.<\/p>\n<p>La versi\u00f3n italiana de la enc\u00edclica fue filtrada y publicada en el sitio web del semanario\u00a0<em>L\u2019Espresso<\/em>\u00a0tres d\u00edas antes de la fecha proyectada. Podr\u00edamos decir que Francisco ya tuvo tambi\u00e9n su\u00a0<em>Vatileaks<\/em>.<\/p>\n<p>Seg\u00fan expertos vaticanistas la filtraci\u00f3n es una estrategia de los c\u00edrculos conservadores con un doble prop\u00f3sito: a) debilitar el mensaje e impacto de la enc\u00edclica, porque en algunos pasajes es muy cr\u00edtico a los pa\u00edses poderosos y b) golpear y bloquear la imagen del Papa en el contexto de la resistencia a su obra de renovaci\u00f3n de la Iglesia.<\/p>\n<p>La filtraci\u00f3n ha provocado, por ejemplo, que Jeb Bush, precandidato a la presidencia de Estados Unidos, representante de los rancios intereses de compa\u00f1\u00edas petroleras, arremeta contra el Papa por denunciar en su enc\u00edclica el cambio clim\u00e1tico:\u00a0<q>No me dejar\u00e9 dictar en la pol\u00edtica econ\u00f3mica por mis obispos, mis cardenales o mi Papa<\/q>. Incluso llega a insinuar la arrogancia de Francisco, al decir:\u00a0<q>Es una arrogancia sostener que con relaci\u00f3n a los cambios clim\u00e1ticos exista una ciencia exacta<\/q>. Esperando leer el texto completo, Jeb Bush afirm\u00f3 en New Hampshire que la religi\u00f3n deber\u00eda ocuparse de\u00a0<q>hacer mejores a las personas y menos de cuestiones que tienen que ver con aspectos pol\u00edticos<\/q>.<\/p>\n<\/div>\n<div class=\"col ecxcol2\">\n<p>En la enc\u00edclica el Papa encara lo que llama\u00a0<q>los depredadores del planeta<\/q>. En el cap\u00edtulo Desarrollo y progreso, Francisco provoca:\u00a0<q>no es suficiente conciliar el cuidado de la naturaleza con los ingresos financieros, o la preservaci\u00f3n del medio ambiente con el progreso. El t\u00e9rmino ambiental es s\u00f3lo un peque\u00f1o retraso en el desastre. Se trata simplemente de redefinir el progreso<\/q>.<\/p>\n<p>En Econom\u00eda cuestiona los fundamentos de la econom\u00eda mundial como responsables no s\u00f3lo de los da\u00f1os ecol\u00f3gicos irreversibles, sino de la lacerante desigualdad entre los pa\u00edses y los criterios obsoletos que se siguen para gobernar el mundo. Francisco es enf\u00e1tico:\u00a0<q>la producci\u00f3n no siempre es racional, a menudo est\u00e1 vinculada a variables econ\u00f3micas que dan al producto un valor que no se corresponde con el real. Esto provoca a menudo la sobreproducci\u00f3n de ciertos bienes, con un impacto ambiental, al mismo tiempo perjudica a muchas econom\u00edas<\/q>.<\/p>\n<p>En Deuda externa, el Papa se\u00f1ala que \u201cla deuda externa de los pa\u00edses pobres se ha convertido en una herramienta de control, pero no es lo mismo que ocurre con la deuda ecol\u00f3gica\u2026 es necesario que los pa\u00edses desarrollados contribuyan a la soluci\u00f3n de este l\u00edmite tan importante para el consumo de energ\u00eda no renovable de la deuda, y traer recursos a los pa\u00edses m\u00e1s necesitados para promover pol\u00edticas y programas de desarrollo sostenible\u201d.<\/p>\n<p>La tecnolog\u00eda. El Papa dice que no se puede ignorar que \u201cla energ\u00eda nuclear, la biotecnolog\u00eda, la tecnolog\u00eda de la informaci\u00f3n, el conocimiento de nuestro propio ADN y otras capacidades que hemos adquirido nos ofrecen un enorme poder\u2026 \u00bfEn manos de qui\u00e9n est\u00e1 y qu\u00e9 puede lograr tanto poder? Es terriblemente arriesgado que resida en una peque\u00f1a parte de la humanidad\u201d.<\/p>\n<p>El cambio clim\u00e1tico. Bergoglio alarmado advierte:\u00a0<q>Si la tendencia actual contin\u00faa, este siglo podr\u00eda presenciar un cambio clim\u00e1tico sin precedente y la destrucci\u00f3n de los ecosistemas, con graves consecuencias para todos<\/q>. El Papa no ocult\u00f3 el hecho de que \u201cmuchos de los que tienen m\u00e1s recursos y poder econ\u00f3mico o pol\u00edtico parecen concentrarse principalmente en los problemas superficiales y en ocultar los s\u00edntomas, tratando de minimizar los efectos negativos del cambio clim\u00e1tico. Pero muchas se\u00f1ales indican que estos efectos pueden ser peores si seguimos con los actuales patrones de producci\u00f3n y consumo.<\/p>\n<p>Francisco habla de una nueva relaci\u00f3n con la Tierra. La tierra y su cultivo como expresiones de espiritualidad. No es casualidad que la enc\u00edclica inicie con el\u00a0<em>C\u00e1ntico de las criaturas,<\/em>\u00a0de San Francisco de As\u00eds, considerado el primer texto ecol\u00f3gico de la historia, escrito antes de la muerte este defensor de la naturaleza, en 1226.<\/p>\n<\/div>\n<\/div>\n","protected":false},"excerpt":{"rendered":"<p>La enc\u00edclica ecologista del papa Francisco Bernardo Barranco En medio de pol\u00e9micas y tensiones, el papa Francisco hace p\u00fablica su enc\u00edclicaAlabado seas, sobre el cuidado de la casa com\u00fan, en la que advierte los grav\u00edsimos problemas del medio ambiente y hace responsable al sistema econ\u00f3mico mundial de llevar a la humanidad al borde del colapso, [&hellip;]<\/p>\n","protected":false},"author":249,"featured_media":11601,"comment_status":"open","ping_status":"closed","sticky":false,"template":"","format":"standard","meta":{"footnotes":""},"categories":[1],"tags":[],"class_list":["post-11600","post","type-post","status-publish","format-standard","has-post-thumbnail","hentry","category-sin-categoria"],"_links":{"self":[{"href":"https:\/\/eloficiodehistoriar.com.mx\/index.php?rest_route=\/wp\/v2\/posts\/11600","targetHints":{"allow":["GET"]}}],"collection":[{"href":"https:\/\/eloficiodehistoriar.com.mx\/index.php?rest_route=\/wp\/v2\/posts"}],"about":[{"href":"https:\/\/eloficiodehistoriar.com.mx\/index.php?rest_route=\/wp\/v2\/types\/post"}],"author":[{"embeddable":true,"href":"https:\/\/eloficiodehistoriar.com.mx\/index.php?rest_route=\/wp\/v2\/users\/249"}],"replies":[{"embeddable":true,"href":"https:\/\/eloficiodehistoriar.com.mx\/index.php?rest_route=%2Fwp%2Fv2%2Fcomments&post=11600"}],"version-history":[{"count":1,"href":"https:\/\/eloficiodehistoriar.com.mx\/index.php?rest_route=\/wp\/v2\/posts\/11600\/revisions"}],"predecessor-version":[{"id":11602,"href":"https:\/\/eloficiodehistoriar.com.mx\/index.php?rest_route=\/wp\/v2\/posts\/11600\/revisions\/11602"}],"wp:featuredmedia":[{"embeddable":true,"href":"https:\/\/eloficiodehistoriar.com.mx\/index.php?rest_route=\/wp\/v2\/media\/11601"}],"wp:attachment":[{"href":"https:\/\/eloficiodehistoriar.com.mx\/index.php?rest_route=%2Fwp%2Fv2%2Fmedia&parent=11600"}],"wp:term":[{"taxonomy":"category","embeddable":true,"href":"https:\/\/eloficiodehistoriar.com.mx\/index.php?rest_route=%2Fwp%2Fv2%2Fcategories&post=11600"},{"taxonomy":"post_tag","embeddable":true,"href":"https:\/\/eloficiodehistoriar.com.mx\/index.php?rest_route=%2Fwp%2Fv2%2Ftags&post=11600"}],"curies":[{"name":"wp","href":"https:\/\/api.w.org\/{rel}","templated":true}]}}