{"id":11603,"date":"2015-06-25T23:19:52","date_gmt":"2015-06-26T05:19:52","guid":{"rendered":"https:\/\/eloficiodehistoriar.com.mx\/?p=11603"},"modified":"2015-06-25T23:19:52","modified_gmt":"2015-06-26T05:19:52","slug":"llega-por-primera-vez-a-mexico-la-perfeccion-de-miguel-angel-buonarroti","status":"publish","type":"post","link":"https:\/\/eloficiodehistoriar.com.mx\/?p=11603","title":{"rendered":"Llega por primera vez a M\u00e9xico la perfecci\u00f3n de Miguel \u00c1ngel Buonarroti"},"content":{"rendered":"<div class=\"AppContainer\">\n<div id=\"c_base\" class=\"c_base\">\n<div id=\"c_content\" class=\"c_main\">\n<div id=\"pageContent\">\n<div id=\"pageInbox\" class=\"v-Page\">\n<div id=\"inboxControl0f\">\n<div class=\"containsYSizerBar\">\n<div class=\"ContentRight WithRightRail FullView\">\n<div class=\"ContentRightInner t_mbgc t_qtc t_urtc\">\n<div id=\"inboxControl0fv-ReadMessageContainer\" class=\"v-ReadMessageContainer slideOnResize\">\n<div class=\"c-ReadMessage\">\n<div id=\"ReadMessageScrollableSection\" class=\"rmMessages ClearBoth\">\n<div id=\"readMessagePartControl755f\" class=\"c-ReadMessagePart ReadMsgContainer HasLayout ClearBoth HideShadows FullPart NoHistory Read RmIc\">\n<div class=\"c-ReadMessagePartBody\">\n<div class=\"readMsgBody\">\n<div id=\"bodyreadMessagePartBodyControl760f\" class=\"ExternalClass MsgBodyContainer\">\n<div dir=\"ltr\">\n<p class=\"ecxMsoNormal\">Arriba por primera vez a M\u00e9xico la perfecci\u00f3n de Miguel \u00c1ngel Buonarroti<\/p>\n<p class=\"ecxMsoNormal\">Re\u00fanen 29 obras del pintor, escultor y arquitecto, as\u00ed como 45 de artistas cercanos al florentino<\/p>\n<p class=\"ecxMsoNormal\">En la muestra montada en el Museo del Palacio de Bellas Artes destaca la secci\u00f3n dedicada a la escultura de Miguel \u00c1ngel Buonarroti, donde el p\u00fablico podr\u00e1 observar el Cristo Portacroce (Cristo Giustiniani), de 1514-1516, y una r\u00e9plica de La Piedad, del Vaticano, que el creador renacentista realiz\u00f3 entre 1498 y 1499. La exposici\u00f3n que ser\u00e1 inaugura este viernes incluye dibujos, \u00f3leos y documentos.<\/p>\n<p class=\"ecxMsoNormal\">Fabiola Palapa Quijas<\/p>\n<p class=\"ecxMsoNormal\">La Jornada<\/p>\n<p class=\"ecxMsoNormal\">Por primera vez en M\u00e9xico, los admiradores del Renacimiento tendr\u00e1n oportunidad de adentrarse en el mundo perfecto y lleno de emociones del pintor, escultor y arquitecto Miguel \u00c1ngel Buonarroti, en la exposici\u00f3n que ser\u00e1 inaugurada este viernes en el Museo del Palacio de Bellas Artes.<\/p>\n<p class=\"ecxMsoNormal\">\n<p class=\"ecxMsoNormal\">El visitante de la muestra Miguel \u00c1ngel Buonarroti: un artista entre dos mundos ser\u00e1 recibido por los retratos del artista italiano que se atribuyen a Marcello Venusti; de Victoria Colonna, de Cristofano di Papa, y el de Lorenzo el Magn\u00edfico, de Giorgio Vasari. Ah\u00ed conocer\u00e1 sus primeras obras, su relaci\u00f3n con los mecenas y una carta escrita en Roma a su sobrina Leonarda en Florencia, en la cual le manifest\u00f3 su sentir en torno a su \u00faltima etapa creativa.<\/p>\n<p class=\"ecxMsoNormal\">\n<p class=\"ecxMsoNormal\">Con la curadur\u00eda de Francesco Buranelli, ex director de los Museos Vaticanos, y Luis Javier Cuesta, director del departamento de arte de la Universidad Iberoamericana, la muestra re\u00fane 29 obras del artista florentino, as\u00ed como 45 piezas de artistas cercanos a Miguel \u00c1ngel, provenientes principalmente del acervo de la Casa Bounarroti, adem\u00e1s de contar con algunas procedentes de la Galler\u00eda degli Uffizi, Museo Nazionale del Bargello, Musei Capitolini y Museo di Roma, as\u00ed como de los museos nacionales de Arte y de San Carlos, entre otros.<\/p>\n<p class=\"ecxMsoNormal\">\n<p class=\"ecxMsoNormal\">En palabras de los curadores, lo m\u00e1s importante de la museograf\u00eda fue reflejar por qu\u00e9 Miguel \u00c1ngel era un artista universal, la importancia que ha tenido en los recientes 500 a\u00f1os y por qu\u00e9 esa importancia se fue reflejando en M\u00e9xico a lo largo de varias \u00e9pocas.<\/p>\n<p class=\"ecxMsoNormal\">\n<p class=\"ecxMsoNormal\">Bocetos de los frescos de la Sixtina<\/p>\n<p class=\"ecxMsoNormal\">\n<p class=\"ecxMsoNormal\">Al recorrer las cinco secciones de la muestra, el p\u00fablico experimentar\u00e1 lo que viven miles de turistas que visitan la Bas\u00edlica de San Pedro al ver La Piedad del Vaticano, pues, aunque se trata de una r\u00e9plica, se puede apreciar el exhaustivo estudio sobre el cuerpo humano del artista, ya que para Buonarroti la producci\u00f3n escult\u00f3rica era el medio por excelencia para transmitir las emociones m\u00e1s puras de la vida.<\/p>\n<p class=\"ecxMsoNormal\">\n<p class=\"ecxMsoNormal\">En esta sala tambi\u00e9n se encuentra el Cristo Portacroce (Cristo Giustiniani), de 1514-1516, obra en m\u00e1rmol de 2.50 metros que se presenta por primera vez fuera de Italia.<\/p>\n<p class=\"ecxMsoNormal\">\n<p class=\"ecxMsoNormal\">Se cuenta que cuando Miguel \u00c1ngel realizaba la escultura encontr\u00f3 una mancha negra en el m\u00e1rmol, la cual atravesaba el rostro de Cristo, y como era tan perfecto decidi\u00f3 interrumpir la obra, que concluy\u00f3 Bernini.<\/p>\n<p class=\"ecxMsoNormal\">\n<p class=\"ecxMsoNormal\">A las esculturas del artista, sigue la sala con los bocetos del proceso creativo de los reconocidos frescos ubicados en los muros de la Capilla Sixtina.<\/p>\n<p class=\"ecxMsoNormal\">\n<p class=\"ecxMsoNormal\">En esta secci\u00f3n se encuentran Juicio final, de Andr\u00e9s de Concha, ubicado en el retablo mayor de la iglesia de Santo Domingo en Yanhuitl\u00e1n, Oaxaca, misma que hace referencia al estudio del conjunto para el Juicio final de Miguel \u00c1ngel.<\/p>\n<p class=\"ecxMsoNormal\">\n<p class=\"ecxMsoNormal\">Seg\u00fan Buranelli, la exposici\u00f3n muestra la influencia del artista en Am\u00e9rica Latina, como ocurri\u00f3 con Andr\u00e9s de Concha.<\/p>\n<p class=\"ecxMsoNormal\">\n<p class=\"ecxMsoNormal\">La muestra finaliza con la escultura del David-Apolo, la cual fue encargada a Bounarroti en 1530 y se presume que puede ser David, porque en la parte inferior tiene una protuberancia que ser\u00eda la cabeza de Goliat, a quien venci\u00f3.<\/p>\n<p class=\"ecxMsoNormal\">\n<p class=\"ecxMsoNormal\">Est\u00e1 la otra versi\u00f3n que dice que es Apolo, porque tiene la actitud heroica de sacar una flecha de su espalda.<\/p>\n<p class=\"ecxMsoNormal\">\n<p class=\"ecxMsoNormal\">La exposici\u00f3n Miguel \u00c1ngel Buonarroti&#8230; concluir\u00e1 el 27 de septiembre en el Museo del Palacio de Bellas Artes (avenida Ju\u00e1rez y Eje Central L\u00e1zaro C\u00e1rdenas, Centro), de martes a domingo de 10 a 18 horas.<\/p>\n<p class=\"ecxMsoNormal\">\n<\/div>\n<\/div>\n<\/div>\n<\/div>\n<\/div>\n<\/div>\n<\/div>\n<\/div>\n<\/div>\n<\/div>\n<\/div>\n<\/div>\n<\/div>\n<\/div>\n<\/div>\n<\/div>\n<\/div>\n","protected":false},"excerpt":{"rendered":"<p>Arriba por primera vez a M\u00e9xico la perfecci\u00f3n de Miguel \u00c1ngel Buonarroti Re\u00fanen 29 obras del pintor, escultor y arquitecto, as\u00ed como 45 de artistas cercanos al florentino En la muestra montada en el Museo del Palacio de Bellas Artes destaca la secci\u00f3n dedicada a la escultura de Miguel \u00c1ngel Buonarroti, donde el p\u00fablico podr\u00e1 [&hellip;]<\/p>\n","protected":false},"author":249,"featured_media":11604,"comment_status":"open","ping_status":"closed","sticky":false,"template":"","format":"standard","meta":{"footnotes":""},"categories":[30,24,10,26,9],"tags":[],"class_list":["post-11603","post","type-post","status-publish","format-standard","has-post-thumbnail","hentry","category-arte","category-ciudad-de-mexico","category-historia","category-mundo","category-otros-lugares"],"_links":{"self":[{"href":"https:\/\/eloficiodehistoriar.com.mx\/index.php?rest_route=\/wp\/v2\/posts\/11603","targetHints":{"allow":["GET"]}}],"collection":[{"href":"https:\/\/eloficiodehistoriar.com.mx\/index.php?rest_route=\/wp\/v2\/posts"}],"about":[{"href":"https:\/\/eloficiodehistoriar.com.mx\/index.php?rest_route=\/wp\/v2\/types\/post"}],"author":[{"embeddable":true,"href":"https:\/\/eloficiodehistoriar.com.mx\/index.php?rest_route=\/wp\/v2\/users\/249"}],"replies":[{"embeddable":true,"href":"https:\/\/eloficiodehistoriar.com.mx\/index.php?rest_route=%2Fwp%2Fv2%2Fcomments&post=11603"}],"version-history":[{"count":1,"href":"https:\/\/eloficiodehistoriar.com.mx\/index.php?rest_route=\/wp\/v2\/posts\/11603\/revisions"}],"predecessor-version":[{"id":11605,"href":"https:\/\/eloficiodehistoriar.com.mx\/index.php?rest_route=\/wp\/v2\/posts\/11603\/revisions\/11605"}],"wp:featuredmedia":[{"embeddable":true,"href":"https:\/\/eloficiodehistoriar.com.mx\/index.php?rest_route=\/wp\/v2\/media\/11604"}],"wp:attachment":[{"href":"https:\/\/eloficiodehistoriar.com.mx\/index.php?rest_route=%2Fwp%2Fv2%2Fmedia&parent=11603"}],"wp:term":[{"taxonomy":"category","embeddable":true,"href":"https:\/\/eloficiodehistoriar.com.mx\/index.php?rest_route=%2Fwp%2Fv2%2Fcategories&post=11603"},{"taxonomy":"post_tag","embeddable":true,"href":"https:\/\/eloficiodehistoriar.com.mx\/index.php?rest_route=%2Fwp%2Fv2%2Ftags&post=11603"}],"curies":[{"name":"wp","href":"https:\/\/api.w.org\/{rel}","templated":true}]}}