{"id":11606,"date":"2015-06-25T23:28:08","date_gmt":"2015-06-26T05:28:08","guid":{"rendered":"https:\/\/eloficiodehistoriar.com.mx\/?p=11606"},"modified":"2015-06-25T23:30:38","modified_gmt":"2015-06-26T05:30:38","slug":"11606","status":"publish","type":"post","link":"https:\/\/eloficiodehistoriar.com.mx\/?p=11606","title":{"rendered":"Un Tango de Cardel"},"content":{"rendered":"<div class=\"ContentRight WithRightRail FullView\">\n<div class=\"ContentRightInner t_mbgc t_qtc t_urtc\">\n<div id=\"inboxControl0fv-ReadMessageContainer\" class=\"v-ReadMessageContainer slideOnResize\">\n<div class=\"c-ReadMessage\">\n<div id=\"ReadMessageScrollableSection\" class=\"rmMessages ClearBoth\">\n<div id=\"readMessagePartControl769f\" class=\"c-ReadMessagePart ReadMsgContainer HasLayout ClearBoth HideShadows FullPart NoHistory Read RmIc\">\n<div class=\"c-ReadMessagePartBody\">\n<div class=\"readMsgBody\">\n<div id=\"bodyreadMessagePartBodyControl774f\" class=\"ExternalClass MsgBodyContainer\">\n<div dir=\"ltr\">\n<p class=\"ecxMsoNormal\">Hace 80 a\u00f1os que cada d\u00eda canta mejor<\/p>\n<p class=\"ecxMsoNormal\">Patricia Vaca Narvaja y Jorge Alberto Delgado Fern\u00e1ndez<\/p>\n<p class=\"ecxMsoNormal\">La Jornada<\/p>\n<p class=\"ecxMsoNormal\">En el mismo d\u00eda de su muerte, en Medell\u00edn naci\u00f3 un mito. Curiosa tragedia de esa estirpe de \u00e1ngeles ca\u00eddos, que nos ofrendan su vida eterna, su brillo solar y, en el caso del \u201c mudo\u201d del Abasto, su voz de tenor alegre y feroz en un inverso pacto mefistof\u00e9lico en el que ellos lo ofrendan todo, para dejarnos el alma pre\u00f1ada de magia.<\/p>\n<p class=\"ecxMsoNormal\">Si poco se sabe de la vida de Cristo entre su a\u00f1o cero y su v\u00eda crucis, no es mucho m\u00e1s lo que deja saber el Gardel temprano, salvo que recal\u00f3 en ese barrio porte\u00f1o de tomates podridos, como lo definiera Luca Prodan. All\u00ed, fue sobreviviendo y creciendo, al filo de la ley y de una guitarra. Hubiese sido Caruso si hubiera emergido en el lugar correcto de la geograf\u00eca. Gracias a Dios, fue geogr\u00e1ficamente incorrecto y no fue \u00f3pera, fue tango.<\/p>\n<p class=\"ecxMsoNormal\">\u00bfY fue por ese r\u00edo de sue\u00f1era y de barro que las proas vinieron a fundarme la patria?, desgranaba Borges su angustia hist\u00f3rica. Y ese ancho cauce fue un remolino que absorbi\u00f3 colores, idiomas, dioses, saberes, gozos y dolores de millones de pobres allende el Atl\u00e1ntico. Paradojas de esa globalizaci\u00f3n decimon\u00f3nica, impiadosa a muchos efectos, pero m\u00e1s ben\u00e9vola en uno: a los pobres de entonces no se los interceptaba en el mar, ni se los exclu\u00eda con muros o alambradas. Esos desarrapados se unieron a los desarraigados en su propia tierra, a los que rumiando la derrota intu\u00edan las ciudades desde las orillas y los arrabales bravos y fueron pariendo, desde viejas melod\u00edas, una nueva m\u00fasica.<\/p>\n<p class=\"ecxMsoNormal\">Pero en un principio, el dos por cuatro era danza, milonga escandalosa y prostibularia que todav\u00eda no era canci\u00f3n y no ingresaba en el c\u00edrculo del champagne y el smoking, a\u00fan acechaba en el de la ginebra y el cuchillo.<\/p>\n<p class=\"ecxMsoNormal\">Gardel encontr\u00f3 en ese ambiente y en sus cuerdas vocales la herramienta ideal para gambetear la pobreza, empezando por las zambas, los valsecitos, los sonidos criollos con los que se evocaban ambientes buc\u00f3licos de tiempos perdidos. As\u00ed, frente a un pueblo nativo que, sitiado por aquella globalizaci\u00f3n, buscaba reencontrarse con sus ra\u00edces musicales y frente a un pueblo inmigrante que exploraba nuevas identidades, el Morocho del Abasto fue midi\u00e9ndole el pulso a auditorios que, uno a uno, fueron rindi\u00e9ndose a su voz. Del abasto y las orillas el \u201c mudo\u201d se fue colando entre p\u00fablicos m\u00e1s selectos, cabarets y burdeles de lujo en ambas bandas del R\u00edo de la Plata.<\/p>\n<p class=\"ecxMsoNormal\">El tango rondaba a Gardel, hasta que lo tom\u00f3 por asalto. Como los grandes innovadores del arte de todos los tiempos, como Beethoven, Van Gogh, Lumi\u00e8re o Verdi, asumi\u00f3 la enorme responsabilidad de ser un precursor y la suya fue una de las primeras voces que interpretaron el tango canci\u00f3n. Con la voz del \u201c mudo\u201d, \u201c mi noche triste\u201d gradu\u00f3 al tango de poes\u00eda.<\/p>\n<p class=\"ecxMsoNormal\">De la mano del tango canci\u00f3n comenz\u00f3 a recorrer el mundo: Madrid, Barcelona, Nueva York y Par\u00eds se fueron inclinando a su paso. Como la humedad de los cimientos de los conventillos rioplatenses, el tango fue ascendiendo socialmente, ya no era s\u00f3lo ginebra y cuchillo, se visti\u00f3 de gala y se bebi\u00f3 con champagne en los salones de las grandes capitales del mundo. Las angustias dejadas por la devastaci\u00f3n de la Gran Guerra y la b\u00fasqueda de un b\u00e1lsamo que las curara fueron un campo f\u00e9rtil para que el tango corriera como reguero de p\u00f3lvora.<\/p>\n<\/div>\n<\/div>\n<\/div>\n<\/div>\n<\/div>\n<\/div>\n<\/div>\n<\/div>\n<\/div>\n<div class=\"v-InboxFooterContainer\"><\/div>\n<\/div>\n<p>&nbsp;<\/p>\n","protected":false},"excerpt":{"rendered":"<p>Hace 80 a\u00f1os que cada d\u00eda canta mejor Patricia Vaca Narvaja y Jorge Alberto Delgado Fern\u00e1ndez La Jornada En el mismo d\u00eda de su muerte, en Medell\u00edn naci\u00f3 un mito. Curiosa tragedia de esa estirpe de \u00e1ngeles ca\u00eddos, que nos ofrendan su vida eterna, su brillo solar y, en el caso del \u201c mudo\u201d del [&hellip;]<\/p>\n","protected":false},"author":249,"featured_media":11607,"comment_status":"open","ping_status":"closed","sticky":false,"template":"","format":"standard","meta":{"footnotes":""},"categories":[30,21,26,22,9],"tags":[],"class_list":["post-11606","post","type-post","status-publish","format-standard","has-post-thumbnail","hentry","category-arte","category-espectaculos","category-mundo","category-musica","category-otros-lugares"],"_links":{"self":[{"href":"https:\/\/eloficiodehistoriar.com.mx\/index.php?rest_route=\/wp\/v2\/posts\/11606","targetHints":{"allow":["GET"]}}],"collection":[{"href":"https:\/\/eloficiodehistoriar.com.mx\/index.php?rest_route=\/wp\/v2\/posts"}],"about":[{"href":"https:\/\/eloficiodehistoriar.com.mx\/index.php?rest_route=\/wp\/v2\/types\/post"}],"author":[{"embeddable":true,"href":"https:\/\/eloficiodehistoriar.com.mx\/index.php?rest_route=\/wp\/v2\/users\/249"}],"replies":[{"embeddable":true,"href":"https:\/\/eloficiodehistoriar.com.mx\/index.php?rest_route=%2Fwp%2Fv2%2Fcomments&post=11606"}],"version-history":[{"count":3,"href":"https:\/\/eloficiodehistoriar.com.mx\/index.php?rest_route=\/wp\/v2\/posts\/11606\/revisions"}],"predecessor-version":[{"id":11610,"href":"https:\/\/eloficiodehistoriar.com.mx\/index.php?rest_route=\/wp\/v2\/posts\/11606\/revisions\/11610"}],"wp:featuredmedia":[{"embeddable":true,"href":"https:\/\/eloficiodehistoriar.com.mx\/index.php?rest_route=\/wp\/v2\/media\/11607"}],"wp:attachment":[{"href":"https:\/\/eloficiodehistoriar.com.mx\/index.php?rest_route=%2Fwp%2Fv2%2Fmedia&parent=11606"}],"wp:term":[{"taxonomy":"category","embeddable":true,"href":"https:\/\/eloficiodehistoriar.com.mx\/index.php?rest_route=%2Fwp%2Fv2%2Fcategories&post=11606"},{"taxonomy":"post_tag","embeddable":true,"href":"https:\/\/eloficiodehistoriar.com.mx\/index.php?rest_route=%2Fwp%2Fv2%2Ftags&post=11606"}],"curies":[{"name":"wp","href":"https:\/\/api.w.org\/{rel}","templated":true}]}}