{"id":11613,"date":"2015-06-27T11:11:39","date_gmt":"2015-06-27T17:11:39","guid":{"rendered":"https:\/\/eloficiodehistoriar.com.mx\/?p=11613"},"modified":"2015-06-27T11:11:39","modified_gmt":"2015-06-27T17:11:39","slug":"relata-autor-el-esplendor-del-hotel-regis-y-memorias-de-la-capital-del-pais","status":"publish","type":"post","link":"https:\/\/eloficiodehistoriar.com.mx\/?p=11613","title":{"rendered":"Relata autor el esplendor del hotel Regis y memorias de la capital del pa\u00eds"},"content":{"rendered":"<p class=\"ecxMsoNormal\" style=\"text-align: justify;\"><b>Relata autor el esplendor del hotel Regis y memorias de la capital del pa\u00eds<\/b><\/p>\n<p class=\"ecxMsoNormal\" style=\"text-align: justify;\">Ese protagonista del siglo XX figura en un libro<\/p>\n<p class=\"ecxMsoNormal\" style=\"text-align: justify;\">Ah\u00ed se cerraron diputaciones y senadur\u00edas, dice Sergio Peralta a La Jornada<\/p>\n<p class=\"ecxMsoNormal\" style=\"text-align: justify;\">Las cosas estaban m\u00e1s centralizadas que ahora y todo se ten\u00eda que hacer en la ciudad de M\u00e9xico<\/p>\n<p class=\"ecxMsoNormal\" style=\"text-align: justify;\">Sergio Peralta Sandoval convierte al hotel Regis, que estaba en el centro de la ciudad de M\u00e9xico, en un personaje, testigo de desfiles revolucionarios y manifestaciones, quiz\u00e1s algunas similares a las de hoy; vio pasar el avi\u00f3n de Amelia Earhart, la desaparecida piloto estadunidense, explica a La Jornada<\/p>\n<p class=\"ecxMsoNormal\" style=\"text-align: justify;\">Reyes Mart\u00ednez Torrijos<\/p>\n<p class=\"ecxMsoNormal\" style=\"text-align: justify;\">\u00a0La Jornada<\/p>\n<p class=\"ecxMsoNormal\" style=\"text-align: justify;\">El hotel Regis, ubicado en el coraz\u00f3n de la ciudad de M\u00e9xico durante 70 a\u00f1os, alberg\u00f3 a pol\u00edticos encumbrados, reconocidos intelectuales y actores; fue testigo de hechos hist\u00f3ricos que ocurrieron dentro y ante sus puertas y fue destruido por el terremoto de 1985. Este es el tema de la memoria que con el mismo nombre publica Sergio Peralta Sandoval.<\/p>\n<p class=\"ecxMsoNormal\" style=\"text-align: justify;\">\n<p class=\"ecxMsoNormal\" style=\"text-align: justify;\">El libro Hotel Regis: un protagonista del siglo XX (Diana) recorre los a\u00f1os de esplendor del conocido sitio de hospedaje, con decenas de an\u00e9cdotas sobre sus espacios como el Capri, billares, ba\u00f1os de vapor, su fuente de sodas; testigo de la inauguraci\u00f3n del Palacio de Bellas Artes, en 1934, y de la Torre Latinoamericana en 1956.<\/p>\n<p class=\"ecxMsoNormal\">\n<p class=\"ecxMsoNormal\">La idea es rescatar esas memorias de la ciudad de M\u00e9xico y de este importante punto de reuni\u00f3n del pa\u00eds, mostrarlas a quienes no las conocen y volcar algunos gratos recuerdos de quienes vivieron buena parte de esto, expresa a La Jornada Peralta Sandoval, quien vivi\u00f3 en el hotel mientras su padre lo administraba y luego asumi\u00f3 el cargo que aquel dej\u00f3.<\/p>\n<p class=\"ecxMsoNormal\">\n<p class=\"ecxMsoNormal\">Aloj\u00f3 al peri\u00f3dico El Imparcial<\/p>\n<p class=\"ecxMsoNormal\">\n<p class=\"ecxMsoNormal\">El edificio, situado a un costado de la Alameda Central, se construy\u00f3 para albergar el peri\u00f3dico El Imparcial, de Rafael Reyes Sp\u00edndola, quien tras sufrir problemas econ\u00f3micos lo vendi\u00f3. Para 1914, Rodolfo Montes adquiri\u00f3 la propiedad con el nombre de Hotel Regis, que sobrevivi\u00f3 hasta 1985.<\/p>\n<p class=\"ecxMsoNormal\">\n<p class=\"ecxMsoNormal\">Hacia 1944 pas\u00f3 a manos de Anacarsis Carcho Peralta D\u00edaz Ceballos. Desde entonces, recuerda Sergio Peralta, lo empieza a modificar, lo transforma; ah\u00ed nace El Capri, el restaurante Paolo, y la taberna El Greco y estableci\u00f3 una de las primeras fuentes de sodas que hubo en M\u00e9xico.<\/p>\n<p class=\"ecxMsoNormal\">\n<p class=\"ecxMsoNormal\">El hotel Regis reuni\u00f3 en la fuente de sodas a actores como \u201cJorge Negrete, Antonio Bad\u00fa y Rub\u00e9n Rojo; al compositor de tango Mariano Mores; a intelectuales y muchas personas de la \u00e9poca y much\u00edsimas historias.<\/p>\n<p class=\"ecxMsoNormal\">\n<p class=\"ecxMsoNormal\">Los ba\u00f1os de vapor del Regis fueron superconocidos por famosos quienes llegaban. Todos los pol\u00edticos, toreros; ah\u00ed se cerraron diputaciones, senadur\u00edas. Arreglos pol\u00edticos y econ\u00f3micos. Much\u00edsimas personas tomaban el Regis como oficina o extensi\u00f3n de su casa, refiere Peralta Sandoval.<\/p>\n<p class=\"ecxMsoNormal\">\n<p class=\"ecxMsoNormal\">Y agrega: La \u00e9poca de esplendor del Regis ocurri\u00f3 a la par del de la ciudad de M\u00e9xico. Estaba en el coraz\u00f3n y eso le permiti\u00f3 vivir una serie de acontecimientos: desfiles revolucionarios, manifestaciones de todo tipo, quiz\u00e1s algunas similares a las que vivimos ahora; vio el avi\u00f3n de Amelia Earhart, la famosa piloto estadunidense.<\/p>\n<p class=\"ecxMsoNormal\">\n<p class=\"ecxMsoNormal\">Resume: Las cosas estaban m\u00e1s centralizadas que ahora. Cualquier persona que deseaba arreglar un asunto burocr\u00e1tico, pol\u00edtico, de negocios, lo ten\u00eda que hacer en la ciudad de M\u00e9xico. \u00bfD\u00f3nde lo hac\u00eda? En el Regis, porque sab\u00eda que ah\u00ed converg\u00eda todo.<\/p>\n","protected":false},"excerpt":{"rendered":"<p>Relata autor el esplendor del hotel Regis y memorias de la capital del pa\u00eds Ese protagonista del siglo XX figura en un libro Ah\u00ed se cerraron diputaciones y senadur\u00edas, dice Sergio Peralta a La Jornada Las cosas estaban m\u00e1s centralizadas que ahora y todo se ten\u00eda que hacer en la ciudad de M\u00e9xico Sergio Peralta [&hellip;]<\/p>\n","protected":false},"author":249,"featured_media":11614,"comment_status":"open","ping_status":"closed","sticky":false,"template":"","format":"standard","meta":{"footnotes":""},"categories":[1],"tags":[],"class_list":["post-11613","post","type-post","status-publish","format-standard","has-post-thumbnail","hentry","category-sin-categoria"],"_links":{"self":[{"href":"https:\/\/eloficiodehistoriar.com.mx\/index.php?rest_route=\/wp\/v2\/posts\/11613","targetHints":{"allow":["GET"]}}],"collection":[{"href":"https:\/\/eloficiodehistoriar.com.mx\/index.php?rest_route=\/wp\/v2\/posts"}],"about":[{"href":"https:\/\/eloficiodehistoriar.com.mx\/index.php?rest_route=\/wp\/v2\/types\/post"}],"author":[{"embeddable":true,"href":"https:\/\/eloficiodehistoriar.com.mx\/index.php?rest_route=\/wp\/v2\/users\/249"}],"replies":[{"embeddable":true,"href":"https:\/\/eloficiodehistoriar.com.mx\/index.php?rest_route=%2Fwp%2Fv2%2Fcomments&post=11613"}],"version-history":[{"count":1,"href":"https:\/\/eloficiodehistoriar.com.mx\/index.php?rest_route=\/wp\/v2\/posts\/11613\/revisions"}],"predecessor-version":[{"id":11615,"href":"https:\/\/eloficiodehistoriar.com.mx\/index.php?rest_route=\/wp\/v2\/posts\/11613\/revisions\/11615"}],"wp:featuredmedia":[{"embeddable":true,"href":"https:\/\/eloficiodehistoriar.com.mx\/index.php?rest_route=\/wp\/v2\/media\/11614"}],"wp:attachment":[{"href":"https:\/\/eloficiodehistoriar.com.mx\/index.php?rest_route=%2Fwp%2Fv2%2Fmedia&parent=11613"}],"wp:term":[{"taxonomy":"category","embeddable":true,"href":"https:\/\/eloficiodehistoriar.com.mx\/index.php?rest_route=%2Fwp%2Fv2%2Fcategories&post=11613"},{"taxonomy":"post_tag","embeddable":true,"href":"https:\/\/eloficiodehistoriar.com.mx\/index.php?rest_route=%2Fwp%2Fv2%2Ftags&post=11613"}],"curies":[{"name":"wp","href":"https:\/\/api.w.org\/{rel}","templated":true}]}}