{"id":11621,"date":"2015-07-02T10:39:54","date_gmt":"2015-07-02T16:39:54","guid":{"rendered":"https:\/\/eloficiodehistoriar.com.mx\/?p=11621"},"modified":"2015-07-02T10:48:52","modified_gmt":"2015-07-02T16:48:52","slug":"jacobo-zabludovsky-fallecio","status":"publish","type":"post","link":"https:\/\/eloficiodehistoriar.com.mx\/?p=11621","title":{"rendered":"Jacobo Zabludovsky, falleci\u00f3"},"content":{"rendered":"<p class=\"ecxMsoNormal\" align=\"center\"><b>Jacobo Zabludovsky, falleci\u00f3<\/b><\/p>\n<p class=\"ecxMsoNormal\">El periodista Jacobo Zabludovsky falleci\u00f3 la madrugada de este jueves por un derrame cerebral en el hospital ABC, donde se encontraba internado por una deshidrataci\u00f3n, se inform\u00f3 en la cadena Televisa.<\/p>\n<p class=\"ecxMsoNormal\">Zabludovsky llevaba una semana hospitalizado y muri\u00f3 de un derrame cerebral, dijo a la televisora Arturo Corona, productor del programa que conduc\u00eda en radio.<\/p>\n<p class=\"ecxMsoNormal\">La levaye (funeral jud\u00edo) se llevar\u00e1 a cabo este jueves a las 13:00 horas en el Pante\u00f3n Antiguo, inform\u00f3 el periodista Joaqu\u00edn L\u00f3pez D\u00f3riga v\u00eda Twitter.<\/p>\n<p class=\"ecxMsoNormal\">Leyenda del periodismo de la segunda mitad del siglo XX en nuestro pa\u00eds, y de los primeros tres lustros de este, Jacobo Zabludovsky Kravesky naci\u00f3 en la Ciudad de M\u00e9xico el 24 de mayo de 1928. Se gradu\u00f3 como licenciado en Derecho de la Facultad de Derecho de la Universidad Universidad Nacional Aut\u00f3noma de M\u00e9xico (UNAM).<\/p>\n<p class=\"ecxMsoNormal\">En 1946, a la edad de 18 a\u00f1os, inici\u00f3 sus actividades period\u00edsticas en Cadena Radio Continental, donde se desempe\u00f1\u00f3 como ayudante de redactor de noticias. Un a\u00f1o despu\u00e9s ingres\u00f3 a XEX-AM como subjefe de Servicios Informativos.<\/p>\n<p class=\"ecxMsoNormal\">Dos a\u00f1os despu\u00e9s, en 1950, con el inicio mismo de la televisi\u00f3n en M\u00e9xico, trabaj\u00f3 en la producci\u00f3n y direcci\u00f3n de los primeros noticieros de la televisi\u00f3n mexicana, medio de comunicaci\u00f3n al que estuvo ligado la mayor parte de su vida.<\/p>\n<p class=\"ecxMsoNormal\">Condujo durante 27 a\u00f1os el noticiero 24 Horas, espacio noticioso que marc\u00f3 una \u00e9poca en la historia de la televisi\u00f3n mexicana en la segunda mitad del siglo pasado. Lo hizo hasta 1998, cuando por decisiones de los directivos de Televisa dej\u00f3 la conducci\u00f3n; dos a\u00f1os despu\u00e9s renunciar\u00eda a la empresa que hasta ese entonces fue su casa, como \u00e9l mismo la definiera.<\/p>\n<p class=\"ecxMsoNormal\">Esta renuncia se da en solidaridad con su hijo Abraham Zabludovosky, quien dimite a dicha empresa tras conocer el nombramiento de Joaqu\u00edn L\u00f3pez D\u00f3riga como titular del noticiero estelar nocturno, despu\u00e9s de la salida de Guillermo Ortega, quien hab\u00eda sustituido a su padre dos a\u00f1os atr\u00e1s.<\/p>\n<p class=\"ecxMsoNormal\">Tras su salida de la empresa televisiva, Jacobo Zabludosky regres\u00f3 a la radio en 2001, para conducir de manera muy exitosa el noticiero de \u201cDe una Tres\u201d, en la estaci\u00f3n La 69, del Grupo Radio Centro, que r\u00e1pidamente se convirti\u00f3 en el programa de noticias con mayor audiencia.<\/p>\n<p class=\"ecxMsoNormal\">Cuestionado por su papel al frente del noticiero televisivo por casi tres d\u00e9cadas, donde se le se\u00f1al\u00f3 como el vocero del presidencialismo, en su paso final por la radio, vivi\u00f3 una transformaci\u00f3n, con un periodismo m\u00e1s cr\u00edtico y renovador, donde se le percibi\u00f3 con una mayor libertad.<\/p>\n<p class=\"ecxMsoNormal\">En su larga trayectoria period\u00edstica, es memorable su cr\u00f3nica radiof\u00f3nica de los primeros momentos tras el sismo de 1985 en la capital del pa\u00eds, cuando desde el tel\u00e9fono de su autom\u00f3vil, sin se\u00f1al de televisi\u00f3n, narr\u00f3 el mayor desastre natural sufrido por la ciudad de M\u00e9xico desde la \u00e9poca de la Conquista.<\/p>\n<p class=\"ecxMsoNormal\">Con casi 70 a\u00f1os dedicados al oficio period\u00edstico, Jacobo Zabludovsky ha dado cuenta de numerosos hechos de trascendencia hist\u00f3rica, como el triunfo de la Revoluci\u00f3n Cubana y la llegada del hombre a la Luna, por citar solo dos. Pero en su haber, est\u00e1 tambi\u00e9n las entrevistas a personajes de todas las esferas y \u00e1mbitos, como la de Salvador Dal\u00ed, Ernesto Che Guevara, Fidel Castro, Gabriel Garc\u00eda M\u00e1rquez y Mar\u00eda F\u00e9lix, entre otras.<\/p>\n<p class=\"ecxMsoNormal\">Periodista nato, amante del tango y de la fiesta brava, defensor de la Ciudad de M\u00e9xico, de su patrimonio cultural y arquitect\u00f3nico, Jacobo Zabludovsky recibi\u00f3 una larga lista de premios, condecoraciones, diplomas y nombramientos nacionales e internacionales.<\/p>\n<p class=\"ecxMsoNormal\">Solo algunas de estos galardones son: Dos premios Ondas, en Barcelona, Espa\u00f1a; La Orden de las Artes y las Letras, otorgado por el Ministerio de Asuntos Culturales de la Rep\u00fablica Francesa; el Primer Premio Internacional de Periodismo Rey de Espa\u00f1a; diez premios nacionales del certamen nacional de Periodismo en M\u00e9xico y doctores Honoris Causa de varias universidades, entre ellas la Hebrea de Jerusalem.<\/p>\n<p class=\"ecxMsoNormal\">Pero uno muy especial, que \u00e9l mismo defini\u00f3 como \u201cel mejor regalo de su vida\u201d, recibido el 24 de mayo de hace un a\u00f1o, justo en su cumplea\u00f1os n\u00famero 86, en la capital de Argentina: la Orden del Porte\u00f1o, entregada por la Asociaci\u00f3n Gardeliana de Buenos Aires, como un homenaje muy especial a un verdadero amante del tango y de su historia, y, por a\u00f1adidura, de Carlos Gardel, de quien pose\u00eda la colecci\u00f3n m\u00e1s grande de discos originales de quien se le conoce tambi\u00e9n con el sobrenombre ir\u00f3nico de \u201cEl Mudo\u201d.<\/p>\n","protected":false},"excerpt":{"rendered":"<p>Jacobo Zabludovsky, falleci\u00f3 El periodista Jacobo Zabludovsky falleci\u00f3 la madrugada de este jueves por un derrame cerebral en el hospital ABC, donde se encontraba internado por una deshidrataci\u00f3n, se inform\u00f3 en la cadena Televisa. Zabludovsky llevaba una semana hospitalizado y muri\u00f3 de un derrame cerebral, dijo a la televisora Arturo Corona, productor del programa que [&hellip;]<\/p>\n","protected":false},"author":249,"featured_media":11633,"comment_status":"open","ping_status":"closed","sticky":false,"template":"","format":"standard","meta":{"footnotes":""},"categories":[1],"tags":[],"class_list":["post-11621","post","type-post","status-publish","format-standard","has-post-thumbnail","hentry","category-sin-categoria"],"_links":{"self":[{"href":"https:\/\/eloficiodehistoriar.com.mx\/index.php?rest_route=\/wp\/v2\/posts\/11621","targetHints":{"allow":["GET"]}}],"collection":[{"href":"https:\/\/eloficiodehistoriar.com.mx\/index.php?rest_route=\/wp\/v2\/posts"}],"about":[{"href":"https:\/\/eloficiodehistoriar.com.mx\/index.php?rest_route=\/wp\/v2\/types\/post"}],"author":[{"embeddable":true,"href":"https:\/\/eloficiodehistoriar.com.mx\/index.php?rest_route=\/wp\/v2\/users\/249"}],"replies":[{"embeddable":true,"href":"https:\/\/eloficiodehistoriar.com.mx\/index.php?rest_route=%2Fwp%2Fv2%2Fcomments&post=11621"}],"version-history":[{"count":1,"href":"https:\/\/eloficiodehistoriar.com.mx\/index.php?rest_route=\/wp\/v2\/posts\/11621\/revisions"}],"predecessor-version":[{"id":11623,"href":"https:\/\/eloficiodehistoriar.com.mx\/index.php?rest_route=\/wp\/v2\/posts\/11621\/revisions\/11623"}],"wp:featuredmedia":[{"embeddable":true,"href":"https:\/\/eloficiodehistoriar.com.mx\/index.php?rest_route=\/wp\/v2\/media\/11633"}],"wp:attachment":[{"href":"https:\/\/eloficiodehistoriar.com.mx\/index.php?rest_route=%2Fwp%2Fv2%2Fmedia&parent=11621"}],"wp:term":[{"taxonomy":"category","embeddable":true,"href":"https:\/\/eloficiodehistoriar.com.mx\/index.php?rest_route=%2Fwp%2Fv2%2Fcategories&post=11621"},{"taxonomy":"post_tag","embeddable":true,"href":"https:\/\/eloficiodehistoriar.com.mx\/index.php?rest_route=%2Fwp%2Fv2%2Ftags&post=11621"}],"curies":[{"name":"wp","href":"https:\/\/api.w.org\/{rel}","templated":true}]}}