{"id":11624,"date":"2015-07-02T10:41:42","date_gmt":"2015-07-02T16:41:42","guid":{"rendered":"https:\/\/eloficiodehistoriar.com.mx\/?p=11624"},"modified":"2015-07-02T10:47:31","modified_gmt":"2015-07-02T16:47:31","slug":"zabludovsky-rescato-la-memoria-de-la-tragedia-que-cambio-a-mexico","status":"publish","type":"post","link":"https:\/\/eloficiodehistoriar.com.mx\/?p=11624","title":{"rendered":"Zabludovsky rescat\u00f3 la memoria de la tragedia que cambi\u00f3 a M\u00e9xico"},"content":{"rendered":"<p class=\"ecxbullet\">El entrevistar a sobrevivientes, dej\u00f3 ver que los sismos de 85 no son cosa del pasado<\/p>\n<h1>Zabludovsky rescat\u00f3 la memoria de la tragedia que cambi\u00f3 a M\u00e9xico<\/h1>\n<p class=\"summary\">Como hace dos d\u00e9cadas, en otra jornada reporteril recre\u00f3 la cr\u00f3nica de aquel suceso<\/p>\n<p class=\"ecxauthor\">ARTURO GARCIA HERNANDEZ<\/p>\n<p class=\"ecxauthor\">A 20 a\u00f1os de los sismos que cambiaron para siempre la faz de la ciudad de M\u00e9xico y la vida de sus habitantes, el reportero que se llama Jacobo Zabludovsky volvi\u00f3 a hacer una jornada period\u00edstica memorable, ejemplar.<\/p>\n<p>Y demostr\u00f3 que el mejor periodismo no s\u00f3lo informa a corto plazo, sino que puede trascender su inmediatez, su fugacidad, y volverse historia: memoria. Memoria.<\/p>\n<p>Seg\u00fan estad\u00edsticas de poblaci\u00f3n, la mitad de los habitantes actuales de la ciudad ten\u00eda menos de cinco a\u00f1os de edad o no hab\u00eda nacido hace 20 a\u00f1os. El peor desastre que ha sufrido la urbe en toda su historia es, para ese sector de la poblaci\u00f3n, una referencia m\u00e1s o menos lejana.<\/p>\n<p>Pero qu\u00e9 sucede cuando el reportero que se apellida Zabludovsky reproduce las entrevistas que hizo aquel d\u00eda y, adem\u00e1s, vuelve a hablar con la mayor parte de aquellos a los que entrevist\u00f3. Entonces el desastre y la tragedia dejan de ser una referencia abstracta y adquieren nombre y apellido.<\/p>\n<p>Si un hombre, el due\u00f1o de la cafeter\u00eda Superleche que estaba en Eje Central, cuenta c\u00f3mo perdi\u00f3 a su madre y a su hermana; si una mujer que hasta entonces era ama de casa perdi\u00f3 un brazo en el siniestro y recuerda que bajo una losa de concreto vio morir a su esposo y a su hija; si un reci\u00e9n nacido permaneci\u00f3 varios d\u00edas bajo los escombros del Hospital Ju\u00e1rez y hoy vive para contarlo, los que escuchan se enteran de que el terremoto no es algo del pasado, sigue presente, de un modo u otro, en la vida de todos.<\/p>\n<p>Aparte de las cuestiones particulares de cada caso, Zabludovsky les hizo a pr\u00e1cticamente todos sus entrevistados la siguiente pregunta: \u00ab\u00bfDe qu\u00e9 manera el temblor cambi\u00f3 su vida en lo personal o en lo profesional?\u00bb<\/p>\n<p>No se trataba de una interrogaci\u00f3n ociosa: las respuestas dejaron ver claro que los sismos de 1985 no son cosa del pasado, que su impacto sigue teniendo efecto en todos los aspectos actuales de la vida nacional.<\/p>\n<p>Tal como lo anunci\u00f3, a las seis de la ma\u00f1ana en punto el periodista empez\u00f3 la transmisi\u00f3n del programa radiof\u00f3nico especial\u00a0<em>20 a\u00f1os despu\u00e9s<\/em>, por medio de Radio Red y otras estaciones del grupo Radio Centro. El eje del programa fue la reproducci\u00f3n fragmentada de la cr\u00f3nica que hace dos d\u00e9cadas transmiti\u00f3 por la XEW de Televisa. Con la televisi\u00f3n fuera del aire y las l\u00edneas telef\u00f3nicas colapsadas, para mucha gente fue la \u00fanica manera de saber las dimensiones de la tragedia.<\/p>\n<p>El programa empez\u00f3 con una entrevista con Alejandro Encinas, jefe de Gobierno del DF, sobre los planes de emergencia con que cuenta la ciudad. Minutos despu\u00e9s Zabludovsky y su equipo dieron cuenta de la ceremonia conmemorativa que se llev\u00f3 a cabo en el Z\u00f3calo, encabezada por el presidente Vicente Fox.<\/p>\n<p>Posteriormente, Miguel de la Madrid Hurtado -presidente en ese tiempo- le dijo al periodista con inefable desparpajo que la respuesta de su gobierno ante la emergencia hab\u00eda sido oportuna y suficiente. Y asimismo elogi\u00f3 la labor del entonces regente Ram\u00f3n Aguirre: \u00abTrabaj\u00f3 ma\u00f1ana tarde y noche e hizo una espl\u00e9ndida tarea\u00bb.<\/p>\n<p>Veinte a\u00f1os despu\u00e9s, el ex presidente tiene tiempo para dedicarse a leer, a la m\u00fasica y a escribir.<\/p>\n<p>Despu\u00e9s, de manera continua hasta las nueve de la noche, se sucedieron los testimonios: pasados y presentes. Zabludovsky confront\u00f3 los testimonios de hace 20 a\u00f1os con los de ahora.<\/p>\n<p>El del polic\u00eda, el del m\u00e9dico que se neg\u00f3 a abandonar su hospital; el del reportero de Televisa que se salv\u00f3 porque esa ma\u00f1ana lleg\u00f3 tarde al trabajo; el de la costurera que vio morir a 300 o 400 compa\u00f1eras de oficio, y a partir de eso tom\u00f3 cociencia de sus derechos como trabajadora y como mujer; el del joven de 20 a\u00f1os que entonces era un reci\u00e9n nacido y sobrevivi\u00f3 sin da\u00f1o tres d\u00edas bajo los escombros del hospital Ju\u00e1rez; el testimonio de la mujer que perdi\u00f3 su casa, su esposo, una hija y un brazo; el de la madre que no acaba de llorar a su hijo que ten\u00eda un futuro prometedor como reportero; el del due\u00f1o de la cafeter\u00eda Superleche que regresaba de hacer ejercicio cuando vio en ruinas e incendiado el edificio, entre cuyos restos estaban su madre y su hermana.<\/p>\n<p>Imposible registrar aqu\u00ed todo los testimonios y su carga de dolor, tristeza, hero\u00edsmo, resentimiento, generosidad, abnegaci\u00f3n, rabia e incluso optimismo.<\/p>\n<p>De lo que no puede quedar duda, es que todos aquellos que eran muy peque\u00f1os o no hab\u00edan nacido hace 20 a\u00f1os, y escucharon el programa especial del reportero que se llama Jacobo Zabludovsky, quiz\u00e1 podr\u00e1n entender mejor que el terremoto del 19 de septiembre de 1985, y su r\u00e9plica del d\u00eda 20, modific\u00f3 para siempre la vida en la ciudad y sus habitantes.<\/p>\n","protected":false},"excerpt":{"rendered":"<p>El entrevistar a sobrevivientes, dej\u00f3 ver que los sismos de 85 no son cosa del pasado Zabludovsky rescat\u00f3 la memoria de la tragedia que cambi\u00f3 a M\u00e9xico Como hace dos d\u00e9cadas, en otra jornada reporteril recre\u00f3 la cr\u00f3nica de aquel suceso ARTURO GARCIA HERNANDEZ A 20 a\u00f1os de los sismos que cambiaron para siempre la [&hellip;]<\/p>\n","protected":false},"author":249,"featured_media":11625,"comment_status":"open","ping_status":"closed","sticky":false,"template":"","format":"standard","meta":{"footnotes":""},"categories":[1],"tags":[],"class_list":["post-11624","post","type-post","status-publish","format-standard","has-post-thumbnail","hentry","category-sin-categoria"],"_links":{"self":[{"href":"https:\/\/eloficiodehistoriar.com.mx\/index.php?rest_route=\/wp\/v2\/posts\/11624","targetHints":{"allow":["GET"]}}],"collection":[{"href":"https:\/\/eloficiodehistoriar.com.mx\/index.php?rest_route=\/wp\/v2\/posts"}],"about":[{"href":"https:\/\/eloficiodehistoriar.com.mx\/index.php?rest_route=\/wp\/v2\/types\/post"}],"author":[{"embeddable":true,"href":"https:\/\/eloficiodehistoriar.com.mx\/index.php?rest_route=\/wp\/v2\/users\/249"}],"replies":[{"embeddable":true,"href":"https:\/\/eloficiodehistoriar.com.mx\/index.php?rest_route=%2Fwp%2Fv2%2Fcomments&post=11624"}],"version-history":[{"count":2,"href":"https:\/\/eloficiodehistoriar.com.mx\/index.php?rest_route=\/wp\/v2\/posts\/11624\/revisions"}],"predecessor-version":[{"id":11632,"href":"https:\/\/eloficiodehistoriar.com.mx\/index.php?rest_route=\/wp\/v2\/posts\/11624\/revisions\/11632"}],"wp:featuredmedia":[{"embeddable":true,"href":"https:\/\/eloficiodehistoriar.com.mx\/index.php?rest_route=\/wp\/v2\/media\/11625"}],"wp:attachment":[{"href":"https:\/\/eloficiodehistoriar.com.mx\/index.php?rest_route=%2Fwp%2Fv2%2Fmedia&parent=11624"}],"wp:term":[{"taxonomy":"category","embeddable":true,"href":"https:\/\/eloficiodehistoriar.com.mx\/index.php?rest_route=%2Fwp%2Fv2%2Fcategories&post=11624"},{"taxonomy":"post_tag","embeddable":true,"href":"https:\/\/eloficiodehistoriar.com.mx\/index.php?rest_route=%2Fwp%2Fv2%2Ftags&post=11624"}],"curies":[{"name":"wp","href":"https:\/\/api.w.org\/{rel}","templated":true}]}}