{"id":11664,"date":"2015-07-18T15:00:36","date_gmt":"2015-07-18T21:00:36","guid":{"rendered":"https:\/\/eloficiodehistoriar.com.mx\/?p=11664"},"modified":"2015-07-18T15:00:36","modified_gmt":"2015-07-18T21:00:36","slug":"75-mananitas-toledianas","status":"publish","type":"post","link":"https:\/\/eloficiodehistoriar.com.mx\/?p=11664","title":{"rendered":"75 Ma\u00f1anitas toledianas"},"content":{"rendered":"<p class=\"ecxMsoNormal\">75 Ma\u00f1anitas toledianas<\/p>\n<p class=\"ecxMsoNormal\">Elena Poniatowska<\/p>\n<p class=\"ecxMsoNormal\">Francisco Toledo, el pasado 23 de abril, D\u00eda Internacional del Libro, que el artista celebr\u00f3 en la capital de Oaxaca vendiendo ejemplares de la Editorial Calamus.<\/p>\n<p class=\"ecxMsoNormal\">\u00bfQui\u00e9n le pone alas a 43 fotitos tama\u00f1o pasaporte y las echa a volar en la plaza p\u00fablica?<\/p>\n<p class=\"ecxMsoNormal\">\u00bfQui\u00e9n corre con 43 papalotes de la mano hasta elevarlos al cielo?<\/p>\n<p class=\"ecxMsoNormal\">\u00bfA qui\u00e9n quieren llevarse en la calle?<\/p>\n<p class=\"ecxMsoNormal\">Qui\u00e9n cuida a ese gran jard\u00edn llamado Oaxaca?<\/p>\n<p class=\"ecxMsoNormal\">\u00bfQui\u00e9n protege los bosques de los Chimalapas?<\/p>\n<p class=\"ecxMsoNormal\">\u00bfQui\u00e9n abraza al Cerro del Fort\u00edn?<\/p>\n<p class=\"ecxMsoNormal\">\u00bfQui\u00e9n nos pide que comamos pistaches porque necesita sus c\u00e1scaras para el cuadro que est\u00e1 pintando?<\/p>\n<p class=\"ecxMsoNormal\">\u00bfQui\u00e9n rompe los pilares de oro y plata de todas las do\u00f1as Blancas que andan en busca de su jicotillo?<\/p>\n<p class=\"ecxMsoNormal\">\u00bfQui\u00e9n nos dispara las chelas?<\/p>\n<p class=\"ecxMsoNormal\">\u00bfA qui\u00e9n peinan las iguanas del Istmo?<\/p>\n<p class=\"ecxMsoNormal\">\u00bfQui\u00e9n tiene alas de petate?<\/p>\n<p class=\"ecxMsoNormal\">\u00bfQui\u00e9n rescata el ma\u00edz?<\/p>\n<p class=\"ecxMsoNormal\">\u00bfQui\u00e9n tiene risa de mazorca?<\/p>\n<p class=\"ecxMsoNormal\">A ver \u00bfqui\u00e9n?<\/p>\n","protected":false},"excerpt":{"rendered":"<p>75 Ma\u00f1anitas toledianas Elena Poniatowska Francisco Toledo, el pasado 23 de abril, D\u00eda Internacional del Libro, que el artista celebr\u00f3 en la capital de Oaxaca vendiendo ejemplares de la Editorial Calamus. \u00bfQui\u00e9n le pone alas a 43 fotitos tama\u00f1o pasaporte y las echa a volar en la plaza p\u00fablica? \u00bfQui\u00e9n corre con 43 papalotes de [&hellip;]<\/p>\n","protected":false},"author":249,"featured_media":11665,"comment_status":"open","ping_status":"closed","sticky":false,"template":"","format":"standard","meta":{"footnotes":""},"categories":[1],"tags":[],"class_list":["post-11664","post","type-post","status-publish","format-standard","has-post-thumbnail","hentry","category-sin-categoria"],"_links":{"self":[{"href":"https:\/\/eloficiodehistoriar.com.mx\/index.php?rest_route=\/wp\/v2\/posts\/11664","targetHints":{"allow":["GET"]}}],"collection":[{"href":"https:\/\/eloficiodehistoriar.com.mx\/index.php?rest_route=\/wp\/v2\/posts"}],"about":[{"href":"https:\/\/eloficiodehistoriar.com.mx\/index.php?rest_route=\/wp\/v2\/types\/post"}],"author":[{"embeddable":true,"href":"https:\/\/eloficiodehistoriar.com.mx\/index.php?rest_route=\/wp\/v2\/users\/249"}],"replies":[{"embeddable":true,"href":"https:\/\/eloficiodehistoriar.com.mx\/index.php?rest_route=%2Fwp%2Fv2%2Fcomments&post=11664"}],"version-history":[{"count":1,"href":"https:\/\/eloficiodehistoriar.com.mx\/index.php?rest_route=\/wp\/v2\/posts\/11664\/revisions"}],"predecessor-version":[{"id":11666,"href":"https:\/\/eloficiodehistoriar.com.mx\/index.php?rest_route=\/wp\/v2\/posts\/11664\/revisions\/11666"}],"wp:featuredmedia":[{"embeddable":true,"href":"https:\/\/eloficiodehistoriar.com.mx\/index.php?rest_route=\/wp\/v2\/media\/11665"}],"wp:attachment":[{"href":"https:\/\/eloficiodehistoriar.com.mx\/index.php?rest_route=%2Fwp%2Fv2%2Fmedia&parent=11664"}],"wp:term":[{"taxonomy":"category","embeddable":true,"href":"https:\/\/eloficiodehistoriar.com.mx\/index.php?rest_route=%2Fwp%2Fv2%2Fcategories&post=11664"},{"taxonomy":"post_tag","embeddable":true,"href":"https:\/\/eloficiodehistoriar.com.mx\/index.php?rest_route=%2Fwp%2Fv2%2Ftags&post=11664"}],"curies":[{"name":"wp","href":"https:\/\/api.w.org\/{rel}","templated":true}]}}